{"id":67678,"date":"2025-02-23T14:27:31","date_gmt":"2025-02-23T12:27:31","guid":{"rendered":"https:\/\/orheifm.live\/index.php\/2025\/02\/23\/focuri-de-arma-in-plina-strada-la-chisinau-ce-spune-politia\/"},"modified":"2025-02-23T14:27:31","modified_gmt":"2025-02-23T12:27:31","slug":"focuri-de-arma-in-plina-strada-la-chisinau-ce-spune-politia","status":"publish","type":"post","link":"https:\/\/orheifm.live\/index.php\/2025\/02\/23\/focuri-de-arma-in-plina-strada-la-chisinau-ce-spune-politia\/","title":{"rendered":"Focuri de arm\u0103 \u00een plin\u0103 strad\u0103 la Chi\u0219in\u0103u: ce spune poli\u021bia"},"content":{"rendered":"<div>\n<p><strong>Conflict cu focuri de arm\u0103 \u00een sectorul Ciocana. Potrivit imaginilor postare pe re\u021bele, doi tineri s-au luat la pumni pe o strad\u0103 din sectorul Ciocana, iar la un moment dat, unul dintre ei a scos arm\u0103 \u0219i a \u00eempu\u0219cat.<\/strong><\/p>\n<p>Contacta\u021bi de UNIMEDIA, ofi\u021bera de pres\u0103 a Direc\u021biei de Poli\u021bie a municipiului Chi\u0219in\u0103u, Svetlana Scripnic, a confirmat c\u0103 acest caz a avut loc pe data de 22 februarie, la intersec\u021bia str\u0103zilor Mircea cel B\u0103tr\u00een \u0219i Petru Zadnipru.<\/p>\n<p>\u201eConflictul a avut loc \u00eentre doi tineri de 22 \u0219i 29 de ani, care s-a soldat cu o alterca\u021bie. La un moment dat unul dintre ei a scos arma, de\u021binut\u0103 legal, \u0219i a efectuat o \u00eempu\u0219c\u0103tur\u0103 \u00een plan vertical.<\/p>\n<p>Imediat un echipaj al poli\u021biei a sosit la fa\u021ba locului, iar tinerii au fost condu\u0219i la Inspectoratul de Poli\u021bie. Nimeni nu s-a ales cu traume, iar poli\u021bia urmeaz\u0103 s\u0103 stabileasc\u0103 toate circumstan\u021bele\u201d, a declarat Svetlana Scripnic.<\/p>\n<\/div>\n","protected":false},"excerpt":{"rendered":"<div><img loading=\"lazy\" decoding=\"async\" width=\"696\" height=\"458\" src=\"https:\/\/canal5.md\/wp-content\/uploads\/2025\/02\/799569-optimized.webp\" class=\"attachment-large size-large wp-post-image\" alt=\"\" srcset=\"https:\/\/canal5.md\/wp-content\/uploads\/2025\/02\/799569-optimized.webp 760w, https:\/\/canal5.md\/wp-content\/uploads\/2025\/02\/799569-300x197-optimized.webp 300w, https:\/\/canal5.md\/wp-content\/uploads\/2025\/02\/799569-696x458-optimized.webp 696w\">Conflict cu focuri de arm\u0103 \u00een sectorul Ciocana. Potrivit imaginilor postare pe re\u021bele, doi tineri s-au luat la pumni pe o strad\u0103 din sectorul Ciocana, iar la un moment dat, unul dintre ei a scos arm\u0103 \u0219i a \u00eempu\u0219cat. Contacta\u021bi de UNIMEDIA, ofi\u021bera de pres\u0103 a Direc\u021biei de Poli\u021bie a municipiului Chi\u0219in\u0103u, Svetlana Scripnic, a [\u2026]<\/div>\n","protected":false},"author":1,"featured_media":67679,"comment_status":"closed","ping_status":"closed","sticky":false,"template":"","format":"standard","meta":{"jnews-multi-image_gallery":[],"jnews_single_post":[],"jnews_primary_category":[],"jnews_social_meta":[],"jnews_override_counter":[],"footnotes":""},"categories":[30],"tags":[],"class_list":["post-67678","post","type-post","status-publish","format-standard","has-post-thumbnail","hentry","category-social_ro"],"_links":{"self":[{"href":"https:\/\/orheifm.live\/index.php\/wp-json\/wp\/v2\/posts\/67678","targetHints":{"allow":["GET"]}}],"collection":[{"href":"https:\/\/orheifm.live\/index.php\/wp-json\/wp\/v2\/posts"}],"about":[{"href":"https:\/\/orheifm.live\/index.php\/wp-json\/wp\/v2\/types\/post"}],"author":[{"embeddable":true,"href":"https:\/\/orheifm.live\/index.php\/wp-json\/wp\/v2\/users\/1"}],"replies":[{"embeddable":true,"href":"https:\/\/orheifm.live\/index.php\/wp-json\/wp\/v2\/comments?post=67678"}],"version-history":[{"count":0,"href":"https:\/\/orheifm.live\/index.php\/wp-json\/wp\/v2\/posts\/67678\/revisions"}],"wp:featuredmedia":[{"embeddable":true,"href":"https:\/\/orheifm.live\/index.php\/wp-json\/wp\/v2\/media\/67679"}],"wp:attachment":[{"href":"https:\/\/orheifm.live\/index.php\/wp-json\/wp\/v2\/media?parent=67678"}],"wp:term":[{"taxonomy":"category","embeddable":true,"href":"https:\/\/orheifm.live\/index.php\/wp-json\/wp\/v2\/categories?post=67678"},{"taxonomy":"post_tag","embeddable":true,"href":"https:\/\/orheifm.live\/index.php\/wp-json\/wp\/v2\/tags?post=67678"}],"curies":[{"name":"wp","href":"https:\/\/api.w.org\/{rel}","templated":true}]}}