{"id":67670,"date":"2025-02-23T10:20:07","date_gmt":"2025-02-23T08:20:07","guid":{"rendered":"https:\/\/orheifm.live\/index.php\/2025\/02\/23\/a-mers-sa-si-faca-unghiile-si-a-disparut-moarte-suspecta-la-briceni-o-mama-a-3-copii-gasita-fara-suflare-in-gradina-medicii-zic-ca-de-hipotermie-dar-am-luat-o-de-la-mor\/"},"modified":"2025-02-23T10:20:07","modified_gmt":"2025-02-23T08:20:07","slug":"a-mers-sa-si-faca-unghiile-si-a-disparut-moarte-suspecta-la-briceni-o-mama-a-3-copii-gasita-fara-suflare-in-gradina-medicii-zic-ca-de-hipotermie-dar-am-luat-o-de-la-mor","status":"publish","type":"post","link":"https:\/\/orheifm.live\/index.php\/2025\/02\/23\/a-mers-sa-si-faca-unghiile-si-a-disparut-moarte-suspecta-la-briceni-o-mama-a-3-copii-gasita-fara-suflare-in-gradina-medicii-zic-ca-de-hipotermie-dar-am-luat-o-de-la-mor\/","title":{"rendered":"\u201eA mers s\u0103-\u0219i fac\u0103 unghiile \u0219i a disp\u0103rut\u201d: Moarte suspect\u0103 la Briceni. O mam\u0103 a 3 copii, g\u0103sit\u0103 f\u0103r\u0103 suflare \u00een gr\u0103din\u0103: \u201eMedicii zic c\u0103 de hipotermie, dar am luat-o de la morg\u0103 v\u00e2n\u0103t\u0103 \u0219i cu zg\u00e2rieturi pe fa\u021b\u0103\u201d"},"content":{"rendered":"<div>\n<p><strong>Rodica Lu\u021ba este o femeie din satul Colic\u0103u\u021bi raionul Briceni care trece prin cele mai grele momente din via\u021ba sa. Fiica ei a fost g\u0103sit\u0103 pe data de 31 ianuarie, moart\u0103, \u00een gr\u0103dina din curtea casei. \u201eAm luat-o de la morg\u0103 cu fond de ten pe fa\u021b\u0103, cu cotul rupt \u0219i urme de unghii pe fa\u021b\u0103, iar ei zic c\u0103 ea a murit de hipotermie\u201d, spune mama tinerei decedate. Femeia a declarat \u00een cadrul unui<a href=\"https:\/\/www.youtube.com\/watch?v=ZiIZsNYTbfI\">\u00a0interviu<\/a>\u00a0cu Adrian Prodan c\u0103 poli\u021bia nu vrea s\u0103 lucreze, chiar dac\u0103 e clar c\u0103 fiica ei \u201ea fost omor\u00e2t\u0103 \u0219i adus\u0103 \u00een gr\u0103din\u0103\u201d.<\/strong><\/p>\n<p><b>Am vorbit ultima data cu fata mea pe data de 29 decembrie, diminea\u021ba<\/b><\/p>\n<p>Copii ei mi-au spus c\u0103 ea a plecat la o vecin s\u0103-\u021bi fac\u0103 unghiile.Eu mereu eram contra la aceast\u0103 prietenie, \u00eei spuneam s\u0103 nu mearg\u0103 acolo pentru acolo sunt b\u0103t\u0103i, b\u0103utur\u0103, poli\u021bia. C\u00e2nd am v\u0103zut c\u0103 nepo\u021bii \u00eemi tot spun c\u0103 ea nu a revenit acas\u0103, atunci l-am trimis fiul s\u0103u s\u0103 o caute. \u00cen acea zi la vecini a fost \u0219i poli\u021bia au zis c\u0103 au fost b\u0103t\u0103i.<\/p>\n<p><b>Femeia crede c\u0103 vecina femeii decedate ar fi vinovat\u0103 de moarte acesteia<\/b><\/p>\n<p>\u201eLa ea a fost ultima dat\u0103, iar de atunci a disp\u0103rut. Eu \u00een acel moment nu eram acas\u0103, eram plecat\u0103 la munc\u0103 \u00een Fran\u021ba. Eram \u00eengrijorat\u0103, copii erau singuri acas\u0103, iar Marina nu ap\u0103rea. Am rugat atunci fiul s\u0103 mearg\u0103 s\u0103 dea focul la ei acas\u0103. Ea tr\u0103ia \u00eentr-o ograd\u0103 cu mama mea, care era sigur\u0103 c\u0103 ceva s-a \u00eent\u00e2mplat pentru c\u0103 ea niciodat\u0103 nu pleca de acas\u0103 pentru mai mult de 2-3 ore pentru c\u0103 tr\u0103ia singur\u0103, f\u0103r\u0103 b\u0103rbat\u201d, poveste\u0219te Rodica.<\/p>\n<p><b>A doua zi dup\u0103 dispari\u021bie, vecina a anun\u021bat c\u0103 a g\u0103sit geaca \u0219i \u00eenc\u0103l\u021b\u0103mintea Marinei \u00een gr\u0103dina ei<\/b><\/p>\n<p>\u201eLe-a scris copiilor mesaj precum c\u0103 scurta \u0219i papucii i-a g\u0103sit, dar pe Marina nu. Mie mii foarte interesant cum putea s\u0103 ajung\u0103 scurta \u0219i \u00eenc\u0103l\u021b\u0103minte ei \u00een gr\u0103dina lor, dac\u0103 ea afirm\u0103 c\u0103 fata mea a ie\u0219it normal de la ei din cas\u0103. Chiar nu i s-a p\u0103rut straniu? De ce a l\u0103sat lucrurile acolo pline de glod\u201d, poveste\u0219te Rodica.<\/p>\n<p><b>Iam zis fiului s\u0103 mearg\u0103 s\u0103 o caute peste tot, atunci m-a sunat \u0219i mi-a zis c\u0103 ea e moart\u0103 \u00een gr\u0103dina casei<\/b><\/p>\n<p>Dup\u0103 ce mi-am rugat fiul s\u0103 mearg\u0103 s\u0103 o caute, am fost telefonat\u0103 \u0219i rugat\u0103 s\u0103 vin imediat acas\u0103. Am \u00eentrebat ce s-a \u00eent\u00e2mplat, iar b\u0103iatul mi-a zis c\u0103 a g\u0103sit-o moart\u0103 \u00een gr\u0103din\u0103. Cum putea nimeni s\u0103 nu o g\u0103seasc\u0103 timp de at\u00e2tea zile? Era era toat\u0103 murdar\u0103 \u0219i cu burta goal\u0103<\/p>\n<p><b>Eu am ajuns acas\u0103 pe data de 2 ianuarie, iar pe data de 3 mi-am adus fiica de la morg\u0103 acas\u0103<\/b><\/p>\n<p>\u201ePersonalul de morg\u0103 mi-a explicat c\u0103 fiica mea a murit de hipotermie, dar nu mi-au zis c\u00e2nd \u0219i la ce or\u0103 a decedat. Eu c\u00e2nd am v\u0103zut-o nu-mi venea a crede c\u0103 e fiica mea, avea ochiul \u00eenfundat se vedea clar c\u0103 era p\u0103lit\u0103 \u00eentr-o parte. Cum putea ea a\u0219a s\u0103 se loveasc\u0103? Am fost la expert, dar ei nu vor s\u0103 se apuce s\u0103 lucreze. Nici hainele nu au fost luate la expertiz\u0103. \u00cen zon\u0103 sunt \u0219i camere de supraveghere, \u00eens\u0103, \u00een acea zi, tot ce s-a filmat a fost \u0219ters. Alt medic mi-a zis c\u0103 a f\u0103cut stop cardiac pentru c\u0103 a b\u0103ut bere cu vodc\u0103.<\/p>\n<p><b>C\u00e2nd am luat-o de la morg\u0103, Marina avea fond de ten pe fa\u021b\u0103, iar pe b\u0103rbie semne de unghii, de parc\u0103 cineva a \u021binut-o cu de-a sila \u0219i ia turnat alcool \u00een gur\u0103<\/b><\/p>\n<p>Mi-a p\u0103rut straniu, iar c\u00e2nd am ajuns acas\u0103 ne-am uitat pe corpul ei. Avea urme de degete pe piciorul fiicei. Cotul era rupt, m\u00e2na umflat\u0103 \u0219i fa\u021ba zg\u00e2riat\u0103. Mi-au zis c\u0103 avea 3 miligrame pe litru de alcool \u00een s\u00e2nge, dar oamenii la 2 nici nu se scoal\u0103 de pe scaun. Atunci am \u00een\u021beles c\u0103 fata mea a fost omor\u00e2t\u0103. De ce poli\u021bi\u0219tii de sector nu au interogat nici un vecin. Ea mi-a zis c\u0103 a fost, dar ei spun c\u0103 nimeni nu a fost la ei. Marina neag\u0103 c\u0103 ar fi lovit-o pe Marina \u0219i c\u0103 i-ar fi f\u0103cut vreun r\u0103u, dar nici m\u0103car la \u00eenmorm\u00e2ntare nu a venit, nici ea nici b\u0103rbatul ei.<\/p>\n<p><b>Femeia spune c\u0103 oamenii legii nu au deschis dosar penal pe acest caz<\/b><\/p>\n<p>\u201ePoli\u021bista mi-a zis c\u0103 ea nu are dreptul s\u0103 pun\u0103 c\u0103tu\u0219e cuiva, eu vreau s\u0103 \u0219tiu adev\u0103rul, s\u0103 \u0219tiu de ce ei ascund totul. Cine a pl\u0103tit morga, cine a pl\u0103tit expertiza? Eu am dat doar 200 de lei, dar restul 7 mii \u0219i ceva de lei eu nu \u0219tiu cine le-a achitat\u201d, a declarat femeia.<\/p>\n<p>Dup\u0103 dou\u0103 luni de la tragedie, cazul st\u0103 pe loc, iar femeia \u00eencearc\u0103 cu orice pre\u021b s\u0103 afle adev\u0103rul. Vezi mai jos ce crede femeia despre moartea fiicei sale, dar \u0219i ce detalii din seara dispari\u021biei a aflat.<br \/>\n<iframe loading=\"lazy\" title=\"YouTube video player\" src=\"https:\/\/www.youtube.com\/embed\/ZiIZsNYTbfI?si=sAKyEMwKQnXmMWMT\" width=\"560\" height=\"315\" frameborder=\"0\" allowfullscreen=\"allowfullscreen\"><\/iframe><\/p>\n<p><a href=\"https:\/\/unimedia.info\/ro\/news\/de97258b30b948a2\/video-a-mers-sa-si-faca-unghiile-si-a-disparut-moarte-suspecta-la-briceni-o-mama-a-3-copii-gasita-fara-suflare-in-gradina-medicii-zic-ca-de-hipotermie-dar-am-luat-o-de-la-morga-vanata-si-cu-zgarieturi-pe-fata.html?utm_source=Site%20Widgets&amp;utm_medium=Last%20News%20Widget&amp;utm_campaign=Last%20News%20Widget\">unimedia.info<\/a><\/p>\n<\/div>\n","protected":false},"excerpt":{"rendered":"<div><img loading=\"lazy\" decoding=\"async\" width=\"696\" height=\"392\" src=\"https:\/\/canal5.md\/wp-content\/uploads\/2025\/02\/8f51240e813068948d18a24c91b0906156ab2155a9836692bce10cb4c75378ed-optimized.png\" class=\"attachment-large size-large wp-post-image\" alt=\"\" srcset=\"https:\/\/canal5.md\/wp-content\/uploads\/2025\/02\/8f51240e813068948d18a24c91b0906156ab2155a9836692bce10cb4c75378ed-optimized.png 800w, https:\/\/canal5.md\/wp-content\/uploads\/2025\/02\/8f51240e813068948d18a24c91b0906156ab2155a9836692bce10cb4c75378ed-300x169-optimized.png 300w, https:\/\/canal5.md\/wp-content\/uploads\/2025\/02\/8f51240e813068948d18a24c91b0906156ab2155a9836692bce10cb4c75378ed-768x432-optimized.png 768w, https:\/\/canal5.md\/wp-content\/uploads\/2025\/02\/8f51240e813068948d18a24c91b0906156ab2155a9836692bce10cb4c75378ed-696x392-optimized.png 696w\">Rodica Lu\u021ba este o femeie din satul Colic\u0103u\u021bi raionul Briceni care trece prin cele mai grele momente din via\u021ba sa. Fiica ei a fost g\u0103sit\u0103 pe data de 31 ianuarie, moart\u0103, \u00een gr\u0103dina din curtea casei. \u201eAm luat-o de la morg\u0103 cu fond de ten pe fa\u021b\u0103, cu cotul rupt \u0219i urme de unghii pe [\u2026]<\/div>\n","protected":false},"author":1,"featured_media":67671,"comment_status":"closed","ping_status":"closed","sticky":false,"template":"","format":"standard","meta":{"jnews-multi-image_gallery":[],"jnews_single_post":[],"jnews_primary_category":[],"jnews_social_meta":[],"jnews_override_counter":[],"footnotes":""},"categories":[30],"tags":[],"class_list":["post-67670","post","type-post","status-publish","format-standard","has-post-thumbnail","hentry","category-social_ro"],"_links":{"self":[{"href":"https:\/\/orheifm.live\/index.php\/wp-json\/wp\/v2\/posts\/67670","targetHints":{"allow":["GET"]}}],"collection":[{"href":"https:\/\/orheifm.live\/index.php\/wp-json\/wp\/v2\/posts"}],"about":[{"href":"https:\/\/orheifm.live\/index.php\/wp-json\/wp\/v2\/types\/post"}],"author":[{"embeddable":true,"href":"https:\/\/orheifm.live\/index.php\/wp-json\/wp\/v2\/users\/1"}],"replies":[{"embeddable":true,"href":"https:\/\/orheifm.live\/index.php\/wp-json\/wp\/v2\/comments?post=67670"}],"version-history":[{"count":0,"href":"https:\/\/orheifm.live\/index.php\/wp-json\/wp\/v2\/posts\/67670\/revisions"}],"wp:featuredmedia":[{"embeddable":true,"href":"https:\/\/orheifm.live\/index.php\/wp-json\/wp\/v2\/media\/67671"}],"wp:attachment":[{"href":"https:\/\/orheifm.live\/index.php\/wp-json\/wp\/v2\/media?parent=67670"}],"wp:term":[{"taxonomy":"category","embeddable":true,"href":"https:\/\/orheifm.live\/index.php\/wp-json\/wp\/v2\/categories?post=67670"},{"taxonomy":"post_tag","embeddable":true,"href":"https:\/\/orheifm.live\/index.php\/wp-json\/wp\/v2\/tags?post=67670"}],"curies":[{"name":"wp","href":"https:\/\/api.w.org\/{rel}","templated":true}]}}