{"id":67668,"date":"2025-02-23T09:46:21","date_gmt":"2025-02-23T07:46:21","guid":{"rendered":"https:\/\/orheifm.live\/index.php\/2025\/02\/23\/prognoza-meteo-pentru-23-februarie\/"},"modified":"2025-02-23T09:46:21","modified_gmt":"2025-02-23T07:46:21","slug":"prognoza-meteo-pentru-23-februarie","status":"publish","type":"post","link":"https:\/\/orheifm.live\/index.php\/2025\/02\/23\/prognoza-meteo-pentru-23-februarie\/","title":{"rendered":"Prognoza meteo pentru 23 februarie"},"content":{"rendered":"<div>\n<p><strong>Meteorologii prognozeaz\u0103 vreme rece.<\/strong><\/p>\n<p>Drumurile pot fi alunecoase, \u0219oferii \u0219i pietonii s\u00eent \u00eendemna\u021bi s\u0103 fie pruden\u021bi.<\/p>\n<p>Ziua, \u00een sudul \u021b\u0103rii, temperatura aerului va fi de +1\u2026+3\u00b0C.<\/p>\n<p>\u00cen centru se a\u0219teapt\u0103 0\u2026+2\u00b0C, iar \u00een nord termometrele vor indica -4\u2026-2\u00b0C.<\/p>\n<p>Temperatura minim\u0103 poate cobor\u00ee p\u00een\u0103 la -14 grade.<\/p>\n<\/div>\n","protected":false},"excerpt":{"rendered":"<div><img loading=\"lazy\" decoding=\"async\" width=\"696\" height=\"464\" src=\"https:\/\/canal5.md\/wp-content\/uploads\/2025\/02\/1585916522_17-p-serie-tuchi-27-1024x683-optimized.jpg\" class=\"attachment-large size-large wp-post-image\" alt=\"\" srcset=\"https:\/\/canal5.md\/wp-content\/uploads\/2025\/02\/1585916522_17-p-serie-tuchi-27-1024x683-optimized.jpg 1024w, https:\/\/canal5.md\/wp-content\/uploads\/2025\/02\/1585916522_17-p-serie-tuchi-27-300x200-optimized.jpg 300w, https:\/\/canal5.md\/wp-content\/uploads\/2025\/02\/1585916522_17-p-serie-tuchi-27-768x512-optimized.jpg 768w, https:\/\/canal5.md\/wp-content\/uploads\/2025\/02\/1585916522_17-p-serie-tuchi-27-696x464-optimized.jpg 696w, https:\/\/canal5.md\/wp-content\/uploads\/2025\/02\/1585916522_17-p-serie-tuchi-27-1068x712-optimized.jpg 1068w, https:\/\/canal5.md\/wp-content\/uploads\/2025\/02\/1585916522_17-p-serie-tuchi-27-optimized.jpg 1200w\">Meteorologii prognozeaz\u0103 vreme rece. Drumurile pot fi alunecoase, \u0219oferii \u0219i pietonii s\u00eent \u00eendemna\u021bi s\u0103 fie pruden\u021bi. Ziua, \u00een sudul \u021b\u0103rii, temperatura aerului va fi de +1\u2026+3\u00b0C. \u00cen centru se a\u0219teapt\u0103 0\u2026+2\u00b0C, iar \u00een nord termometrele vor indica -4\u2026-2\u00b0C. Temperatura minim\u0103 poate cobor\u00ee p\u00een\u0103 la -14 grade.<\/div>\n","protected":false},"author":1,"featured_media":67669,"comment_status":"closed","ping_status":"closed","sticky":false,"template":"","format":"standard","meta":{"jnews-multi-image_gallery":[],"jnews_single_post":[],"jnews_primary_category":[],"jnews_social_meta":[],"jnews_override_counter":[],"footnotes":""},"categories":[30],"tags":[],"class_list":["post-67668","post","type-post","status-publish","format-standard","has-post-thumbnail","hentry","category-social_ro"],"_links":{"self":[{"href":"https:\/\/orheifm.live\/index.php\/wp-json\/wp\/v2\/posts\/67668","targetHints":{"allow":["GET"]}}],"collection":[{"href":"https:\/\/orheifm.live\/index.php\/wp-json\/wp\/v2\/posts"}],"about":[{"href":"https:\/\/orheifm.live\/index.php\/wp-json\/wp\/v2\/types\/post"}],"author":[{"embeddable":true,"href":"https:\/\/orheifm.live\/index.php\/wp-json\/wp\/v2\/users\/1"}],"replies":[{"embeddable":true,"href":"https:\/\/orheifm.live\/index.php\/wp-json\/wp\/v2\/comments?post=67668"}],"version-history":[{"count":0,"href":"https:\/\/orheifm.live\/index.php\/wp-json\/wp\/v2\/posts\/67668\/revisions"}],"wp:featuredmedia":[{"embeddable":true,"href":"https:\/\/orheifm.live\/index.php\/wp-json\/wp\/v2\/media\/67669"}],"wp:attachment":[{"href":"https:\/\/orheifm.live\/index.php\/wp-json\/wp\/v2\/media?parent=67668"}],"wp:term":[{"taxonomy":"category","embeddable":true,"href":"https:\/\/orheifm.live\/index.php\/wp-json\/wp\/v2\/categories?post=67668"},{"taxonomy":"post_tag","embeddable":true,"href":"https:\/\/orheifm.live\/index.php\/wp-json\/wp\/v2\/tags?post=67668"}],"curies":[{"name":"wp","href":"https:\/\/api.w.org\/{rel}","templated":true}]}}