{"id":67664,"date":"2025-02-22T20:45:02","date_gmt":"2025-02-22T18:45:02","guid":{"rendered":"https:\/\/orheifm.live\/index.php\/2025\/02\/22\/echipa-lui-ilan-sor-din-balti-a-propus-ca-la-nivel-de-municipiu-anul-2025-sa-fie-declarat-anul-celei-de-a-80-a-aniversari-a-victoriei\/"},"modified":"2025-02-22T20:45:02","modified_gmt":"2025-02-22T18:45:02","slug":"echipa-lui-ilan-sor-din-balti-a-propus-ca-la-nivel-de-municipiu-anul-2025-sa-fie-declarat-anul-celei-de-a-80-a-aniversari-a-victoriei","status":"publish","type":"post","link":"https:\/\/orheifm.live\/index.php\/2025\/02\/22\/echipa-lui-ilan-sor-din-balti-a-propus-ca-la-nivel-de-municipiu-anul-2025-sa-fie-declarat-anul-celei-de-a-80-a-aniversari-a-victoriei\/","title":{"rendered":"Echipa lui Ilan \u0218or din B\u0103l\u021bi a propus ca, la nivel de municipiu, anul 2025 s\u0103 fie declarat Anul celei de-a 80-a anivers\u0103ri a Victoriei"},"content":{"rendered":"<div>\n<p><strong>Pre\u0219edintele frac\u021biunii \u201eBlocul Victorie\u201d din Consiliul municipal B\u0103l\u021bi, Veaceslav Jukov, a propus ca anul 2025 s\u0103 fie declarat Anul celei de-a 80-a anivers\u0103ri a Victoriei \u00een Marele R\u0103zboi pentru Ap\u0103rarea Patriei. El a men\u021bionat c\u0103 aceast\u0103 dat\u0103 este de mare importan\u021b\u0103 pentru majoritatea locuitorilor din B\u0103l\u021bi \u0219i face parte din codul lor cultural \u0219i genetic.<\/strong><\/p>\n<p>\u201e\u00cen condi\u021biile \u00een care ministerele de resort sunt angajate \u00een falsificarea faptelor istorice \u0219i denaturarea adev\u0103ratei istorii, c\u00e2nd, din anumite motive, le este sp\u0103lat\u0103 imaginea fasci\u0219tilor declara\u021bi \u00een manualele \u0219colare, este necesar s\u0103 p\u0103str\u0103m marea mo\u0219tenire a str\u0103bunicilor no\u0219tri\u201d, a subliniat Jukov \u00een timpul \u0219edin\u021bei Consiliului Municipal B\u0103l\u021bi.<\/p>\n<p>\u00cen viitorul apropiat, frac\u021biunea va prezenta un plan detaliat de evenimente dedicate aceastei date. Trebuie remarcat faptul c\u0103, \u00een G\u0103g\u0103uzia, anul 2025 a fost deja declarat oficial Anul celei de-a 80-a anivers\u0103ri a Victoriei \u00een Marele R\u0103zboi pentru Ap\u0103rarea Patriei. Autonomia organizeaz\u0103 evenimente educa\u021bionale, culturale \u0219i \u0219tiin\u021bifice dedicate acestei date.<\/p>\n<p>Grupul parlamentar \u201eVictorie\u201d a venit cu o ini\u021biativ\u0103 de a organiza evenimente de amploare \u00een \u00eentreaga \u021bar\u0103. Printre propunerile deputa\u021bilor se num\u0103r\u0103 \u00eent\u00e2lniri cu veteranii, \u00eengrijirea monumentelor, asisten\u021ba acordat\u0103 veteranilor \u0219i familiilor acestora, precum \u0219i instituirea unei medalii jubiliare. Proiectul de decizie corespunz\u0103tor a fost \u00eenregistrat \u00een Parlamentul Republicii. Cu toate acestea, deputa\u021bii PAS-i\u015fti au respins ini\u021biativa.<\/p>\n<p><img loading=\"lazy\" decoding=\"async\" class=\"alignnone size-medium wp-image-76506\" src=\"https:\/\/orheifm.live\/wp-content\/uploads\/2025\/02\/3-13-300x158-optimized.jpg\" alt=\"\" width=\"300\" height=\"158\" srcset=\"https:\/\/orheifm.live\/wp-content\/uploads\/2025\/02\/3-13-300x158-optimized.jpg 300w, https:\/\/canal5.md\/wp-content\/uploads\/2025\/02\/3-13-768x404-optimized.jpg 768w, https:\/\/canal5.md\/wp-content\/uploads\/2025\/02\/3-13-696x366-optimized.jpg 696w, https:\/\/canal5.md\/wp-content\/uploads\/2025\/02\/3-13-optimized.jpg 982w\" sizes=\"auto, (max-width: 300px) 100vw, 300px\"> <img loading=\"lazy\" decoding=\"async\" class=\"alignnone size-medium wp-image-76507\" src=\"https:\/\/orheifm.live\/wp-content\/uploads\/2025\/02\/2-58-300x186-optimized.jpg\" alt=\"\" width=\"300\" height=\"186\" srcset=\"https:\/\/orheifm.live\/wp-content\/uploads\/2025\/02\/2-58-300x186-optimized.jpg 300w, https:\/\/canal5.md\/wp-content\/uploads\/2025\/02\/2-58-768x475-optimized.jpg 768w, https:\/\/canal5.md\/wp-content\/uploads\/2025\/02\/2-58-696x431-optimized.jpg 696w, https:\/\/canal5.md\/wp-content\/uploads\/2025\/02\/2-58-optimized.jpg 923w\" sizes=\"auto, (max-width: 300px) 100vw, 300px\"><\/p>\n<\/div>\n","protected":false},"excerpt":{"rendered":"<div><img loading=\"lazy\" decoding=\"async\" width=\"696\" height=\"380\" src=\"https:\/\/canal5.md\/wp-content\/uploads\/2025\/02\/1-110-optimized.jpg\" class=\"attachment-large size-large wp-post-image\" alt=\"\" srcset=\"https:\/\/canal5.md\/wp-content\/uploads\/2025\/02\/1-110-optimized.jpg 800w, https:\/\/canal5.md\/wp-content\/uploads\/2025\/02\/1-110-300x164-optimized.jpg 300w, https:\/\/canal5.md\/wp-content\/uploads\/2025\/02\/1-110-768x420-optimized.jpg 768w, https:\/\/canal5.md\/wp-content\/uploads\/2025\/02\/1-110-696x380-optimized.jpg 696w\">Pre\u0219edintele frac\u021biunii \u201eBlocul Victorie\u201d din Consiliul municipal B\u0103l\u021bi, Veaceslav Jukov, a propus ca anul 2025 s\u0103 fie declarat Anul celei de-a 80-a anivers\u0103ri a Victoriei \u00een Marele R\u0103zboi pentru Ap\u0103rarea Patriei. El a men\u021bionat c\u0103 aceast\u0103 dat\u0103 este de mare importan\u021b\u0103 pentru majoritatea locuitorilor din B\u0103l\u021bi \u0219i face parte din codul lor cultural \u0219i genetic. [\u2026]<\/div>\n","protected":false},"author":1,"featured_media":67665,"comment_status":"closed","ping_status":"closed","sticky":false,"template":"","format":"standard","meta":{"jnews-multi-image_gallery":[],"jnews_single_post":[],"jnews_primary_category":[],"jnews_social_meta":[],"jnews_override_counter":[],"footnotes":""},"categories":[23],"tags":[],"class_list":["post-67664","post","type-post","status-publish","format-standard","has-post-thumbnail","hentry","category-politica_ro"],"_links":{"self":[{"href":"https:\/\/orheifm.live\/index.php\/wp-json\/wp\/v2\/posts\/67664","targetHints":{"allow":["GET"]}}],"collection":[{"href":"https:\/\/orheifm.live\/index.php\/wp-json\/wp\/v2\/posts"}],"about":[{"href":"https:\/\/orheifm.live\/index.php\/wp-json\/wp\/v2\/types\/post"}],"author":[{"embeddable":true,"href":"https:\/\/orheifm.live\/index.php\/wp-json\/wp\/v2\/users\/1"}],"replies":[{"embeddable":true,"href":"https:\/\/orheifm.live\/index.php\/wp-json\/wp\/v2\/comments?post=67664"}],"version-history":[{"count":0,"href":"https:\/\/orheifm.live\/index.php\/wp-json\/wp\/v2\/posts\/67664\/revisions"}],"wp:featuredmedia":[{"embeddable":true,"href":"https:\/\/orheifm.live\/index.php\/wp-json\/wp\/v2\/media\/67665"}],"wp:attachment":[{"href":"https:\/\/orheifm.live\/index.php\/wp-json\/wp\/v2\/media?parent=67664"}],"wp:term":[{"taxonomy":"category","embeddable":true,"href":"https:\/\/orheifm.live\/index.php\/wp-json\/wp\/v2\/categories?post=67664"},{"taxonomy":"post_tag","embeddable":true,"href":"https:\/\/orheifm.live\/index.php\/wp-json\/wp\/v2\/tags?post=67664"}],"curies":[{"name":"wp","href":"https:\/\/api.w.org\/{rel}","templated":true}]}}