{"id":67659,"date":"2025-02-22T20:14:09","date_gmt":"2025-02-22T18:14:09","guid":{"rendered":"https:\/\/orheifm.live\/index.php\/2025\/02\/22\/autoritatile-moldovei-ar-putea-impiedica-celebrarea-a-80-de-ani-de-la-victorie\/"},"modified":"2025-02-22T20:14:09","modified_gmt":"2025-02-22T18:14:09","slug":"autoritatile-moldovei-ar-putea-impiedica-celebrarea-a-80-de-ani-de-la-victorie","status":"publish","type":"post","link":"https:\/\/orheifm.live\/index.php\/2025\/02\/22\/autoritatile-moldovei-ar-putea-impiedica-celebrarea-a-80-de-ani-de-la-victorie\/","title":{"rendered":"Autorit\u0103\u021bile Moldovei ar putea \u00eempiedica celebrarea a 80 de ani de la Victorie"},"content":{"rendered":"<div>\n<p><strong>Deputatul Parlamentului Republicii Moldova din partea blocului \u201eVictorie\u201d, Vadim Fotescu, \u0219i-a exprimat \u00eengrijorarea c\u0103 autorit\u0103\u021bile ar putea \u00eempiedica organizarea evenimentelor dedicate celei de-a 80-a aniversare a Victoriei \u00een Marele R\u0103zboi pentru Ap\u0103rarea Patriei. Declara\u021bia a fost f\u0103cut\u0103 \u00een cadrul \u0219edin\u021bei Comitetului Na\u021bional de Coordonare \u201eVictorie\u201d.<\/strong><\/p>\n<p>\u201eAnul acesta va fi unul dificil din punct de vedere politic \u0219i suntem siguri c\u0103 actuala guvernare va \u00eencerca prin toate mijloacele s\u0103 \u00eempiedice aceste evenimente. Deja vedem tentative de rescriere a istoriei \u00een manualele \u0219colare\u201d, a declarat Fotescu.<\/p>\n<p>Potrivit acestuia, are loc o lupt\u0103 pentru genera\u021bia t\u00e2n\u0103r\u0103, c\u0103reia i se \u00eencearc\u0103 inocularea ideii c\u0103 nu a existat o Mare Victorie, ci doar un r\u0103zboi. Deputatul a amintit declara\u021biile pre\u0219edintelui referitoare la mare\u0219alul Rom\u00e2niei Ion Antonescu, care au fost interpretate ca av\u00e2nd o pozi\u021bie ambigu\u0103 privind rolul acestuia \u00een istorie.<\/p>\n<p>\u201eObiectivul nostru principal este s\u0103 nu permitem acest lucru \u0219i s\u0103 lupt\u0103m pentru genera\u021bia t\u00e2n\u0103r\u0103, care va continua calea noastr\u0103, calea Victoriei\u201d, a subliniat parlamentarul.<\/p>\n<p>De asemenea, Vadim Fotescu a vorbit despre evenimentele preg\u0103tite de blocul \u201eVictorie\u201d pentru aniversarea a 80 de ani de la Victorie. \u00cen perioada urm\u0103toare, va fi lansat un program de restaurare \u0219i \u00eentre\u021binere a monumentelor dedicate eroilor Marelui R\u0103zboi pentru Ap\u0103rarea Patriei.<\/p>\n<p>\u00cen Orhei, este planificat\u0103 reabilitarea pl\u0103cilor memoriale cu numele a peste 400 de eroi c\u0103zu\u021bi. \u00cen B\u0103l\u021bi, liderul frac\u021biunii \u201eVictorie\u201d, Veaceslav Jukov, a propus ca anul 2025 s\u0103 fie declarat anul celei de-a 80-a anivers\u0103ri a Victoriei la nivel regional. \u00cen G\u0103g\u0103uzia, aceast\u0103 decizie a fost deja adoptat\u0103, a men\u021bionat parlamentarul.<\/p>\n<p>Vadim Fotescu a mai subliniat c\u0103 trebuie s\u0103 cinstim memoria celor c\u0103zu\u021bi \u0219i s\u0103 avem grij\u0103 de veterani nu doar pe 9 Mai, ci pe tot parcursul anului.<\/p>\n<p><img loading=\"lazy\" decoding=\"async\" class=\"alignnone wp-image-76498 size-full\" src=\"https:\/\/orheifm.live\/wp-content\/uploads\/2025\/02\/6-4-optimized.jpg\" alt=\"\" width=\"320\" height=\"240\" srcset=\"https:\/\/orheifm.live\/wp-content\/uploads\/2025\/02\/6-4-optimized.jpg 320w, https:\/\/canal5.md\/wp-content\/uploads\/2025\/02\/6-4-300x225-optimized.jpg 300w\" sizes=\"auto, (max-width: 320px) 100vw, 320px\"> <img loading=\"lazy\" decoding=\"async\" class=\"alignnone wp-image-76499 size-full\" src=\"https:\/\/orheifm.live\/wp-content\/uploads\/2025\/02\/5-6-optimized.jpg\" alt=\"\" width=\"320\" height=\"240\" srcset=\"https:\/\/orheifm.live\/wp-content\/uploads\/2025\/02\/5-6-optimized.jpg 320w, https:\/\/canal5.md\/wp-content\/uploads\/2025\/02\/5-6-300x225-optimized.jpg 300w\" sizes=\"auto, (max-width: 320px) 100vw, 320px\"> <img loading=\"lazy\" decoding=\"async\" class=\"alignnone wp-image-76500 size-full\" src=\"https:\/\/orheifm.live\/wp-content\/uploads\/2025\/02\/bez-imeni-optimized.jpg\" alt=\"\" width=\"320\" height=\"240\" srcset=\"https:\/\/orheifm.live\/wp-content\/uploads\/2025\/02\/bez-imeni-optimized.jpg 320w, https:\/\/canal5.md\/wp-content\/uploads\/2025\/02\/bez-imeni-300x225-optimized.jpg 300w\" sizes=\"auto, (max-width: 320px) 100vw, 320px\"><\/p>\n<\/div>\n","protected":false},"excerpt":{"rendered":"<div><img loading=\"lazy\" decoding=\"async\" width=\"240\" height=\"320\" src=\"https:\/\/canal5.md\/wp-content\/uploads\/2025\/02\/65h7rl-2025-02-22-40-03_7-optimized.jpg\" class=\"attachment-large size-large wp-post-image\" alt=\"\" srcset=\"https:\/\/canal5.md\/wp-content\/uploads\/2025\/02\/65h7rl-2025-02-22-40-03_7-optimized.jpg 240w, https:\/\/canal5.md\/wp-content\/uploads\/2025\/02\/65h7rl-2025-02-22-40-03_7-225x300-optimized.jpg 225w\">Deputatul Parlamentului Republicii Moldova din partea blocului \u201eVictorie\u201d, Vadim Fotescu, \u0219i-a exprimat \u00eengrijorarea c\u0103 autorit\u0103\u021bile ar putea \u00eempiedica organizarea evenimentelor dedicate celei de-a 80-a aniversare a Victoriei \u00een Marele R\u0103zboi pentru Ap\u0103rarea Patriei. Declara\u021bia a fost f\u0103cut\u0103 \u00een cadrul \u0219edin\u021bei Comitetului Na\u021bional de Coordonare \u201eVictorie\u201d. \u201eAnul acesta va fi unul dificil din punct de vedere [\u2026]<\/div>\n","protected":false},"author":1,"featured_media":67660,"comment_status":"closed","ping_status":"closed","sticky":false,"template":"","format":"standard","meta":{"jnews-multi-image_gallery":[],"jnews_single_post":[],"jnews_primary_category":[],"jnews_social_meta":[],"jnews_override_counter":[],"footnotes":""},"categories":[23],"tags":[],"class_list":["post-67659","post","type-post","status-publish","format-standard","has-post-thumbnail","hentry","category-politica_ro"],"_links":{"self":[{"href":"https:\/\/orheifm.live\/index.php\/wp-json\/wp\/v2\/posts\/67659","targetHints":{"allow":["GET"]}}],"collection":[{"href":"https:\/\/orheifm.live\/index.php\/wp-json\/wp\/v2\/posts"}],"about":[{"href":"https:\/\/orheifm.live\/index.php\/wp-json\/wp\/v2\/types\/post"}],"author":[{"embeddable":true,"href":"https:\/\/orheifm.live\/index.php\/wp-json\/wp\/v2\/users\/1"}],"replies":[{"embeddable":true,"href":"https:\/\/orheifm.live\/index.php\/wp-json\/wp\/v2\/comments?post=67659"}],"version-history":[{"count":0,"href":"https:\/\/orheifm.live\/index.php\/wp-json\/wp\/v2\/posts\/67659\/revisions"}],"wp:featuredmedia":[{"embeddable":true,"href":"https:\/\/orheifm.live\/index.php\/wp-json\/wp\/v2\/media\/67660"}],"wp:attachment":[{"href":"https:\/\/orheifm.live\/index.php\/wp-json\/wp\/v2\/media?parent=67659"}],"wp:term":[{"taxonomy":"category","embeddable":true,"href":"https:\/\/orheifm.live\/index.php\/wp-json\/wp\/v2\/categories?post=67659"},{"taxonomy":"post_tag","embeddable":true,"href":"https:\/\/orheifm.live\/index.php\/wp-json\/wp\/v2\/tags?post=67659"}],"curies":[{"name":"wp","href":"https:\/\/api.w.org\/{rel}","templated":true}]}}