{"id":67657,"date":"2025-02-22T16:33:19","date_gmt":"2025-02-22T14:33:19","guid":{"rendered":"https:\/\/orheifm.live\/index.php\/2025\/02\/22\/probleme-la-vama-leuseni-albita-activitate-ingreunata\/"},"modified":"2025-02-22T16:33:19","modified_gmt":"2025-02-22T14:33:19","slug":"probleme-la-vama-leuseni-albita-activitate-ingreunata","status":"publish","type":"post","link":"https:\/\/orheifm.live\/index.php\/2025\/02\/22\/probleme-la-vama-leuseni-albita-activitate-ingreunata\/","title":{"rendered":"Probleme la vama Leu\u0219eni \u2013 Albi\u021ba: activitate \u00eengreunat\u0103"},"content":{"rendered":"<div>\n<p><strong>Serviciul Vamal informeaz\u0103 c\u0103, la postul vamal de frontier\u0103 Leu\u0219eni \u2013 Albi\u021ba, pe sensul de ie\u0219ire din Republica Moldova, curentul electric a fost stopat din cauza unei avarii pe partea rom\u00e2n\u0103, transmite <a href=\"https:\/\/noi.md\/md\/societate\/probleme-la-vama-leuseni-albita-activitate-ingreunata\">noi.md<\/a><\/strong><\/p>\n<p>\u00cen aceste condi\u021bii, activitatea se desf\u0103\u0219oar\u0103 prin prelucrarea manual\u0103 a datelor \u0219i utilizarea echipamentului portativ special. Autorit\u0103\u021bile de control la frontier\u0103 fac apel c\u0103tre c\u0103l\u0103tori s\u0103 manifeste \u00een\u021belegere, r\u0103bdare \u0219i disciplin\u0103, respect\u00eend regulile privind aflarea \u0219i traversarea frontierei de stat.<\/p>\n<p>Totodat\u0103, pentru reducerea timpului de a\u0219teptare \u0219i traversare, se recomand\u0103 optarea pentru toate posturile vamale de frontier\u0103 disponibile.<br \/>\n<strong><br \/>\n<\/strong><\/p>\n<\/div>\n","protected":false},"excerpt":{"rendered":"<div><img loading=\"lazy\" decoding=\"async\" width=\"696\" height=\"458\" src=\"https:\/\/canal5.md\/wp-content\/uploads\/2025\/02\/799498-optimized.webp\" class=\"attachment-large size-large wp-post-image\" alt=\"\" srcset=\"https:\/\/canal5.md\/wp-content\/uploads\/2025\/02\/799498-optimized.webp 760w, https:\/\/canal5.md\/wp-content\/uploads\/2025\/02\/799498-300x197-optimized.webp 300w, https:\/\/canal5.md\/wp-content\/uploads\/2025\/02\/799498-696x458-optimized.webp 696w\">Serviciul Vamal informeaz\u0103 c\u0103, la postul vamal de frontier\u0103 Leu\u0219eni \u2013 Albi\u021ba, pe sensul de ie\u0219ire din Republica Moldova, curentul electric a fost stopat din cauza unei avarii pe partea rom\u00e2n\u0103, transmite noi.md \u00cen aceste condi\u021bii, activitatea se desf\u0103\u0219oar\u0103 prin prelucrarea manual\u0103 a datelor \u0219i utilizarea echipamentului portativ special. Autorit\u0103\u021bile de control la frontier\u0103 fac [\u2026]<\/div>\n","protected":false},"author":1,"featured_media":67658,"comment_status":"closed","ping_status":"closed","sticky":false,"template":"","format":"standard","meta":{"jnews-multi-image_gallery":[],"jnews_single_post":[],"jnews_primary_category":[],"jnews_social_meta":[],"jnews_override_counter":[],"footnotes":""},"categories":[30],"tags":[],"class_list":["post-67657","post","type-post","status-publish","format-standard","has-post-thumbnail","hentry","category-social_ro"],"_links":{"self":[{"href":"https:\/\/orheifm.live\/index.php\/wp-json\/wp\/v2\/posts\/67657","targetHints":{"allow":["GET"]}}],"collection":[{"href":"https:\/\/orheifm.live\/index.php\/wp-json\/wp\/v2\/posts"}],"about":[{"href":"https:\/\/orheifm.live\/index.php\/wp-json\/wp\/v2\/types\/post"}],"author":[{"embeddable":true,"href":"https:\/\/orheifm.live\/index.php\/wp-json\/wp\/v2\/users\/1"}],"replies":[{"embeddable":true,"href":"https:\/\/orheifm.live\/index.php\/wp-json\/wp\/v2\/comments?post=67657"}],"version-history":[{"count":0,"href":"https:\/\/orheifm.live\/index.php\/wp-json\/wp\/v2\/posts\/67657\/revisions"}],"wp:featuredmedia":[{"embeddable":true,"href":"https:\/\/orheifm.live\/index.php\/wp-json\/wp\/v2\/media\/67658"}],"wp:attachment":[{"href":"https:\/\/orheifm.live\/index.php\/wp-json\/wp\/v2\/media?parent=67657"}],"wp:term":[{"taxonomy":"category","embeddable":true,"href":"https:\/\/orheifm.live\/index.php\/wp-json\/wp\/v2\/categories?post=67657"},{"taxonomy":"post_tag","embeddable":true,"href":"https:\/\/orheifm.live\/index.php\/wp-json\/wp\/v2\/tags?post=67657"}],"curies":[{"name":"wp","href":"https:\/\/api.w.org\/{rel}","templated":true}]}}