{"id":67655,"date":"2025-02-22T14:32:12","date_gmt":"2025-02-22T12:32:12","guid":{"rendered":"https:\/\/orheifm.live\/index.php\/2025\/02\/22\/moartea-proprietarului-la-sarkis-comunitatea-armeana-nu-crede-in-versiunea-suicidului-si-sustine-ca-ar-fi-vorba-despre-un-accident\/"},"modified":"2025-02-22T14:32:12","modified_gmt":"2025-02-22T12:32:12","slug":"moartea-proprietarului-la-sarkis-comunitatea-armeana-nu-crede-in-versiunea-suicidului-si-sustine-ca-ar-fi-vorba-despre-un-accident","status":"publish","type":"post","link":"https:\/\/orheifm.live\/index.php\/2025\/02\/22\/moartea-proprietarului-la-sarkis-comunitatea-armeana-nu-crede-in-versiunea-suicidului-si-sustine-ca-ar-fi-vorba-despre-un-accident\/","title":{"rendered":"Moartea proprietarului \u201eLa Sarkis\u201d. Comunitatea armean\u0103 nu crede \u00een versiunea \u201esuicidului\u201d \u0219i sus\u021bine c\u0103 ar fi vorba despre un \u201eaccident\u201d"},"content":{"rendered":"<div>\n<p><strong>Comunitatea Armean\u0103 din Republica Moldova depl\u00e2nge decesul lui Romeo Zacarean, un om de afaceri din capital\u0103 \u0219i proprietarul celebrului local din Chi\u0219in\u0103u, \u201eLa Sarkis\u201d. B\u0103rbatul a fost g\u0103sit f\u0103r\u0103 suflare ieri seara, cu o plag\u0103 de \u00eempu\u0219c\u0103tur\u0103.<\/strong><\/p>\n<p>\u00cen mesajul de condolean\u021be al Comunit\u0103\u021bii Armene, se precizeaz\u0103 c\u0103 tragicul deces ar fi survenit \u00een urma utiliz\u0103rii \u201enecorespunz\u0103toare a unei arme de foc\u201d.<\/p>\n<p><i>\u201eCu profund\u0103 triste\u021be anun\u021b\u0103m c\u0103 a trecut \u00een nefiin\u021b\u0103 compatriotul nostru Romeo Zacarean \u2013 proprietarul restaurantului La Sarkis. Aceast\u0103 pierdere tragic\u0103 a survenit \u00een urma unui accident cauzat de manipularea necorespunz\u0103toare a unei arme de foc\u201d,\u00a0<\/i>se arat\u0103 \u00een mesaj.<\/p>\n<p>Comunitatea Armean\u0103 din RM a transmis, de asemenea, condolean\u021be familiei \u00eendurerate \u0219i apropia\u021bilor lui Romeo Zacarean.<\/p>\n<p><i>\u201eTransmitem sincere condolean\u021be familiei \u0219i celor apropia\u021bi. \u00cen aceste momente grele, suntem al\u0103turi de voi \u00een dure<\/i>re\u201d, mai este notat \u00een mesaj.<\/p>\n<p>Amintim c\u0103 proprietarul localului \u201eLa Sarkis\u201d a fost depistat f\u0103r\u0103 suflare ieri seara \u0219i cu o plag\u0103 de \u00eempu\u0219c\u0103tur\u0103. Tragicul incident s-a produs la domiciliul acestuia, iar corpul ne\u00eensufle\u021bit al b\u0103rbatului a fost depistat de so\u021bie.<\/p>\n<p>Poli\u021bia investigheaz\u0103 toate circumstan\u021bele acestui caz, versiunea preliminar\u0103 fiind suicidul.<\/p>\n<p><a href=\"https:\/\/pulsmedia.md\/article\/a4ff57ec383ff90f\/moartea-proprietarului-la-sarkis-comunitatea-armeana-nu-crede-in-versiunea-suicidului-si-sustine-ca-ar-fi-vorba-despre-un-accident.html\"><strong>pulsmedia.md<\/strong><\/a><\/p>\n<\/div>\n","protected":false},"excerpt":{"rendered":"<div><img loading=\"lazy\" decoding=\"async\" width=\"696\" height=\"461\" src=\"https:\/\/canal5.md\/wp-content\/uploads\/2025\/02\/zakaryan-romeo-optimized.png\" class=\"attachment-large size-large wp-post-image\" alt=\"\" srcset=\"https:\/\/canal5.md\/wp-content\/uploads\/2025\/02\/zakaryan-romeo-optimized.png 915w, https:\/\/canal5.md\/wp-content\/uploads\/2025\/02\/zakaryan-romeo-300x199-optimized.png 300w, https:\/\/canal5.md\/wp-content\/uploads\/2025\/02\/zakaryan-romeo-768x509-optimized.png 768w, https:\/\/canal5.md\/wp-content\/uploads\/2025\/02\/zakaryan-romeo-696x461-optimized.png 696w\">Comunitatea Armean\u0103 din Republica Moldova depl\u00e2nge decesul lui Romeo Zacarean, un om de afaceri din capital\u0103 \u0219i proprietarul celebrului local din Chi\u0219in\u0103u, \u201eLa Sarkis\u201d. B\u0103rbatul a fost g\u0103sit f\u0103r\u0103 suflare ieri seara, cu o plag\u0103 de \u00eempu\u0219c\u0103tur\u0103. \u00cen mesajul de condolean\u021be al Comunit\u0103\u021bii Armene, se precizeaz\u0103 c\u0103 tragicul deces ar fi survenit \u00een urma utiliz\u0103rii [\u2026]<\/div>\n","protected":false},"author":1,"featured_media":67656,"comment_status":"closed","ping_status":"closed","sticky":false,"template":"","format":"standard","meta":{"jnews-multi-image_gallery":[],"jnews_single_post":[],"jnews_primary_category":[],"jnews_social_meta":[],"jnews_override_counter":[],"footnotes":""},"categories":[30],"tags":[],"class_list":["post-67655","post","type-post","status-publish","format-standard","has-post-thumbnail","hentry","category-social_ro"],"_links":{"self":[{"href":"https:\/\/orheifm.live\/index.php\/wp-json\/wp\/v2\/posts\/67655","targetHints":{"allow":["GET"]}}],"collection":[{"href":"https:\/\/orheifm.live\/index.php\/wp-json\/wp\/v2\/posts"}],"about":[{"href":"https:\/\/orheifm.live\/index.php\/wp-json\/wp\/v2\/types\/post"}],"author":[{"embeddable":true,"href":"https:\/\/orheifm.live\/index.php\/wp-json\/wp\/v2\/users\/1"}],"replies":[{"embeddable":true,"href":"https:\/\/orheifm.live\/index.php\/wp-json\/wp\/v2\/comments?post=67655"}],"version-history":[{"count":0,"href":"https:\/\/orheifm.live\/index.php\/wp-json\/wp\/v2\/posts\/67655\/revisions"}],"wp:featuredmedia":[{"embeddable":true,"href":"https:\/\/orheifm.live\/index.php\/wp-json\/wp\/v2\/media\/67656"}],"wp:attachment":[{"href":"https:\/\/orheifm.live\/index.php\/wp-json\/wp\/v2\/media?parent=67655"}],"wp:term":[{"taxonomy":"category","embeddable":true,"href":"https:\/\/orheifm.live\/index.php\/wp-json\/wp\/v2\/categories?post=67655"},{"taxonomy":"post_tag","embeddable":true,"href":"https:\/\/orheifm.live\/index.php\/wp-json\/wp\/v2\/tags?post=67655"}],"curies":[{"name":"wp","href":"https:\/\/api.w.org\/{rel}","templated":true}]}}