{"id":67653,"date":"2025-02-22T14:15:12","date_gmt":"2025-02-22T12:15:12","guid":{"rendered":"https:\/\/orheifm.live\/index.php\/2025\/02\/22\/tragedie-in-peru-trei-oameni-au-murit-si-74-au-fost-raniti-dupa-ce-un-acoperis-al-unui-mall-s-a-prabusit-cautarile-continua\/"},"modified":"2025-02-22T14:15:12","modified_gmt":"2025-02-22T12:15:12","slug":"tragedie-in-peru-trei-oameni-au-murit-si-74-au-fost-raniti-dupa-ce-un-acoperis-al-unui-mall-s-a-prabusit-cautarile-continua","status":"publish","type":"post","link":"https:\/\/orheifm.live\/index.php\/2025\/02\/22\/tragedie-in-peru-trei-oameni-au-murit-si-74-au-fost-raniti-dupa-ce-un-acoperis-al-unui-mall-s-a-prabusit-cautarile-continua\/","title":{"rendered":"Tragedie \u00een Peru. Trei oameni au murit \u0219i 74 au fost r\u0103ni\u021bi dup\u0103 ce un acoperi\u0219 al unui mall s-a pr\u0103bu\u0219it. C\u0103ut\u0103rile continu\u0103"},"content":{"rendered":"<div>\n<p><strong>Cel pu\u0163in trei persoane au murit \u015fi 74 au fost r\u0103nite \u00een urma pr\u0103bu\u015firii unui acoperi\u015f \u00een zona de restaurante a unui centru comercial din Peru, vineri sear\u0103, au anun\u0163at autorit\u0103\u0163ile peruane, potrivit First Post.<\/strong><\/p>\n<p>C\u0103ut\u0103rile pentru supravie\u021buitori continu\u0103. Tragedia s-a produs \u00een mall-ul din nord-vestul ora\u0219ului Trujillo, Real Plaza. Este al treilea ora\u015f din \u0163ar\u0103 ca num\u0103r de locuitori, aflat la circa 500 km nord de capitala Lima, relateaz\u0103 AFP, citat\u0103 de Agerpres.<\/p>\n<p>\u201e\u00cen acest stadiu, avem trei mor\u0163i, doi b\u0103rba\u0163i \u015fi o femeie\u201d, a declarat pentru canalul America TV comandantul Gelqui Gomez, un responsabil al pompierilor veni\u0163i la fa\u0163a locului.<\/p>\n<p><strong>Zece copii r\u0103ni\u021bi dup\u0103 pr\u0103bu\u0219irea acoperi\u0219ului<\/strong><\/p>\n<p>Ministerul de Interne a confirmat num\u0103rul de trei mor\u0163i \u00eentr-un mesaj publicat pe contul s\u0103u de X.<\/p>\n<p>\u201eAm evacuat 74 de r\u0103ni\u0163i, \u00eentre care zece copii, spre spitale \u015fi clinici. Exist\u0103 unsprezece r\u0103ni\u0163i grav\u201d, a declarat pentru postul de radio RPP Anibal Morillo, responsabil sanitar al guvernului local.<\/p>\n<p><strong>Opera\u0163iunile de salvare \u015fi c\u0103utare continu\u0103<\/strong><\/p>\n<p>La fa\u0163a locului, opera\u0163iunile de salvare \u015fi c\u0103utare continu\u0103, peste o sut\u0103 de pompieri \u015fi poli\u0163i\u015fti intervin. La momentul transmiterii \u0219tirii, Anibal Morillo a declarat c\u0103 un copil era \u00eenc\u0103 blocat sub structura de metal a acoperi\u015fului.<\/p>\n<p>Centrul regional de opera\u0163ii de urgen\u0163\u0103 a anun\u0163at pe X c\u0103 incidentul s-a produs vineri la ora local\u0103 20:41 (01.41 GMT s\u00e2mb\u0103t\u0103), dar nu a fost anun\u0163at dec\u00e2t o jum\u0103tate de or\u0103 mai t\u00e2rziu.<\/p>\n<p>\u201eAvem nevoie de o macara hidraulic\u0103 pentru a ridica partea acoperi\u015fului care nu a putut fi \u00eenc\u0103 ridicat\u0103 pentru c\u0103 este prea grea\u201d, a explicat pentru postul Canal N ministrul de interne, Juan Jos\u00e9 Santivanez.<\/p>\n<p><a href=\"https:\/\/www.digi24.ro\/stiri\/actualitate\/tragedie-in-peru-trei-oameni-au-murit-si-74-au-fost-raniti-dupa-ce-un-acoperis-al-unui-mall-s-a-prabusit-cautarile-continua-3131101\"><strong>digi24.ro<\/strong><\/a><\/p>\n<\/div>\n","protected":false},"excerpt":{"rendered":"<div><img loading=\"lazy\" decoding=\"async\" width=\"696\" height=\"393\" src=\"https:\/\/canal5.md\/wp-content\/uploads\/2025\/02\/mtdiymnkyjlin2uxnmrhmtjlnwi1mzzmntqzyjlkyg.thumb_-optimized.jpg\" class=\"attachment-large size-large wp-post-image\" alt=\"\" srcset=\"https:\/\/canal5.md\/wp-content\/uploads\/2025\/02\/mtdiymnkyjlin2uxnmrhmtjlnwi1mzzmntqzyjlkyg.thumb_-optimized.jpg 780w, https:\/\/canal5.md\/wp-content\/uploads\/2025\/02\/mtdiymnkyjlin2uxnmrhmtjlnwi1mzzmntqzyjlkyg.thumb_-300x169-optimized.jpg 300w, https:\/\/canal5.md\/wp-content\/uploads\/2025\/02\/mtdiymnkyjlin2uxnmrhmtjlnwi1mzzmntqzyjlkyg.thumb_-768x433-optimized.jpg 768w, https:\/\/canal5.md\/wp-content\/uploads\/2025\/02\/mtdiymnkyjlin2uxnmrhmtjlnwi1mzzmntqzyjlkyg.thumb_-696x393-optimized.jpg 696w\">Cel pu\u0163in trei persoane au murit \u015fi 74 au fost r\u0103nite \u00een urma pr\u0103bu\u015firii unui acoperi\u015f \u00een zona de restaurante a unui centru comercial din Peru, vineri sear\u0103, au anun\u0163at autorit\u0103\u0163ile peruane, potrivit First Post. C\u0103ut\u0103rile pentru supravie\u021buitori continu\u0103. Tragedia s-a produs \u00een mall-ul din nord-vestul ora\u0219ului Trujillo, Real Plaza. Este al treilea ora\u015f din [\u2026]<\/div>\n","protected":false},"author":1,"featured_media":67654,"comment_status":"closed","ping_status":"closed","sticky":false,"template":"","format":"standard","meta":{"jnews-multi-image_gallery":[],"jnews_single_post":[],"jnews_primary_category":[],"jnews_social_meta":[],"jnews_override_counter":[],"footnotes":""},"categories":[29],"tags":[],"class_list":["post-67653","post","type-post","status-publish","format-standard","has-post-thumbnail","hentry","category-externe_ro"],"_links":{"self":[{"href":"https:\/\/orheifm.live\/index.php\/wp-json\/wp\/v2\/posts\/67653","targetHints":{"allow":["GET"]}}],"collection":[{"href":"https:\/\/orheifm.live\/index.php\/wp-json\/wp\/v2\/posts"}],"about":[{"href":"https:\/\/orheifm.live\/index.php\/wp-json\/wp\/v2\/types\/post"}],"author":[{"embeddable":true,"href":"https:\/\/orheifm.live\/index.php\/wp-json\/wp\/v2\/users\/1"}],"replies":[{"embeddable":true,"href":"https:\/\/orheifm.live\/index.php\/wp-json\/wp\/v2\/comments?post=67653"}],"version-history":[{"count":0,"href":"https:\/\/orheifm.live\/index.php\/wp-json\/wp\/v2\/posts\/67653\/revisions"}],"wp:featuredmedia":[{"embeddable":true,"href":"https:\/\/orheifm.live\/index.php\/wp-json\/wp\/v2\/media\/67654"}],"wp:attachment":[{"href":"https:\/\/orheifm.live\/index.php\/wp-json\/wp\/v2\/media?parent=67653"}],"wp:term":[{"taxonomy":"category","embeddable":true,"href":"https:\/\/orheifm.live\/index.php\/wp-json\/wp\/v2\/categories?post=67653"},{"taxonomy":"post_tag","embeddable":true,"href":"https:\/\/orheifm.live\/index.php\/wp-json\/wp\/v2\/tags?post=67653"}],"curies":[{"name":"wp","href":"https:\/\/api.w.org\/{rel}","templated":true}]}}