{"id":67647,"date":"2025-02-22T10:17:32","date_gmt":"2025-02-22T08:17:32","guid":{"rendered":"https:\/\/orheifm.live\/index.php\/2025\/02\/22\/pe-22-februarie-vor-avea-loc-intreruperi-planificate-de-electricitate\/"},"modified":"2025-02-22T10:17:32","modified_gmt":"2025-02-22T08:17:32","slug":"pe-22-februarie-vor-avea-loc-intreruperi-planificate-de-electricitate","status":"publish","type":"post","link":"https:\/\/orheifm.live\/index.php\/2025\/02\/22\/pe-22-februarie-vor-avea-loc-intreruperi-planificate-de-electricitate\/","title":{"rendered":"Pe 22 februarie vor avea loc \u00eentreruperi planificate de electricitate"},"content":{"rendered":"<div>\n<p><strong>\u00ce.C.S Premier Energy Distribution S.A. informeaz\u0103 c\u0103, \u00een scopul \u00eembun\u0103t\u0103\u021birii serviciilor oferite clien\u021bilor, pe 22 februarie 2025 vor avea loc \u00eentreruperi planificate de electricitate \u00een intervalele de timp men\u021bionate mai jos:<\/strong><\/p>\n<ul>\n<li><strong>H\u00eence\u0219ti<\/strong>: s. S\u0103rata Galben\u0103: str. Fratii Solomon, Grigore Cotovschi, Independen\u021bei, Mihail Frunze, Serghei Lazo (par\u021bial), \u00eentre 09:00 \u0219i 13:00 pentru lucr\u0103ri de repara\u021bie a echipamentului electric.<\/li>\n<li><strong>Ialoveni<\/strong>: s. Sociteni: str. Mihai Viteazul, Sociteni, Tudor Ciorescu (par\u021bial), \u00eentre 10:00 \u0219i 17:00 pentru admiterea persoanelor ter\u021be \u00een instala\u021biile electrice.<\/li>\n<\/ul>\n<\/div>\n","protected":false},"excerpt":{"rendered":"<div><img loading=\"lazy\" decoding=\"async\" width=\"696\" height=\"392\" src=\"https:\/\/canal5.md\/wp-content\/uploads\/2025\/02\/45109_03ba8bb988809dab6a7d741f7b412698-optimized.jpg\" class=\"attachment-large size-large wp-post-image\" alt=\"\" srcset=\"https:\/\/canal5.md\/wp-content\/uploads\/2025\/02\/45109_03ba8bb988809dab6a7d741f7b412698-optimized.jpg 960w, https:\/\/canal5.md\/wp-content\/uploads\/2025\/02\/45109_03ba8bb988809dab6a7d741f7b412698-300x169-optimized.jpg 300w, https:\/\/canal5.md\/wp-content\/uploads\/2025\/02\/45109_03ba8bb988809dab6a7d741f7b412698-768x432-optimized.jpg 768w, https:\/\/canal5.md\/wp-content\/uploads\/2025\/02\/45109_03ba8bb988809dab6a7d741f7b412698-696x392-optimized.jpg 696w\">\u00ce.C.S Premier Energy Distribution S.A. informeaz\u0103 c\u0103, \u00een scopul \u00eembun\u0103t\u0103\u021birii serviciilor oferite clien\u021bilor, pe 22 februarie 2025 vor avea loc \u00eentreruperi planificate de electricitate \u00een intervalele de timp men\u021bionate mai jos: H\u00eence\u0219ti: s. S\u0103rata Galben\u0103: str. Fratii Solomon, Grigore Cotovschi, Independen\u021bei, Mihail Frunze, Serghei Lazo (par\u021bial), \u00eentre 09:00 \u0219i 13:00 pentru lucr\u0103ri de repara\u021bie a [\u2026]<\/div>\n","protected":false},"author":1,"featured_media":67648,"comment_status":"closed","ping_status":"closed","sticky":false,"template":"","format":"standard","meta":{"jnews-multi-image_gallery":[],"jnews_single_post":[],"jnews_primary_category":[],"jnews_social_meta":[],"jnews_override_counter":[],"footnotes":""},"categories":[30],"tags":[],"class_list":["post-67647","post","type-post","status-publish","format-standard","has-post-thumbnail","hentry","category-social_ro"],"_links":{"self":[{"href":"https:\/\/orheifm.live\/index.php\/wp-json\/wp\/v2\/posts\/67647","targetHints":{"allow":["GET"]}}],"collection":[{"href":"https:\/\/orheifm.live\/index.php\/wp-json\/wp\/v2\/posts"}],"about":[{"href":"https:\/\/orheifm.live\/index.php\/wp-json\/wp\/v2\/types\/post"}],"author":[{"embeddable":true,"href":"https:\/\/orheifm.live\/index.php\/wp-json\/wp\/v2\/users\/1"}],"replies":[{"embeddable":true,"href":"https:\/\/orheifm.live\/index.php\/wp-json\/wp\/v2\/comments?post=67647"}],"version-history":[{"count":0,"href":"https:\/\/orheifm.live\/index.php\/wp-json\/wp\/v2\/posts\/67647\/revisions"}],"wp:featuredmedia":[{"embeddable":true,"href":"https:\/\/orheifm.live\/index.php\/wp-json\/wp\/v2\/media\/67648"}],"wp:attachment":[{"href":"https:\/\/orheifm.live\/index.php\/wp-json\/wp\/v2\/media?parent=67647"}],"wp:term":[{"taxonomy":"category","embeddable":true,"href":"https:\/\/orheifm.live\/index.php\/wp-json\/wp\/v2\/categories?post=67647"},{"taxonomy":"post_tag","embeddable":true,"href":"https:\/\/orheifm.live\/index.php\/wp-json\/wp\/v2\/tags?post=67647"}],"curies":[{"name":"wp","href":"https:\/\/api.w.org\/{rel}","templated":true}]}}