{"id":67645,"date":"2025-02-22T09:44:47","date_gmt":"2025-02-22T07:44:47","guid":{"rendered":"https:\/\/orheifm.live\/index.php\/2025\/02\/22\/prognoza-meteo-pentru-22-februarie\/"},"modified":"2025-02-22T09:44:47","modified_gmt":"2025-02-22T07:44:47","slug":"prognoza-meteo-pentru-22-februarie","status":"publish","type":"post","link":"https:\/\/orheifm.live\/index.php\/2025\/02\/22\/prognoza-meteo-pentru-22-februarie\/","title":{"rendered":"Prognoza meteo pentru 22 februarie"},"content":{"rendered":"<div>\n<p><strong>Pe 22 februarie, \u00een Moldova se a\u0219teapt\u0103 vreme rece, f\u0103r\u0103 precipita\u021bii. V\u00e2ntul va fi din est.<\/strong><\/p>\n<p>\u00cen Chi\u0219in\u0103u, temperatura va fi:<\/p>\n<ul>\n<li>Ziua \u2014 0\u00b0C<\/li>\n<li>Seara \u2014 -10\u00b0C Nori par\u021biali.<\/li>\n<\/ul>\n<p>\u00cen G\u0103l\u0103ne\u0219ti:<\/p>\n<ul>\n<li>Ziua \u2014 -2\u00b0C<\/li>\n<li>Seara \u2014 -12\u00b0C Nori par\u021biali.<\/li>\n<\/ul>\n<p>\u00cen R\u00ee\u0219cani:<\/p>\n<ul>\n<li>Ziua \u2014 -2\u00b0C<\/li>\n<li>Seara \u2014 -12\u00b0C Nori par\u021biali.<\/li>\n<\/ul>\n<p>\u00cen B\u0103l\u021bi:<\/p>\n<ul>\n<li>Ziua \u2014 -2\u00b0C<\/li>\n<li>Seara \u2014 -12\u00b0C Nori par\u021biali.<\/li>\n<\/ul>\n<p>\u00cen Flore\u0219ti:<\/p>\n<ul>\n<li>Ziua \u2014 -2\u00b0C<\/li>\n<li>Seara \u2014 -12\u00b0C Nori par\u021biali.<\/li>\n<\/ul>\n<p>\u00cen Comrat:<\/p>\n<ul>\n<li>Ziua \u2014 +2\u00b0C<\/li>\n<li>Seara \u2014 -8\u00b0C Nori par\u021biali.<\/li>\n<\/ul>\n<p>\u00cen Noile Anenii:<\/p>\n<ul>\n<li>Ziua \u2014 0\u00b0C<\/li>\n<li>Seara \u2014 -9\u00b0C Nori par\u021biali.<\/li>\n<\/ul>\n<p>\u00cen Taraclia:<\/p>\n<ul>\n<li>Ziua \u2014 +2\u00b0C<\/li>\n<li>Seara \u2014 -8\u00b0C Nori par\u021biali.<\/li>\n<\/ul>\n<\/div>\n","protected":false},"excerpt":{"rendered":"<div><img loading=\"lazy\" decoding=\"async\" width=\"696\" height=\"392\" src=\"https:\/\/canal5.md\/wp-content\/uploads\/2025\/02\/anj9jifyy8_1qo6icxd1h4man1lb2ccj-1024x576-optimized.jpg\" class=\"attachment-large size-large wp-post-image\" alt=\"\" srcset=\"https:\/\/canal5.md\/wp-content\/uploads\/2025\/02\/anj9jifyy8_1qo6icxd1h4man1lb2ccj-1024x576-optimized.jpg 1024w, https:\/\/canal5.md\/wp-content\/uploads\/2025\/02\/anj9jifyy8_1qo6icxd1h4man1lb2ccj-300x169-optimized.jpg 300w, https:\/\/canal5.md\/wp-content\/uploads\/2025\/02\/anj9jifyy8_1qo6icxd1h4man1lb2ccj-768x432-optimized.jpg 768w, https:\/\/canal5.md\/wp-content\/uploads\/2025\/02\/anj9jifyy8_1qo6icxd1h4man1lb2ccj-696x392-optimized.jpg 696w, https:\/\/canal5.md\/wp-content\/uploads\/2025\/02\/anj9jifyy8_1qo6icxd1h4man1lb2ccj-1068x601-optimized.jpg 1068w, https:\/\/canal5.md\/wp-content\/uploads\/2025\/02\/anj9jifyy8_1qo6icxd1h4man1lb2ccj-optimized.jpg 1280w\">Pe 22 februarie, \u00een Moldova se a\u0219teapt\u0103 vreme rece, f\u0103r\u0103 precipita\u021bii. V\u00e2ntul va fi din est. \u00cen Chi\u0219in\u0103u, temperatura va fi: Ziua \u2014 0\u00b0C Seara \u2014 -10\u00b0C Nori par\u021biali. \u00cen G\u0103l\u0103ne\u0219ti: Ziua \u2014 -2\u00b0C Seara \u2014 -12\u00b0C Nori par\u021biali. \u00cen R\u00ee\u0219cani: Ziua \u2014 -2\u00b0C Seara \u2014 -12\u00b0C Nori par\u021biali. \u00cen B\u0103l\u021bi: Ziua \u2014 -2\u00b0C Seara [\u2026]<\/div>\n","protected":false},"author":1,"featured_media":67646,"comment_status":"closed","ping_status":"closed","sticky":false,"template":"","format":"standard","meta":{"jnews-multi-image_gallery":[],"jnews_single_post":[],"jnews_primary_category":[],"jnews_social_meta":[],"jnews_override_counter":[],"footnotes":""},"categories":[30],"tags":[],"class_list":["post-67645","post","type-post","status-publish","format-standard","has-post-thumbnail","hentry","category-social_ro"],"_links":{"self":[{"href":"https:\/\/orheifm.live\/index.php\/wp-json\/wp\/v2\/posts\/67645","targetHints":{"allow":["GET"]}}],"collection":[{"href":"https:\/\/orheifm.live\/index.php\/wp-json\/wp\/v2\/posts"}],"about":[{"href":"https:\/\/orheifm.live\/index.php\/wp-json\/wp\/v2\/types\/post"}],"author":[{"embeddable":true,"href":"https:\/\/orheifm.live\/index.php\/wp-json\/wp\/v2\/users\/1"}],"replies":[{"embeddable":true,"href":"https:\/\/orheifm.live\/index.php\/wp-json\/wp\/v2\/comments?post=67645"}],"version-history":[{"count":0,"href":"https:\/\/orheifm.live\/index.php\/wp-json\/wp\/v2\/posts\/67645\/revisions"}],"wp:featuredmedia":[{"embeddable":true,"href":"https:\/\/orheifm.live\/index.php\/wp-json\/wp\/v2\/media\/67646"}],"wp:attachment":[{"href":"https:\/\/orheifm.live\/index.php\/wp-json\/wp\/v2\/media?parent=67645"}],"wp:term":[{"taxonomy":"category","embeddable":true,"href":"https:\/\/orheifm.live\/index.php\/wp-json\/wp\/v2\/categories?post=67645"},{"taxonomy":"post_tag","embeddable":true,"href":"https:\/\/orheifm.live\/index.php\/wp-json\/wp\/v2\/tags?post=67645"}],"curies":[{"name":"wp","href":"https:\/\/api.w.org\/{rel}","templated":true}]}}