{"id":67643,"date":"2025-02-21T22:38:53","date_gmt":"2025-02-21T20:38:53","guid":{"rendered":"https:\/\/orheifm.live\/index.php\/2025\/02\/21\/acuzatii-bomba-roman-babutchi-a-numit-amantul-si-protectorul-ecaterinei-maniuc-suspecta-in-dosarul-mortii-liubei-babutchi-video\/"},"modified":"2025-02-21T22:38:53","modified_gmt":"2025-02-21T20:38:53","slug":"acuzatii-bomba-roman-babutchi-a-numit-amantul-si-protectorul-ecaterinei-maniuc-suspecta-in-dosarul-mortii-liubei-babutchi-video","status":"publish","type":"post","link":"https:\/\/orheifm.live\/index.php\/2025\/02\/21\/acuzatii-bomba-roman-babutchi-a-numit-amantul-si-protectorul-ecaterinei-maniuc-suspecta-in-dosarul-mortii-liubei-babutchi-video\/","title":{"rendered":"Acuza\u021bii bomb\u0103: Roman Babu\u021bchi a numit amantul \u0219i protectorul Ecaterinei Maniuc, suspect\u0103 \u00een dosarul mor\u021bii Liubei Babu\u021bchi |VIDEO"},"content":{"rendered":"<div>\n<p><strong>Acuza\u021bii bomb\u0103 lansate de so\u021bul Liubei Babu\u021bchi, femeia decedat\u0103 \u00eentr-o frizerie \u00een urma unei opera\u021bii clandestine. Roman Babu\u021bchi a dezv\u0103luit numele persoanei care ar fi protejat-o pe anesteziologul Ecaterina Maniuc, singura suspect\u0103 \u00een dosarul mor\u021bii femeii de afaceri. <\/strong><br \/>\n<iframe loading=\"lazy\" title=\"YouTube video player\" src=\"https:\/\/www.youtube.com\/embed\/01T8NNTMrTk?si=-6uSaLZCAn6s2NWk\" width=\"560\" height=\"315\" frameborder=\"0\" allowfullscreen=\"allowfullscreen\"><\/iframe><br \/>\nEste vorba despre cunoscutul medic Igor Curov, fost \u0219ef al Spitalului Ministerului S\u0103n\u0103t\u0103\u021bii. Babu\u021bchi sus\u021bine c\u0103 Maniuc ar fi fost amanta sa \u0219i c\u0103 el ar \u00eencerca s\u0103 o scoat\u0103 basma curat\u0103. Canal 5 l-a contactat pe Curov \u00eens\u0103 acesta nu a r\u0103spuns la apelurile noastre.<\/p>\n<p>Declara\u021bii bomb\u0103 au fost lansate de c\u0103tre Roman Babu\u021bchi. Potrivit lui, dup\u0103 ce i-a oferit un interviu controversatei jurnaliste Nata Albot, afiliat\u0103 PAS, \u00een care i-ar fi prezentat mai multe dovezi referitoare la decesul so\u021biei sale, Roman Babu\u021bchi a ie\u0219it din nou \u00een fa\u021ba presei.<\/p>\n<p>B\u0103rbatul sus\u021bine c\u0103 Albot s-ar fi r\u0103zg\u00e2ndit s\u0103 publice materialul dup\u0103 ce el i-a dezv\u0103luit numele persoanei care ar fi protejat-o pe Ecaterina Maniuc, medicul anesteziolog plasat \u00een arest \u00een dosarul Liubei Babu\u021bchi.<\/p>\n<p>\u00cen sus\u021binerea afirma\u021biilro sale, Roman a prezentat presei discu\u021biile pe care le-a avut cu Nata Albot.<\/p>\n<p>ROMAN BABU\u021aCHI<\/p>\n<p>Vreau s\u0103 m\u0103 adresez Natei Albot! \u201eNata Albot, eu \u021bi-am cerut s\u0103-mi trimi\u021bi videoul pe care noi l-am \u00eenregistrat, dar am fost ignorat. Acum vreau s\u0103 cer public s\u0103-mi fie oferit acel video pe care l-am \u00eenregistrat luni \u0219i trebuia s\u0103 fie postat miercuri seara.<\/p>\n<p>Eu c\u00e2nd am vorbit despre asta \u00een videoul care era scris, dvs m-a\u021bi sus\u021binut foarte mult, a\u021bi dat din cap, a\u021bi fost de acord cu mine c\u0103 nu trebuie s\u0103 vorbim despre ceea ce se \u00eent\u00e2mpl\u0103. C\u00e2nd mar\u021bi seara am primit un mesaj c\u0103 acest video nu va fi publicat mie mi-a fost dureros.<\/p>\n<p>Contactat\u0103 de CANAL 5, Nata Albot ne-a spus urm\u0103toarele:<\/p>\n<p>NATA NATA ALBOT, jurnalist\u0103<\/p>\n<p>Spune\u021bi-mi, v\u0103 rog, dar de ce nu a ap\u0103rut acest interviu filmat cu dumneavoastr\u0103?<br \/>\nPentru c\u0103 nu am opinia celeilalte p\u0103r\u021bi implicate \u00een acest interviu.<\/p>\n<p>\u2013 Spune\u021bi-mi, v\u0103 rog, dar poate au ap\u0103rut careva informa\u021bii care v-au f\u0103cut s\u0103 renun\u021ba\u021bi la postarea acestui material?<\/p>\n<p>\u2013 Domni\u0219oar\u0103 !<br \/>\nDumneavoastr\u0103 a\u021bi auzit r\u0103spunsul meu?<\/p>\n<p>Roman Babu\u021bchi afirm\u0103 c\u0103 este sceptic c\u0103 va putea face dreptate pentru c\u0103 anumi\u021bi oameni cu func\u021bii \u00een stat \u00eencearc\u0103 s\u0103 mu\u0219amalizeze crimele \u0219i afacerile dubioase. De asemenea, el acuz\u0103 Poli\u021bia de \u00eencercarea de a ascunde probele \u0219i spune c\u0103 anchetatorul care a venit primul \u00een ziua crimei la frizerie nu \u0219i-ar fi f\u0103cut corect treaba.<\/p>\n<p>ROMAN BABU\u021aCHI, so\u021bul Liubei Babu\u021bchi<\/p>\n<p>Eu am foarte pu\u021bine \u0219anse s\u0103 fac dreptate.<\/p>\n<p>Eu singur g\u0103seam probele pentru c\u0103 erau toate ascunse, eu deschideam safeurile, g\u0103seam probele \u0219i le spuneam s\u0103 le ridice, dar era o reac\u021bie foarte stranie. Ea ie\u0219ea afar\u0103, suna pe cineva \u0219i \u00eentreba ce s\u0103 fac\u0103. Tatiana, tu e\u0219ti anchetator nu \u00een prima zi, tu nu \u0219tii ce trebuie s\u0103 faci cu probele?<\/p>\n<p>Salonul acesta nu era sigilat. Cum este procedura normal\u0103, dac\u0103 a murit un om se str\u00e2ng probele, se cheam\u0103 martorii, se sigileaz\u0103 salonul, dar el nu a fost sigilat. Eu vreau s\u0103 \u00eentreb, Tatiana, poate mergi s\u0103 cau\u021bi b\u0103iatul care a venit din Ucraina la dou\u0103 diminea\u021ba \u0219i a scos din aceast\u0103 frizerie tot aparatajul .<\/p>\n<p>Totodat\u0103, la 3 s\u0103pt\u0103m\u00e2ni de la tragedie, Roman Babu\u021bchi a g\u0103sit curajul s\u0103 spun\u0103 numele celui care ar proteja-o pe Ecaterina Maniuc, medicul anestiziolog care a fost re\u021binut\u0103 \u00een dosarul mor\u021bii Liubei Babu\u021bchi. Cel care o ar ajuta-o este Igor Curov, vicepre\u0219edintele Mi\u0219c\u0103rii \u201eRespect Moldova\u201d, fost \u0219ef al Spitalului<\/p>\n<p>Ministerului S\u0103n\u0103t\u0103\u021bii, demis anterior din func\u021bie fiind suspectat c\u0103 ar fi deschis acolo o sec\u021bie clandestin\u0103 de chirurgie.<\/p>\n<p>ROMAN BABU\u021aCHI, so\u021bul Liubei Babu\u021bchi<\/p>\n<p>Roman Babu\u021bchi sus\u021bine c\u0103, Ecaterina Maniuc ar putea fi absolvit\u0103 de r\u0103spundere pentru c\u0103, atunci c\u00e2nd a fost scoas\u0103 din izolator ea a fost dus\u0103 la o clinic\u0103 privat\u0103 pentru a i se face fertilizare in vitro.<\/p>\n<p>ROMAN BABU\u021aCHI<\/p>\n<p>Prima dat\u0103 c\u00e2nd era dus\u0103 la invitro, c\u00e2nd se preg\u0103te\u0219te totul, a doua oar\u0103 c\u00e2nd s-a dus eu cred c\u0103 deja era implantat. Vreau s\u0103 \u00een\u021beleag\u0103 to\u021bi c\u0103 dac\u0103 Ecaterina Maniuc r\u0103m\u00e2ne \u00eens\u0103rcinat\u0103, cred c\u0103 de la Igor Curov, chiar dac\u0103 va fi vinovat\u0103, cel mai probabil c\u0103 vor am\u00e2na termenul.<\/p>\n<p>Roman Babu\u021bchi a f\u0103cut un apel \u0219i c\u0103tre ministrul s\u0103n\u0103t\u0103\u021bii, Ala Nimerenco s\u0103 se implice \u00een demascarea ilegalit\u0103\u021bilor comise \u00een acest caz. .<\/p>\n<p>Ministra Nimerenco a spus c\u0103 frizeriile nu intr\u0103 \u00een competen\u021ba Ministerului S\u0103n\u0103t\u0103\u021bii.<\/p>\n<p>Da, posibil a\u0219a este! Dar eu am o \u00eentrebare, circula\u021bia ilegal\u0103 de anestezie, intr\u0103 \u00een competen\u021ba Ministerului S\u0103n\u0103t\u0103\u021bii, sau spitalul de urgen\u021b\u0103 din Chi\u0219in\u0103u intr\u0103 \u00een competen\u021ba Ministerului S\u0103n\u0103t\u0103\u021bii sau opera\u021biile ilegale care se f\u0103ceau \u00een spitalul din Ministerul S\u0103n\u0103t\u0103\u021bii unde director era Igor Curov, c\u00e2nd f\u0103cea cu iubirea lui Ecaterina Maniuc, asta intr\u0103 \u00een competen\u021ba Ministerului S\u0103n\u0103t\u0103\u021bii?<\/p>\n<p>Contactat de Canal 5, Igor Curov nu ne-a r\u0103spuns la telefon .<\/p>\n<p>De asemenea, Roman babu\u021bchi sus\u021bine c\u0103 nici p\u00e2n\u0103 \u00een ziua de ast\u0103zi nu \u0219tie cauza mor\u021bii so\u021biei sale. Expertiza criminalistic\u0103 \u00eenc\u0103 nu a fost finalizat\u0103, spune el.<\/p>\n<\/div>\n","protected":false},"excerpt":{"rendered":"<div><img loading=\"lazy\" decoding=\"async\" width=\"420\" height=\"236\" src=\"https:\/\/canal5.md\/wp-content\/uploads\/2025\/02\/8411982d-dee9-4674-9d1a-930df0161bfc-optimized.jpg\" class=\"attachment-large size-large wp-post-image\" alt=\"\" srcset=\"https:\/\/canal5.md\/wp-content\/uploads\/2025\/02\/8411982d-dee9-4674-9d1a-930df0161bfc-optimized.jpg 420w, https:\/\/canal5.md\/wp-content\/uploads\/2025\/02\/8411982d-dee9-4674-9d1a-930df0161bfc-300x169-optimized.jpg 300w\">Acuza\u021bii bomb\u0103 lansate de so\u021bul Liubei Babu\u021bchi, femeia decedat\u0103 \u00eentr-o frizerie \u00een urma unei opera\u021bii clandestine. Roman Babu\u021bchi a dezv\u0103luit numele persoanei care ar fi protejat-o pe anesteziologul Ecaterina Maniuc, singura suspect\u0103 \u00een dosarul mor\u021bii femeii de afaceri. Este vorba despre cunoscutul medic Igor Curov, fost \u0219ef al Spitalului Ministerului S\u0103n\u0103t\u0103\u021bii. Babu\u021bchi sus\u021bine c\u0103 Maniuc [\u2026]<\/div>\n","protected":false},"author":1,"featured_media":67644,"comment_status":"closed","ping_status":"closed","sticky":false,"template":"","format":"standard","meta":{"jnews-multi-image_gallery":[],"jnews_single_post":[],"jnews_primary_category":[],"jnews_social_meta":[],"jnews_override_counter":[],"footnotes":""},"categories":[30],"tags":[],"class_list":["post-67643","post","type-post","status-publish","format-standard","has-post-thumbnail","hentry","category-social_ro"],"_links":{"self":[{"href":"https:\/\/orheifm.live\/index.php\/wp-json\/wp\/v2\/posts\/67643","targetHints":{"allow":["GET"]}}],"collection":[{"href":"https:\/\/orheifm.live\/index.php\/wp-json\/wp\/v2\/posts"}],"about":[{"href":"https:\/\/orheifm.live\/index.php\/wp-json\/wp\/v2\/types\/post"}],"author":[{"embeddable":true,"href":"https:\/\/orheifm.live\/index.php\/wp-json\/wp\/v2\/users\/1"}],"replies":[{"embeddable":true,"href":"https:\/\/orheifm.live\/index.php\/wp-json\/wp\/v2\/comments?post=67643"}],"version-history":[{"count":0,"href":"https:\/\/orheifm.live\/index.php\/wp-json\/wp\/v2\/posts\/67643\/revisions"}],"wp:featuredmedia":[{"embeddable":true,"href":"https:\/\/orheifm.live\/index.php\/wp-json\/wp\/v2\/media\/67644"}],"wp:attachment":[{"href":"https:\/\/orheifm.live\/index.php\/wp-json\/wp\/v2\/media?parent=67643"}],"wp:term":[{"taxonomy":"category","embeddable":true,"href":"https:\/\/orheifm.live\/index.php\/wp-json\/wp\/v2\/categories?post=67643"},{"taxonomy":"post_tag","embeddable":true,"href":"https:\/\/orheifm.live\/index.php\/wp-json\/wp\/v2\/tags?post=67643"}],"curies":[{"name":"wp","href":"https:\/\/api.w.org\/{rel}","templated":true}]}}