{"id":67641,"date":"2025-02-21T22:36:06","date_gmt":"2025-02-21T20:36:06","guid":{"rendered":"https:\/\/orheifm.live\/index.php\/2025\/02\/21\/cu-participarea-diferitelor-forte-politice-comitetul-national-de-coordonare-victoria-pregateste-aniversarea-a-80-de-ani-de-la-victoria-in-marele-razboi-pentru-apararea-patriei-vide\/"},"modified":"2025-02-21T22:36:06","modified_gmt":"2025-02-21T20:36:06","slug":"cu-participarea-diferitelor-forte-politice-comitetul-national-de-coordonare-victoria-pregateste-aniversarea-a-80-de-ani-de-la-victoria-in-marele-razboi-pentru-apararea-patriei-vide","status":"publish","type":"post","link":"https:\/\/orheifm.live\/index.php\/2025\/02\/21\/cu-participarea-diferitelor-forte-politice-comitetul-national-de-coordonare-victoria-pregateste-aniversarea-a-80-de-ani-de-la-victoria-in-marele-razboi-pentru-apararea-patriei-vide\/","title":{"rendered":"Cu participarea diferitelor for\u021be politice, Comitetul Na\u021bional de Coordonare \u201eVictoria\u201d preg\u0103te\u0219te aniversarea a 80 de ani de la Victoria \u00een Marele R\u0103zboi pentru Ap\u0103rarea Patriei |VIDEO"},"content":{"rendered":"<div>\n<p><strong>Comitetul Na\u021bional de Coordonare \u201eBiruinta\u201d a organizat o \u0219edin\u021b\u0103 pentru a discuta despre preg\u0103tirile destinate celebr\u0103rii a 80 de ani de la Victoria \u00een Marele R\u0103zboi pentru Ap\u0103rarea Patriei. La eveniment au participat reprezentan\u021bi ai organiza\u021biilor publice de veterani, precum \u0219i membri ai partidelor \u0219i mi\u0219c\u0103rilor politice.<\/strong><\/p>\n<p>Principala tem\u0103 a \u00eent\u00e2lnirii a fost unificarea for\u021belor socio-politice patriotice pentru a organiza o s\u0103rb\u0103toare demn\u0103 a anivers\u0103rii Victoriei poporului sovietic asupra Germaniei naziste. Printre participan\u021bii la discu\u021bie se num\u0103r\u0103 reprezentan\u021bi ai Blocului \u201eVictoria\u201d, care au fost primii care au propus \u00een parlament declararea acestui an ca fiind anul anivers\u0103rii a 80 de ani de la Marea Victorie.<br \/>\n<iframe loading=\"lazy\" title=\"YouTube video player\" src=\"https:\/\/www.youtube.com\/embed\/mQKH7OFeaLw?si=vT_KEDyvQi5RGYTS\" width=\"560\" height=\"315\" frameborder=\"0\" allowfullscreen=\"allowfullscreen\"><\/iframe><br \/>\nEvenimentul organizat de Comitetul Na\u021bional de Coordonare \u201eBiruinta\u201d a reunit cet\u0103\u021beni implica\u021bi, care cred cu t\u0103rie c\u0103 memoria Marelui R\u0103zboi pentru Ap\u0103rarea Patriei este una sacr\u0103 \u0219i trebuie p\u0103strat\u0103 pentru viitoarele genera\u021bii.<\/p>\n<p>Celebr\u0103rile nu se vor limita doar la data de 9 mai, ci vor include \u0219i zilele \u00een care ora\u0219ele noastre au fost eliberate de sub ocupa\u021bia nazist\u0103: 22 iunie, ziua \u00een care Germania nazist\u0103 a atacat Uniunea Sovietic\u0103, \u0219i 24 august, ziua eliber\u0103rii Moldovei de ocupan\u021bii fascisti.<\/p>\n<p>VASILE BOLEA, pre\u0219edintele grupului parlamentar \u201dVictorie\u201d<\/p>\n<p>Au fost examinate o serie de chestiuni dedicate anivers\u0103rii de 80 de ani \u0219i o serie de evenimente care vor fi organizate sub egida Comitetul Na\u021bional de Coordonare \u201eVictoria\u201d, \u0219i, desigur, sus\u021binute de noi, Blocul \u201dVictorie\u201d, \u0219i alte organiza\u021bii politice.<\/p>\n<p>Trebuie s\u0103 ne unim eforturile \u0219i s\u0103 lupt\u0103m cu cei care ast\u0103zi se ocup\u0103 cu revizionismul, reinterpretarea istoriei, rescrierea istoriei.<\/p>\n<p>Noi trebuie s\u0103 \u0219tim \u0219i s\u0103 \u00een\u021belegem cine a \u00eenvins \u00een acest r\u0103zboi, cine a eliberat lumea de fascism \u0219i nazism, \u0219i \u00een aceste r\u00e2nduri nu-i locul hitlerilor, goebbels-ilor \u0219i altor alia\u021bi ai lui Hitler, care au fost judeca\u021bi de comunitatea interna\u021bional\u0103 \u00een timpul proceselor de la N\u00fcrnberg.<\/p>\n<p>\u00cen cadrul \u00eent\u00e2lnirii, a fost prezentat un proiect de plan pentru evenimente \u0219i ac\u021biuni, ce include \u00eembun\u0103t\u0103\u021birea monumentelor militare \u0219i a locurilor de \u00eenmorm\u00e2ntare, acordarea de asisten\u021b\u0103 veteranilor Marelui R\u0103zboi pentru ap\u0103rarea Patriei \u0219i organizarea de \u00eent\u00e2lniri de v\u00e2rf \u00een domeniul educa\u021bional \u0219i istoric.<\/p>\n<p>Ac\u021biunea nu este politic\u0103 \u0219i nu va fi organizat\u0103 sub egida vreunui partid, a subliniat liderul Comitetului Na\u021bional de Coordonare \u201eBiruin\u021ba\u201d. Evenimentul \u00eei va aduna pe to\u021bi cei care onoreaz\u0103 memoria eroilor din acele vremuri.<\/p>\n<p>ALEXEI PETROVICI, pre\u0219edintele Comitetul Na\u021bional de Coordonare \u201eBiruin\u021ba\u201d<\/p>\n<p>\u021ain\u00e2nd cont de succesul de anul trecut, av\u00e2nd \u00een vedere c\u0103 am putut organiza demn evenimentul pe care guvernarea \u00eencearc\u0103 s\u0103-l elimine, v\u0103 aminti\u021bi c\u0103 nimeni dintre conduc\u0103torii de v\u00e2rf a \u021b\u0103rii nu a s\u0103rb\u0103torit 80 de ani de la eliberarea Moldovei de sub ocupa\u021bia rom\u00e2no-german\u0103. \u00cen acest an, suntem obliga\u021bi nu doar s\u0103 ne asigur\u0103m c\u0103 o s\u0103 fie la nivel, ci, din contra, s\u0103 organiz\u0103m totul chiar mult mai bine, ca s\u0103 p\u0103str\u0103m istoria \u00een memoria noastr\u0103.<\/p>\n<p>Prezent la eveniment, consilierul Ba\u0219canului G\u0103g\u0103uziei a subliniat c\u0103, pe l\u00e2ng\u0103 organizarea unei s\u0103rb\u0103tori la un nivel \u00eenalt \u00een regiune, a fost aprobat\u0103 \u0219i o list\u0103 extins\u0103 de evenimente dedicate acestei zile \u00een G\u0103g\u0103uzia, unde, prin decizia autorit\u0103\u021bilor autonomiei, acest an a fost declarat anul anivers\u0103rii a 80 de ani de la Victorie.<\/p>\n<p>IURII CUZNE\u021aOV, consilierul Ba\u0219canului G\u0103g\u0103uziei<\/p>\n<p>Acest an va fi unul \u00eensemnat nu doar pentru autonomie, nu doar pentru republic\u0103, dar \u0219i pentru to\u021bi cei care \u00ee\u0219i onoreaz\u0103 istoria.<\/p>\n<p>Doar cu for\u021be comune vom ob\u021bine un asemenea rezultat care a fost atins \u00een urm\u0103 cu 80 de ani. Mul\u021bumesc tuturor participan\u021bilor la aceast\u0103 mas\u0103 rotund\u0103. \u0219ti\u021bi c\u0103 \u00eentotdeauna suntem activi \u0219i v\u0103 asigur c\u0103 \u0219i \u00een acest an o s\u0103 lu\u0103m parte la toate evenimentele dedicate acestui eveniment.<\/p>\n<p>Deputatul Blocului \u201eVictorie\u201d, Reghina Apostolova, afirm\u0103 c\u0103, \u00een acest an al anivers\u0103rii a 80 de ani de la Victorie, nu avem dreptul moral de a \u00eemp\u0103r\u021bi oamenii \u00een prieteni \u0219i du\u0219mani. Ea subliniaz\u0103 c\u0103, mai mult ca niciodat\u0103, societatea trebuie s\u0103 se uneasc\u0103, \u00eenchin\u00e2ndu-se memoriei celor care, prin sacrificiul lor, au f\u0103cut posibil\u0103 via\u021ba sub un cer de pace, pentru ca noi s\u0103 tr\u0103im \u00een libertate \u0219i armonie.<\/p>\n<p>REGHINA APOSTOLOVA, deputat al grupului parlamentar \u201dVictorie\u201d<\/p>\n<p>\u00cencep\u00e2nd din 2015, sub conducerea lui Ilan \u0218or, am acordat o aten\u021bie deosebit\u0103 veteranilor celui de-al Doilea R\u0103zboi Mondial. \u00cen prezent, avem \u00eenregistrate 27 de persoane care au participat la Marele R\u0103zboi pentru Ap\u0103rarea Patriei.<\/p>\n<p>S\u0103pt\u0103m\u00e2na trecut\u0103 am descoperit \u00eenc\u0103 doi veterani care, din diverse motive, nu figurau pe listele birourilor de \u00eenregistrare \u0219i \u00eenrolare militar\u0103, precum \u0219i 17 supravie\u021buitori ai blocadei. \u00cen cursul anului trecut, i-am vizitat constant \u0219i consider\u0103m c\u0103 acest lucru este firesc.<\/p>\n<p>Nu trebuie s\u0103 \u00eei vizitezi doar pe 9 mai, astfel c\u0103 i-am vizitat \u0219i \u00een decembrie 2023, \u00een r\u00e2ndul acestora fiind \u0219i supravie\u021buitorii blocadei, iar apoi am mers din nou la ei pe 23 februarie. Pe 9 mai i-am vizitat pe to\u021bi, iar vizitele noastre au continuat \u0219i pe 22 iunie \u0219i 24 august. Spre deosebire de al\u021bii, niciodat\u0103 nu i-am vizitat cu m\u00e2inile goale.<\/p>\n<p>Deputatul Vadim Fotescu a declarat c\u0103 evenimentele festive organizate cu ocazia celor 80 de ani de la Victoria \u00een Marele R\u0103zboi pentru Ap\u0103rarea Patriei nu vor fi u\u0219or de realizat \u00een acest an din cauza obstacolelor create de conducerea \u021b\u0103rii.<\/p>\n<p>VADIM FOTESCU, deputat al grupului parlamentar \u201dVictorie\u201d<\/p>\n<p>Noi deja vedem \u00eencerc\u0103ri de a rescrie istoria \u0219i, din p\u0103cate, aceastea nu sunt doar ac\u021biuni de rescriere a istoriei, asta este o lupt\u0103 pentru min\u021bile noiilor genera\u021bii.<\/p>\n<p>Veteranii care au fost prezen\u021bi la discu\u021bii au mul\u021bumit Comitetului Na\u021bional de Coordonare \u201eBiruin\u021ba\u201d pentru inten\u021bia de a organiza ceremonii festive dedicate s\u0103rb\u0103toririi Marii Victorii.<\/p>\n<p>Cu to\u021bii, vom reu\u0219i s\u0103 marc\u0103m aceast\u0103 s\u0103rb\u0103toare \u00eentr-un mod care s\u0103 r\u0103m\u00e2n\u0103 \u00een amintire. Aceasta este \u0219i responsabilitatea noastr\u0103: s\u0103 transmitem estafeta noii genera\u021bii.<\/p>\n<p>Al\u0103turi de mine se afl\u0103 Blocul \u201eVictorie\u201d, membrii c\u0103ruia sunt mereu implica\u021bi \u00een activit\u0103\u021bi. Dar ei sunt bravo pentru c\u0103 au ac\u021bionat mai profund, nu acord\u0103 aten\u021bie doar veteranilor, dar \u0219i celor care au stat \u00een spatele frontului, \u0219i v\u0103duvelor, supravie\u021buitorilor blocadelor, cei care au fost \u00eencarcera\u021bi.<\/p>\n<p>Anterior, Blocul Politic \u201eVictorie\u201d a propus ca \u00een acest an, pe 9 mai, c\u00e2nd se va s\u0103rb\u0103tori a 80-a aniversare a Victoriei \u00een Marele R\u0103zboi pentru Ap\u0103rarea Patriei, s\u0103 fie organizate ceremonii festive pe \u00eentreg teritoriul \u021b\u0103rii, dedicate acestui moment istoric.<\/p>\n<p>\u00cen acest sens, deputa\u021bii grupului parlamentar \u201eVictorie\u201d au \u00eenregistrat un proiect de hot\u0103r\u00e2re \u00een Parlament, argument\u00e2nd c\u0103 cei de la guvernare nu inten\u021bioneaz\u0103 s\u0103 s\u0103rb\u0103toreasc\u0103 aceast\u0103 zi semnificativ\u0103, dimpotriv\u0103, conducerea \u021b\u0103rii a f\u0103cut tot posibilul pentru a \u00eempiedica organiza\u021biile civice \u0219i politice s\u0103 se implice.<\/p>\n<p>De asemenea, Blocul \u201eVictorie\u201d \u0219i-a elaborat un amplu plan propriu de evenimente, dedicate anivers\u0103rii Victoriei. De asemenea, Blocul \u00ee\u0219i propune s\u0103 acorde ajutoare financiare unice veteranilor \u0219i s\u0103 sprijine familiile veteranilor deceda\u021bi, precum \u0219i familiile cet\u0103\u021benilor decora\u021bi pentru contribu\u021bia lor la munc\u0103 din spatele frontului.<\/p>\n<p>\u00cen plus, grupul dore\u0219te instituirea unui program de stat de sprijin pentru veterani, care s\u0103 le ofere condi\u021bii de via\u021b\u0103 decente, asisten\u021b\u0103 medical\u0103 \u0219i protec\u021bie social\u0103.<\/p>\n<p>Parlamentarii au propus \u0219i organizarea de lec\u021bii \u0219i evenimente patriotice \u00een \u0219coli \u0219i universit\u0103\u021bi, pentru a consolida memoria istoric\u0103 \u0219i a preveni falsificarea istoriei, precum \u0219i amenajarea de monumente \u0219i memoriale dedicate Marelui R\u0103zboi pentru Ap\u0103rarea Patriei pe \u00eentreg teritoriul \u021b\u0103rii.<\/p>\n<p>Deputa\u021bii au sugerat ca aceste evenimente s\u0103 fie difuzate prin intermediul Companiei publice \u201eTeleradio-Moldova\u201d \u0219i altor institu\u021bii mass-media, pentru a le transforma \u00een principalul subiect de interes la \u00eenceputul lunii mai 2025.<\/p>\n<\/div>\n","protected":false},"excerpt":{"rendered":"<div><img decoding=\"async\" width=\"537\" height=\"339\" src=\"https:\/\/canal5.md\/wp-content\/uploads\/2025\/02\/image_9082_1_large-optimized.jpg\" class=\"attachment-large size-large wp-post-image\" alt=\"\" loading=\"lazy\" srcset=\"https:\/\/canal5.md\/wp-content\/uploads\/2025\/02\/image_9082_1_large-optimized.jpg 537w, https:\/\/canal5.md\/wp-content\/uploads\/2025\/02\/image_9082_1_large-300x189-optimized.jpg 300w\">Comitetul Na\u021bional de Coordonare \u201eBiruinta\u201d a organizat o \u0219edin\u021b\u0103 pentru a discuta despre preg\u0103tirile destinate celebr\u0103rii a 80 de ani de la Victoria \u00een Marele R\u0103zboi pentru Ap\u0103rarea Patriei. La eveniment au participat reprezentan\u021bi ai organiza\u021biilor publice de veterani, precum \u0219i membri ai partidelor \u0219i mi\u0219c\u0103rilor politice. Principala tem\u0103 a \u00eent\u00e2lnirii a fost unificarea for\u021belor [\u2026]<\/div>\n","protected":false},"author":1,"featured_media":67642,"comment_status":"closed","ping_status":"closed","sticky":false,"template":"","format":"standard","meta":{"jnews-multi-image_gallery":[],"jnews_single_post":[],"jnews_primary_category":[],"jnews_social_meta":[],"jnews_override_counter":[],"footnotes":""},"categories":[30],"tags":[],"class_list":["post-67641","post","type-post","status-publish","format-standard","has-post-thumbnail","hentry","category-social_ro"],"_links":{"self":[{"href":"https:\/\/orheifm.live\/index.php\/wp-json\/wp\/v2\/posts\/67641","targetHints":{"allow":["GET"]}}],"collection":[{"href":"https:\/\/orheifm.live\/index.php\/wp-json\/wp\/v2\/posts"}],"about":[{"href":"https:\/\/orheifm.live\/index.php\/wp-json\/wp\/v2\/types\/post"}],"author":[{"embeddable":true,"href":"https:\/\/orheifm.live\/index.php\/wp-json\/wp\/v2\/users\/1"}],"replies":[{"embeddable":true,"href":"https:\/\/orheifm.live\/index.php\/wp-json\/wp\/v2\/comments?post=67641"}],"version-history":[{"count":0,"href":"https:\/\/orheifm.live\/index.php\/wp-json\/wp\/v2\/posts\/67641\/revisions"}],"wp:featuredmedia":[{"embeddable":true,"href":"https:\/\/orheifm.live\/index.php\/wp-json\/wp\/v2\/media\/67642"}],"wp:attachment":[{"href":"https:\/\/orheifm.live\/index.php\/wp-json\/wp\/v2\/media?parent=67641"}],"wp:term":[{"taxonomy":"category","embeddable":true,"href":"https:\/\/orheifm.live\/index.php\/wp-json\/wp\/v2\/categories?post=67641"},{"taxonomy":"post_tag","embeddable":true,"href":"https:\/\/orheifm.live\/index.php\/wp-json\/wp\/v2\/tags?post=67641"}],"curies":[{"name":"wp","href":"https:\/\/api.w.org\/{rel}","templated":true}]}}