{"id":67639,"date":"2025-02-21T22:31:41","date_gmt":"2025-02-21T20:31:41","guid":{"rendered":"https:\/\/orheifm.live\/index.php\/2025\/02\/21\/veteranii-felicitati-de-blocul-victoria-cu-ocazia-zilei-aparatorului-patriei-flori-cadouri-si-recunostinta-pentru-eroismul-lor-video\/"},"modified":"2025-02-21T22:31:41","modified_gmt":"2025-02-21T20:31:41","slug":"veteranii-felicitati-de-blocul-victoria-cu-ocazia-zilei-aparatorului-patriei-flori-cadouri-si-recunostinta-pentru-eroismul-lor-video","status":"publish","type":"post","link":"https:\/\/orheifm.live\/index.php\/2025\/02\/21\/veteranii-felicitati-de-blocul-victoria-cu-ocazia-zilei-aparatorului-patriei-flori-cadouri-si-recunostinta-pentru-eroismul-lor-video\/","title":{"rendered":"Veteranii felicita\u021bi de Blocul \u201eVictoria\u201d cu ocazia Zilei Ap\u0103r\u0103torului Patriei: Flori, cadouri \u0219i recuno\u0219tin\u021b\u0103 pentru eroismul lor |VIDEO"},"content":{"rendered":"<div>\n<p><strong>Flori \u0219i recuno\u0219tin\u021b\u0103 pentru eroi. \u00cen apropierea zilei de 23 februarie, Ziua Ap\u0103r\u0103torului Patriei, care continu\u0103 s\u0103 fie s\u0103rb\u0103torit\u0103 \u00een spa\u021biul CSI, reprezentan\u021bii Blocului \u201eVictorie\u201d au venit cu felicit\u0103ri \u0219i daruri pentru veteranii celui de-al Doilea R\u0103zboi Mondial. Parlamentarii au vizitat eroii \u0219i le-au mul\u021bumit pentru eroismul lor din timpul r\u0103zboiului, pentru pacea de pe p\u0103m\u00e2nt \u0219i pentru munca depus\u0103 \u00een beneficiul \u021b\u0103rii. <\/strong><br \/>\n<iframe loading=\"lazy\" title=\"YouTube video player\" src=\"https:\/\/www.youtube.com\/embed\/Dm8lHkI635M?si=VvhBB8eL0XwCxozO\" width=\"560\" height=\"315\" frameborder=\"0\" allowfullscreen=\"allowfullscreen\"><\/iframe><br \/>\nDeputa\u021bii au men\u021bionat c\u0103 vizita nu a fost doar un gest de respect, ci o reafirmare a angajamentului colectiv de a proteja pacea \u0219i de a construi un viitor \u00een care asemenea sacrificii s\u0103 nu mai fie necesare. La r\u00e2ndul s\u0103u, eroii au mul\u021bumit pentru grija pe care o au parlamentarii fa\u021b\u0103 de ei.<\/p>\n<p>Flori \u0219i recuno\u0219tin\u021b\u0103 pentru eroi. \u00cen apropierea zilei de 23 februarie, Ziua Ap\u0103r\u0103torului Patriei, reprezentan\u021bii Blocului \u201eVictorie\u201d au venit cu felicit\u0103ri \u0219i daruri pentru veteranii celui de-al Doilea R\u0103zboi Mondial. Parlamentarii au vizitat eroii \u0219i le-au mul\u021bumit pentru eroismul lor din timpul r\u0103zboiului, pentru pacea de pe p\u0103m\u00e2nt \u0219i pentru munca depus\u0103 \u00een beneficiul \u021b\u0103rii.<\/p>\n<p>Deputa\u021bii au men\u021bionat c\u0103 vizita nu a fost doar un gest de respect, ci o reafirmare a angajamentului colectiv de a proteja pacea \u0219i de a construi un viitor \u00een care asemenea sacrificii s\u0103 nu mai fie necesare. La r\u00e2ndul s\u0103u, eroii au mul\u021bumit pentru grija pe care o au parlamentarii fa\u021b\u0103 de ei.<\/p>\n<p>La ini\u021biativa liderului Blocului \u201dVictorie\u201d, Ilan \u0218or, reprezentan\u021bii forma\u021biunii politice au adus un omagiu eroilor care \u0219i- au riscat via\u021ba pe fronturile Marelui R\u0103zboi pentru Ap\u0103rarea Patriei, oferind un viitor pa\u0219nic genera\u021biilor urm\u0103toare.<\/p>\n<p>Deputata, Reghina Apostolova l-a vizitat pe locotenentul superior, Vladimir Filandin, \u00een v\u00e2rst\u0103 de 103 ani, de\u021bin\u0103tor al Ordinului Steaua Ro\u0219ie, Ordinul Marelui R\u0103zboi pentru Ap\u0103rarea Patriei \u0219i Ordinul Republicii Moldova. \u00cen semn de recuno\u0219tin\u021b\u0103 pentru meritele ob\u021binute, pentru eroism \u0219i pacea adus\u0103 pe p\u0103m\u00e2nt, Apostolova l-a felicitat, i-a urat s\u0103n\u0103tate \u0219i i-a \u00eenm\u00e2nat un co\u0219 plin cu daruri.<\/p>\n<p>V\u0103 mul\u021bumesc.<\/p>\n<p>Mul\u021bumim dumneavoastr\u0103 pentru c\u0103, cu at\u00e2ta dragoste ave\u021bi grij\u0103 de Vladimir Ivanovici, ar\u0103t\u0103 mai bine cu fiecare an.<\/p>\n<p>Suntem aici doar noi doi \u2013 el \u0219i eu. Fiul deja nu mai este, nepotul nu este.<br \/>\nS\u0103n\u0103tate dumneavoastr\u0103 \u0219i mul\u021bumim pentru Vladimir Ivanovici.<\/p>\n<p>Reghina Apostolova a subliniat cu emo\u021bie c\u0103 echipa lui Ilan \u0218or a avut mereu un respect profund fa\u021b\u0103 de ace\u0219ti oameni.<\/p>\n<p>REGHINA APOSTOLOVA, deputat Blocul \u201dVictorie\u201d<\/p>\n<p>Nu i-am uitat niciodat\u0103 pe ace\u0219ti oameni, pentru c\u0103 au parcurs un drum foarte-foarte mare, sunt oamenii care au eliberat republicile fostei Uniuni Sovietice \u0219i o mare parte din Europa de fascismul german. Ei ne-au adus Victoria, acesta este cel mai important lucru.<\/p>\n<p>Tr\u0103im de aproape 80 de ani, pe 9 mai vor fi s\u0103rb\u0103tori\u021bi 80 de ani de la Marea Victorie, noi 80 de ani tr\u0103im \u00een pace datorit\u0103 acestor participan\u021bi ai celui de-al Doilea R\u0103zboi Mondial. Este foarte trist c\u0103, cu fiecare lun\u0103, \u0219i an r\u0103m\u00e2n tot mai pu\u021bini. De aceea, noi \u00eei vizit\u0103m pe veteranii no\u0219tri \u0219i pe 23 februarie, pe 9 mai, \u0219i 23 iunie, 24 august, \u0219i desigur la ziua de na\u0219tere a eroilor no\u0219tri.<\/p>\n<p>La r\u00e2ndul s\u0103u, locotenentul major Vladimir Filandin, decorat cu medaliile \u201ePentru curaj\u201d, \u201ePentru meritul militar\u201d \u0219i \u201ePentru capturarea Berlinului\u201d, a exprimat mul\u021bumiri \u0219i a povestit cu emo\u021bie despre greut\u0103\u021bile tr\u0103ite pe c\u00e2mpul de lupt\u0103, fiind \u00eenrolat \u00een armat\u0103 la doar 19 ani. Totodat\u0103, el a m\u0103rturisit c\u0103 nici m\u0103car o clip\u0103 nu a avut vreo \u00eendoial\u0103 c\u0103 victoria va fi de partea lor.<\/p>\n<p>VLADIMIR FILANDIN, veteran al celui de-al Doilea R\u0103zboi Mondial<\/p>\n<p>Fiecare soldat credea. Doar pentru victorie!<\/p>\n<p>Fiecare voia s\u0103 tr\u0103iasc\u0103. \u00cen timpul r\u0103zboiului priveai c\u0103 al\u0103turi de tine mergea un om, a c\u0103zut \u0219i-i gata.1<\/p>\n<p>\u00cen timpul r\u0103zboiului, am ajuns p\u00e2n\u0103 la Berlin.<\/p>\n<p>Pe data de 2 mai a fost declarat\u0103 capitularea. Eu m\u0103 aflam atunci la Berlin \u0219i ne-au spus c\u0103 Berlinul este luat \u00een totalitate, nem\u021bii s-au capitulat, iar la data de 8 mai a fost recunoscut\u0103 capitularea \u00een totalitate.<\/p>\n<p>De asemenea, veteranul a subliniat c\u0103 \u00ee\u0219i dore\u0219te ca t\u00e2n\u0103ra genera\u021bie s\u0103 nu cunoasc\u0103 niciodat\u0103 ce \u00eenseamn\u0103 r\u0103zboiul \u0219i ca, indiferent de na\u021bionalitate, oamenii s\u0103 se respecte a\u0219a cum o f\u0103ceau odinioar\u0103.<\/p>\n<p>VLADIMIR FILANDIN, veteran al celui de-Al Doilea R\u0103zboi Mondial<\/p>\n<p>C\u00e2nd am venit aici \u00een Moldova \u0219i am \u00eenceput s\u0103 lucr\u0103m, nu \u00een\u021belegeam care sunt moldoveni, ucraineni, ru\u0219i sau evrei. Cu to\u021bii tr\u0103iam ca o familie. Mai ales, aici, \u00een Moldova, at\u00e2t de bine ne \u00een\u021belegeam.\u00a0 Dar acum, nu se mai \u00een\u021belege nimic ce se \u00eent\u00e2mpl\u0103. (a seiceas, nerazberiha tacaia.<\/p>\n<p>Deputatul Blocului \u201eVictorie\u201d, Vadim Fotescu, i-a felicitat pe veteranii Alexei Larionov \u0219i Iurii Egorov cu ocazia s\u0103rb\u0103torii care va fi marcat\u0103 pe 23 februarie.<\/p>\n<p>Vrem, din numele lui Ilan Mironovici \u0219i a \u00eentregului Bloc \u201dVictorie\u201d s\u0103 v\u0103 felicit\u0103m cu ocazia Zilei Armatei Sovietice \u0219i a Marinei. Aceast\u0103 s\u0103rb\u0103toare va fi transmis\u0103 din genera\u021bie \u00een genera\u021bie. Ea este deosebit de important\u0103 pentru cei care au depus jur\u0103m\u00e2ntul \u00eenc\u0103 \u00een Armata Sovoetic\u0103, pentru cei care au f\u0103cut acest serviciu militar.<\/p>\n<p>(Veteranul) Desigur, aceast\u0103 s\u0103rb\u0103toare, pentru noi, militarii, este foarte important\u0103 \u0219i noi s\u0103rb\u0103torim. -Desigur, noi suntem nepo\u021bii biruitorilor, dvs sunte\u021bi un biruitor \u0219i, desigur, aceasta este o s\u0103rb\u0103toare.<\/p>\n<p>Vadim Fotescu le-a mul\u021bumit veteranilor pentru d\u0103ruire, curaj \u0219i faptele eroice care, al\u0103turi de camarazii lor, au adus pacea pe p\u0103m\u00e2nt. Totodat\u0103, deputatul a subliniat c\u0103 nu putem nega istoria, \u00eentruc\u00e2t f\u0103r\u0103 omagierea trecutului nu exist\u0103 iubire de \u021bar\u0103 \u0219i nici viitor.<\/p>\n<p>VADIM FOTESCU, deputat Blocul \u201dVictorie\u201d<\/p>\n<p>Din p\u0103cate, vedem cum anumite for\u021be \u00eencearc\u0103 acum s\u0103 rescrie istoria, \u00eencearc\u0103 s\u0103 spun\u0103 pove\u0219ti noii genera\u021bii, precum c\u0103 rom\u00e2nii fasci\u0219ti au eliberat Moldova, uit\u00e2nd adev\u0103rul istoric. De aceea este foarte important ca oameni ca dumneavoastr\u0103, participan\u021bi direc\u021bi la acele ac\u021biuni de lupt\u0103, s\u0103 poat\u0103 pove\u0219ti adev\u0103rul despre ce pre\u021b a avut victoria! V\u0103 mul\u021bumim din toat\u0103 inima! La mul\u021bi ani!<\/p>\n<p>Veteranii, la r\u00e2ndul lor, au mul\u021bumit forma\u021biunii politice \u0219i i- au \u00eemp\u0103rt\u0103\u0219it deputatului momente din r\u0103zboi care i-au marcat pentru \u00eentreaga via\u021b\u0103.<\/p>\n<p>IURII EGOROV, veteran al celui de-al Doilea R\u0103zboi Mondial<\/p>\n<p>Avioanele au \u00eenceput s\u0103 bombardeze \u0219i s\u0103 trag\u0103. Una dintre b\u0103rcile cu copii a fost lovit\u0103 de o bomb\u0103, iar avioanele au f\u0103cut o rota\u021bie \u0219i s-au preg\u0103tit pentru un nou atac. Atunci, mamele de pe celelalte b\u0103rci, \u00eentr-un singur impuls, s-au ridicat cu copiii \u00een bra\u021be, preg\u0103tindu-se s\u0103 \u00eenfrunte moartea apropiat\u0103.\u00a0Au f\u0103cut dou\u0103 cercuri, nu au mai tras, nu au mai bombardat \u0219i au plecat.<\/p>\n<p>Sunt istorii triste, tragice chiar care nu ar trebui s\u0103 mai existe niciodat\u0103, nic\u0103ieri, a ad\u0103ugat deputatul grupului parlamentar \u201dVictorie\u201d. Blocul politic \u201eVictorie\u201d a subliniat \u00een repetate r\u00e2nduri importan\u021ba cultiv\u0103rii respectului fa\u021b\u0103 de sacrificiile uria\u0219e f\u0103cute de \u00eenainta\u0219ii no\u0219tri \u00een numele p\u0103cii \u00een r\u00e2ndul tinerei genera\u021bii. Tradi\u021bia de a felicita veteranii exist\u0103 \u00een echipa lui Ilan \u0218or din 2015.<\/p>\n<p>Preciz\u0103m c\u0103 anul acesta, deputa\u021bii grupului parlamentar \u201eVictoria\u201d au propus declararea anului 2025 ca Anul \u2013 80 de ani de la Marea Victorie, \u00eens\u0103 aceast\u0103 ini\u021biativ\u0103 nu a fost sus\u021binut\u0103 de PAS. Cu toate acestea, echipa lui Ilan \u0218or preg\u0103te\u0219te un program amplu de festivit\u0103\u021bi \u00een toat\u0103 \u021bara.<\/p>\n<\/div>\n","protected":false},"excerpt":{"rendered":"<div><img loading=\"lazy\" decoding=\"async\" width=\"696\" height=\"336\" src=\"https:\/\/canal5.md\/wp-content\/uploads\/2025\/02\/blob-4-2-optimized.jpg\" class=\"attachment-large size-large wp-post-image\" alt=\"\" srcset=\"https:\/\/canal5.md\/wp-content\/uploads\/2025\/02\/blob-4-2-optimized.jpg 977w, https:\/\/canal5.md\/wp-content\/uploads\/2025\/02\/blob-4-2-300x145-optimized.jpg 300w, https:\/\/canal5.md\/wp-content\/uploads\/2025\/02\/blob-4-2-768x370-optimized.jpg 768w, https:\/\/canal5.md\/wp-content\/uploads\/2025\/02\/blob-4-2-696x336-optimized.jpg 696w\">Flori \u0219i recuno\u0219tin\u021b\u0103 pentru eroi. \u00cen apropierea zilei de 23 februarie, Ziua Ap\u0103r\u0103torului Patriei, care continu\u0103 s\u0103 fie s\u0103rb\u0103torit\u0103 \u00een spa\u021biul CSI, reprezentan\u021bii Blocului \u201eVictorie\u201d au venit cu felicit\u0103ri \u0219i daruri pentru veteranii celui de-al Doilea R\u0103zboi Mondial. Parlamentarii au vizitat eroii \u0219i le-au mul\u021bumit pentru eroismul lor din timpul r\u0103zboiului, pentru pacea de pe [\u2026]<\/div>\n","protected":false},"author":1,"featured_media":67640,"comment_status":"closed","ping_status":"closed","sticky":false,"template":"","format":"standard","meta":{"jnews-multi-image_gallery":[],"jnews_single_post":[],"jnews_primary_category":[],"jnews_social_meta":[],"jnews_override_counter":[],"footnotes":""},"categories":[30],"tags":[],"class_list":["post-67639","post","type-post","status-publish","format-standard","has-post-thumbnail","hentry","category-social_ro"],"_links":{"self":[{"href":"https:\/\/orheifm.live\/index.php\/wp-json\/wp\/v2\/posts\/67639","targetHints":{"allow":["GET"]}}],"collection":[{"href":"https:\/\/orheifm.live\/index.php\/wp-json\/wp\/v2\/posts"}],"about":[{"href":"https:\/\/orheifm.live\/index.php\/wp-json\/wp\/v2\/types\/post"}],"author":[{"embeddable":true,"href":"https:\/\/orheifm.live\/index.php\/wp-json\/wp\/v2\/users\/1"}],"replies":[{"embeddable":true,"href":"https:\/\/orheifm.live\/index.php\/wp-json\/wp\/v2\/comments?post=67639"}],"version-history":[{"count":0,"href":"https:\/\/orheifm.live\/index.php\/wp-json\/wp\/v2\/posts\/67639\/revisions"}],"wp:featuredmedia":[{"embeddable":true,"href":"https:\/\/orheifm.live\/index.php\/wp-json\/wp\/v2\/media\/67640"}],"wp:attachment":[{"href":"https:\/\/orheifm.live\/index.php\/wp-json\/wp\/v2\/media?parent=67639"}],"wp:term":[{"taxonomy":"category","embeddable":true,"href":"https:\/\/orheifm.live\/index.php\/wp-json\/wp\/v2\/categories?post=67639"},{"taxonomy":"post_tag","embeddable":true,"href":"https:\/\/orheifm.live\/index.php\/wp-json\/wp\/v2\/tags?post=67639"}],"curies":[{"name":"wp","href":"https:\/\/api.w.org\/{rel}","templated":true}]}}