{"id":67637,"date":"2025-02-21T22:29:03","date_gmt":"2025-02-21T20:29:03","guid":{"rendered":"https:\/\/orheifm.live\/index.php\/2025\/02\/21\/beneficiarii-centrului-rus-de-cultura-din-chisinau-se-opun-ferm-inchiderii-institutiei-si-subliniaza-importanta-acesteia-pentru-tineret-si-cultura-video\/"},"modified":"2025-02-21T22:29:03","modified_gmt":"2025-02-21T20:29:03","slug":"beneficiarii-centrului-rus-de-cultura-din-chisinau-se-opun-ferm-inchiderii-institutiei-si-subliniaza-importanta-acesteia-pentru-tineret-si-cultura-video","status":"publish","type":"post","link":"https:\/\/orheifm.live\/index.php\/2025\/02\/21\/beneficiarii-centrului-rus-de-cultura-din-chisinau-se-opun-ferm-inchiderii-institutiei-si-subliniaza-importanta-acesteia-pentru-tineret-si-cultura-video\/","title":{"rendered":"Beneficiarii Centrului Rus de Cultur\u0103 din Chi\u0219in\u0103u se opun ferm \u00eenchiderii institu\u021biei \u0219i subliniaz\u0103 importan\u021ba acesteia pentru tineret \u0219i cultur\u0103 |VIDEO"},"content":{"rendered":"<div>\n<p><strong>Centrul Rus de \u0218tiin\u021b\u0103 \u0219i Cultur\u0103 din Chi\u0219in\u0103u reprezint\u0103 o platform\u0103 de dezvoltare pentru viitoarea genera\u021bie, dar \u0219i a culturii ruse. De aceast\u0103 p\u0103rere sunt arti\u0219tii, profesorii \u0219i to\u021bi vizitatorii centrului, care particip\u0103 zilnic la tot felul de evenimente festive, organizate \u00een cadrul institu\u021biei. <\/strong><br \/>\n<iframe loading=\"lazy\" title=\"YouTube video player\" src=\"https:\/\/www.youtube.com\/embed\/uBu9oC9UUeo?si=zWmWkmY5zPH2aSUG\" width=\"560\" height=\"315\" frameborder=\"0\" allowfullscreen=\"allowfullscreen\"><\/iframe><br \/>\nR\u0103fuiala, cu tot ceea ce reprezint\u0103 cultura, nu ar trebui s\u0103 existe din cauza unor politici sau a unor ne\u00een\u021belegeri \u00eentre marile puteri, mai spun oamenii.<\/p>\n<p>Centrul Rus de \u0218tiin\u021b\u0103 \u0219i Cultur\u0103 din Chi\u0219in\u0103u reprezint\u0103 o platform\u0103 de dezvoltare pentru viitoarea genera\u021bie, dar \u0219i a culturii ruse. De aceast\u0103 p\u0103rere sunt arti\u0219tii, profesorii \u0219i to\u021bi vizitatorii centrului, care particip\u0103 zilnic la tot felul de evenimente festive, organizate \u00een cadrul institu\u021biei. R\u0103fuiala, cu tot ceea ce reprezint\u0103 cultura, nu ar trebui s\u0103 existe din cauza unor politici sau a unor ne\u00een\u021belegeri \u00eentre marile puteri, mai spun oamenii.\u00a0cant\u0103 la pian<\/p>\n<p>Centrul Rus de \u0218tiin\u021b\u0103 \u0219i Cultur\u0103 din Chi\u0219in\u0103u organizeaz\u0103 anual numeroase festivaluri, care atrag sute de participan\u021bi din \u00eentreaga \u021bar\u0103. La aceste evenimente, at\u00e2t tinerii, c\u00e2t \u0219i adul\u021bii pasiona\u021bi de cultura rus\u0103, au ocazia s\u0103 se implice \u00een activit\u0103\u021bi educa\u021bionale \u0219i culturale variate.<\/p>\n<p>\u00cen plus, pe l\u00e2ng\u0103 festivaluri, sunt organizate cursuri de limba rus\u0103 pentru toate nivelurile, evenimente culturale, expozi\u021bii \u0219i spectacole care pun \u00een valoare tradi\u021biile \u0219i valorile culturale ale Rusiei. Centrul dispune, de asemenea, de o bibliotec\u0103 vast\u0103, cu acces la o colec\u021bie variat\u0103 de c\u0103r\u021bi, publica\u021bii \u0219i materiale audiovizuale \u00een limba rus\u0103, inclusiv literatur\u0103 clasic\u0103 \u0219i contemporan\u0103, dar \u0219i lucr\u0103ri academice \u0219i de specialitate.<\/p>\n<p>Pre\u0219edintele Centrului, Dumitru Nikolaev, a condamnat inten\u021bia de \u00eenchidere a institu\u021biei, subliniind c\u0103 acest lucru ar l\u0103sa copiii f\u0103r\u0103 o platform\u0103 esen\u021bial\u0103 pentru dezvoltarea lor.<\/p>\n<p>DUMITRU NIKOLAEV, pre\u0219edintele Centrului Rus de \u0218tiin\u021b\u0103 \u0219i Cultur\u0103<\/p>\n<p>Exist\u0103 mul\u021bi copii cu poten\u021bial, dar nu to\u021bi devin talente. De ce? Pentru c\u0103 nu are cine s\u0103 lucreze cu ei. Talentul nu se dezvolt\u0103 singur, ci prin munc\u0103 organizat\u0103 \u0219i constant\u0103. Prin festivaluri, prin oportunit\u0103\u021bi de a performa, prin interac\u021biuni cu profesioni\u0219ti. Festivalurile noastre, care exist\u0103 datorit\u0103 Centrului Rus de Cultur\u0103, sunt esen\u021biale pentru aceast\u0103 dezvoltare.<\/p>\n<p>Dac\u0103 acest centru dispare, vom avea mari probleme: nu vom mai avea spa\u021bii pentru evenimente, nu vom mai avea echipamente, nu vom mai avea speciali\u0219ti califica\u021bi, oameni care \u0219tiu s\u0103 lucreze cu copiii \u0219i tinerii, oameni cu experien\u021b\u0103, profesioni\u0219ti, doctori \u00een \u0219tiin\u021be \u0219i personalit\u0103\u021bi culturale recunoscute. A lucra cu copiii este o munc\u0103 special\u0103 \u0219i esen\u021bial\u0103. \u0218i dac\u0103 acest centru este \u00eenchis, vom pierde o parte important\u0103 din cultura \u0219i viitorul nostru.<\/p>\n<p>La r\u00e2ndul lor, profesorii care activeaz\u0103 \u00een cadrul Centrului Rus de \u0218tiin\u021b\u0103 \u0219i Cultur\u0103 subliniaz\u0103 importan\u021ba crucial\u0103 a continu\u0103rii activit\u0103\u021bii institu\u021biei. Ace\u0219tia consider\u0103 c\u0103 evenimentele organizate de centru contribuie semnificativ la crearea unui spa\u021biu cultural rusesc prietenos, \u00een special pentru tineri.<\/p>\n<p>\u00cen acela\u0219i timp, dasc\u0103lii resping ferm specula\u021biile care sugereaz\u0103 c\u0103 centrul ar fi plin<br \/>\nde \u201dspioni\u201d, numindu-le o abera\u021bie total\u0103.<\/p>\n<p>LUDMILA SLEP\u021aOVA, vicepre\u0219edintele Centrului Rus de \u0218tiin\u021b\u0103 \u0219i Cultur\u0103<\/p>\n<p>Aici interpret\u0103m muzic\u0103, c\u00e2nt\u0103m c\u00e2ntece \u00een limba rus\u0103, iar festivalul nostru devine tot mai popular cu fiecare an. Chiar \u0219i \u00een cei mai dificili ani ai pandemiei, am reu\u0219it s\u0103-l organiz\u0103m. Indiferent de circumstan\u021bele actuale, continu\u0103m s\u0103 primim \u00eenscrierile celor care doresc s\u0103 participe la festival.<\/p>\n<p>Acest centru este inima activit\u0103\u021bii culturale \u0219i educa\u021bionale pentru tineret. Faptul c\u0103 se \u00eencearc\u0103 \u00eenchiderea sa este, \u00een opinia mea, o crim\u0103 \u00eempotriva culturii \u0219i a genera\u021biei viitoare. Trebuie s\u0103 facem tot posibilul pentru a p\u0103stra acest centru a\u0219a cum este acum, pentru binele copiilor \u0219i tinerilor care cresc aici.<\/p>\n<p>VALENTINA DELIMARSKAIA, profesor de limba \u0219i literatura rus\u0103<\/p>\n<p>Activitatea Centrului este absolut necesar\u0103. \u00cen orice organiza\u021bie comunitar\u0103 exist\u0103 un spa\u021biu unde oamenii pot vorbi limba lor matern\u0103 \u0219i \u00ee\u0219i pot p\u0103stra cultura. Fiecare na\u021bionalitate are dreptul la un loc unde s\u0103 tr\u0103iasc\u0103 \u0219i s\u0103 transmit\u0103 mai departe tradi\u021biile familiei, din genera\u021bie \u00een genera\u021bie.<\/p>\n<p>Aceast\u0103 platform\u0103, aceast\u0103 sal\u0103, este indispensabil\u0103, pentru c\u0103 aici c\u00e2nt\u0103m, citim, comunic\u0103m, avem teatru de p\u0103pu\u0219i, proiec\u021bii de filme, \u00eent\u00e2lniri culturale \u0219i s\u0103rb\u0103tori de Anul Nou pentru copii.<\/p>\n<p>MARINA MAMALIG\u0102, profesoar\u0103 de muzic\u0103<\/p>\n<p>Este un loc \u00een care tinerii arti\u0219ti \u00ee\u0219i pot face debutul. Scena este mic\u0103, sala este intim\u0103 \u0219i confortabil\u0103, ceea ce \u00eei ajut\u0103 pe copii \u0219i tineri s\u0103 se simt\u0103 \u00een largul lor. Este un prim pas, un loc unde pot c\u00e2\u0219tiga \u00eencredere \u00eenainte de a evolua pe scenele mai mari ale Chi\u0219in\u0103ului.<\/p>\n<p>Nu mi se pare c\u0103 acest centru desf\u0103\u0219oar\u0103 vreo activitate agresiv\u0103. Rolul s\u0103u este pur cultural, axat pe dezvoltarea tinerilor arti\u0219ti. Nu v\u0103d nimic r\u0103u \u00een faptul c\u0103 tinerii interpreteaz\u0103 muzic\u0103 rus\u0103 sau recit\u0103 poezii ale scriitorilor ru\u0219i.<\/p>\n<p>P\u0103rin\u021bii tinerilor vizitatori ai acestei institu\u021bii de cultur\u0103 sunt, de asemenea, \u00eempotriva lichid\u0103rii ei, av\u00e2nd \u00een vedere c\u0103, \u00een fiecare zi, copiii lor frecventeaz\u0103 centrul pentru a-\u0219i dezvolta talentele \u0219i pentru a avea oportunit\u0103\u021bi de a deveni cineva \u00een via\u021b\u0103. Ei consider\u0103 c\u0103 aceast\u0103 institu\u021bie joac\u0103 un rol esen\u021bial \u00een formarea viitoarelor genera\u021bii.<\/p>\n<p>ECATERINA, p\u0103rinte<\/p>\n<p>Cred c\u0103 acest Centru este necesar, deoarece aici copiii \u00ee\u0219i dezvolt\u0103 talentele noi. Este a treia oar\u0103 c\u00e2nd particip\u0103m aici. Copilul meu este mul\u021bumit, suntem foarte mul\u021bumi\u021bi de tot, ne place. Atmosfera este foarte cald\u0103, ca \u00eentr-o familie. Nimeni nu se simte jenat, to\u021bi se simt ca acas\u0103.<\/p>\n<p>Desigur, a\u0219 vrea ca acest centru s\u0103 existe \u00een continuare.<\/p>\n<p>Am venit cu nepoata. Vreau s\u0103 o ascult c\u00e2nt\u00e2nd pe scen\u0103, s\u0103 ascult \u0219i al\u021bi participan\u021bi.<\/p>\n<p>Cred c\u0103 sunt mul\u021bi copii care vin aici \u0219i ar trebui s\u0103 continue s\u0103 vin\u0103. Mi-a\u0219 dori foarte mult ca acest centru s\u0103 r\u0103m\u00e2n\u0103 deschis.<\/p>\n<p>Amintim c\u0103 decizia autorit\u0103\u021bilor de a \u00eenchide Centrul Cultural Rus din Chi\u0219in\u0103u este un r\u0103spuns la presupusele ac\u021biuni repetate ale Federa\u021biei Ruse de \u00eenc\u0103lcare a spa\u021biului aerian al Republicii Moldova, dup\u0103 ce resturi de drone au fost descoperite \u00een 13 februarie \u00een sudul \u021b\u0103rii.<\/p>\n<p>Asta, de\u0219i rezultatele anchetei privind provenien\u021ba aparatelor de zbor nu au fost anun\u021bate \u00eenc\u0103. \u00cen acest context, Dorin Recean a numit Casa Rus\u0103 un centru de influen\u021b\u0103, iar Mihai Pop\u0219oi o amenin\u021bare la adresa securit\u0103\u021bii na\u021bionale.<\/p>\n<p>Centrul Rus de \u0218tiin\u021b\u0103 \u0219i Cultur\u0103 respinge aceste afirma\u021bii \u0219i sus\u021bine c\u0103 activitatea sa se axeaz\u0103 doar pe organizarea evenimentelor culturale cu poe\u021bi, scriitori \u0219i copii \u0219i nu are nicio leg\u0103tur\u0103 cu cele \u00eent\u00e2mplate.<\/p>\n<p>\u00cen acela\u0219i timp, liderul Blocului \u201eVictorie\u201d, Ilan \u0218or a anun\u021bat c\u0103 lucreaz\u0103 la lansarea unei ini\u021biative de amploare pentru crearea unei re\u021bele a \u201dCasei Ruse\u0219ti\u201d \u00een toat\u0103 Moldova. Anul acesta, blocul \u00ee\u0219i propune s\u0103 deschid\u0103 peste o mie de astfel de centre \u00een fiecare localitate unde oamenii vorbesc, g\u00e2ndesc \u0219i simt \u00een limba rus\u0103.<\/p>\n<p>Centrul Rus din Chi\u0219in\u0103u a \u00eenceput s\u0103 func\u021bioneze \u00een februarie 2009. Pe site-ul organiza\u021biei se men\u021bioneaz\u0103 c\u0103 aceasta se ocup\u0103 cu \u201epromovarea culturii ruse, educa\u021biei \u0219i \u0219tiin\u021bei ruse\u0219ti; sprijinirea cona\u021bionalilor; consolidarea pozi\u021biiei limbii ruse; conservarea patrimoniului istoric \u0219i memorial; diploma\u021bia public\u0103 \u0219i schimburile de experien\u021b\u0103\u201d.<\/p>\n<p>Men\u021bion\u0103m c\u0103 guvernarea PAS s-a r\u0103fuit anterior cu zeci de angaja\u021bi ai Ambasadei Federa\u021biei Ruse la Chi\u0219in\u0103u, acuz\u00e2ndu-i de spionaj. De\u0219i a trecut aproape un an de atunci, nu au prezentat dovezi care s\u0103 sus\u021bin\u0103 aceste acuza\u021bii. Astfel, aceste afirma\u021bii r\u0103m\u00e2n simple inven\u021bii sterile ale autorit\u0103\u021bilor de la Chi\u0219in\u0103u.<\/p>\n<\/div>\n","protected":false},"excerpt":{"rendered":"<div><img loading=\"lazy\" decoding=\"async\" width=\"696\" height=\"453\" src=\"https:\/\/canal5.md\/wp-content\/uploads\/2025\/02\/1739966359_snimok-jekrana-2025-02-19-v-13_57_09-optimized.png\" class=\"attachment-large size-large wp-post-image\" alt=\"\" srcset=\"https:\/\/canal5.md\/wp-content\/uploads\/2025\/02\/1739966359_snimok-jekrana-2025-02-19-v-13_57_09-optimized.png 700w, https:\/\/canal5.md\/wp-content\/uploads\/2025\/02\/1739966359_snimok-jekrana-2025-02-19-v-13_57_09-300x195-optimized.png 300w, https:\/\/canal5.md\/wp-content\/uploads\/2025\/02\/1739966359_snimok-jekrana-2025-02-19-v-13_57_09-696x453-optimized.png 696w\">Centrul Rus de \u0218tiin\u021b\u0103 \u0219i Cultur\u0103 din Chi\u0219in\u0103u reprezint\u0103 o platform\u0103 de dezvoltare pentru viitoarea genera\u021bie, dar \u0219i a culturii ruse. De aceast\u0103 p\u0103rere sunt arti\u0219tii, profesorii \u0219i to\u021bi vizitatorii centrului, care particip\u0103 zilnic la tot felul de evenimente festive, organizate \u00een cadrul institu\u021biei. R\u0103fuiala, cu tot ceea ce reprezint\u0103 cultura, nu ar trebui s\u0103 [\u2026]<\/div>\n","protected":false},"author":1,"featured_media":67638,"comment_status":"closed","ping_status":"closed","sticky":false,"template":"","format":"standard","meta":{"jnews-multi-image_gallery":[],"jnews_single_post":[],"jnews_primary_category":[],"jnews_social_meta":[],"jnews_override_counter":[],"footnotes":""},"categories":[30],"tags":[],"class_list":["post-67637","post","type-post","status-publish","format-standard","has-post-thumbnail","hentry","category-social_ro"],"_links":{"self":[{"href":"https:\/\/orheifm.live\/index.php\/wp-json\/wp\/v2\/posts\/67637","targetHints":{"allow":["GET"]}}],"collection":[{"href":"https:\/\/orheifm.live\/index.php\/wp-json\/wp\/v2\/posts"}],"about":[{"href":"https:\/\/orheifm.live\/index.php\/wp-json\/wp\/v2\/types\/post"}],"author":[{"embeddable":true,"href":"https:\/\/orheifm.live\/index.php\/wp-json\/wp\/v2\/users\/1"}],"replies":[{"embeddable":true,"href":"https:\/\/orheifm.live\/index.php\/wp-json\/wp\/v2\/comments?post=67637"}],"version-history":[{"count":0,"href":"https:\/\/orheifm.live\/index.php\/wp-json\/wp\/v2\/posts\/67637\/revisions"}],"wp:featuredmedia":[{"embeddable":true,"href":"https:\/\/orheifm.live\/index.php\/wp-json\/wp\/v2\/media\/67638"}],"wp:attachment":[{"href":"https:\/\/orheifm.live\/index.php\/wp-json\/wp\/v2\/media?parent=67637"}],"wp:term":[{"taxonomy":"category","embeddable":true,"href":"https:\/\/orheifm.live\/index.php\/wp-json\/wp\/v2\/categories?post=67637"},{"taxonomy":"post_tag","embeddable":true,"href":"https:\/\/orheifm.live\/index.php\/wp-json\/wp\/v2\/tags?post=67637"}],"curies":[{"name":"wp","href":"https:\/\/api.w.org\/{rel}","templated":true}]}}