{"id":67635,"date":"2025-02-21T22:26:51","date_gmt":"2025-02-21T20:26:51","guid":{"rendered":"https:\/\/orheifm.live\/index.php\/2025\/02\/21\/ce-legatura-au-dronele-cu-asta-raspunsul-ambasadei-rusiei-la-decizia-de-a-inchide-casa-rusa-video\/"},"modified":"2025-02-21T22:26:51","modified_gmt":"2025-02-21T20:26:51","slug":"ce-legatura-au-dronele-cu-asta-raspunsul-ambasadei-rusiei-la-decizia-de-a-inchide-casa-rusa-video","status":"publish","type":"post","link":"https:\/\/orheifm.live\/index.php\/2025\/02\/21\/ce-legatura-au-dronele-cu-asta-raspunsul-ambasadei-rusiei-la-decizia-de-a-inchide-casa-rusa-video\/","title":{"rendered":"Ce leg\u0103tur\u0103 au dronele cu asta: R\u0103spunsul Ambasadei Rusiei la decizia de a \u00eenchide Casa Rus\u0103 |VIDEO"},"content":{"rendered":"<div>\n<p><strong>\u00a0Ambasada Federa\u021biei Rusiei la Chi\u0219in\u0103u a reac\u021bionat la comentariul ministrului Culturii al Republicii Moldova, Sergiu Prodan, referitor la inten\u021bia autorit\u0103\u021bilor de a \u00eenchide Centrul Rus de \u0218tiin\u021b\u0103 \u0219i Cultur\u0103. <\/strong><br \/>\n<iframe loading=\"lazy\" title=\"YouTube video player\" src=\"https:\/\/www.youtube.com\/embed\/9qiSL2c8u2Y?si=Oq6HjOTt-lpGjidd\" width=\"560\" height=\"315\" frameborder=\"0\" allowfullscreen=\"allowfullscreen\"><\/iframe><br \/>\n\u00centr-un comunicat oficial, institu\u021bia s-a ar\u0103tat nedumerit\u0103 de afirma\u021biile \u00een acest sens ale oficialilor moldoveni, numind argumentele lor incoerente \u0219i neclare \u0219i a subliniat c\u0103 decizia de \u00eenchidere a Casei Ruse ar putea avea un impact negativ asupra rela\u021biilor culturale \u0219i \u0219tiin\u021bifice dintre cele dou\u0103 \u021b\u0103ri.<\/p>\n<p>\u00centr-un comunicat pe re\u021belele de socializare, Ambasada Federa\u021biei Ruse la Chi\u0219in\u0103u a declarat c\u0103 argumentele greu de \u00een\u021beles ale oficialilor moldoveni pe aceast\u0103 tem\u0103 st\u00e2rnesc confuzie.<\/p>\n<p>Din 13 februarie, partea moldoveneasc\u0103 a insistat, f\u0103r\u0103 s\u0103 clipeasc\u0103, c\u0103 motivul noului demers neprietenos ar fi fost, chipurile, c\u0103derea \u00een sudul \u021b\u0103rii a unor \u201edrone ruse\u0219ti\u201d.<\/p>\n<p>Apropo, p\u00e2n\u0103 acum nu ne-au fost prezentate circumstan\u021be de fapt cu adev\u0103rat confirmate, nici rezultate conving\u0103toare ale vreunei investiga\u021bii. Iar acum ministrul culturii afirm\u0103, f\u0103r\u0103 ocoli\u0219uri, c\u0103 retragerea din Acordul interguvernamental din 1998 ar fi \u201eun proces planificat din timp\u201d, , se spune \u00een text.<\/p>\n<p>Tot acolo, ambasada men\u021bioneaz\u0103 c\u0103 Este de mirare declara\u021bia neconform\u0103 realit\u0103\u0163ii privind deschiderea Chi\u0219in\u0103ului spre o cooperare cultural\u0103 cu toate \u021b\u0103rile lumii, condi\u021bia fiind ca aceasta s\u0103 nu se transforme \u201e\u00een influen\u021b\u0103 necorespunz\u0103toare sau \u00een \u00eencerc\u0103ri de a submina autoritatea statului\u201d. \u00cen ce fel func\u021bionarea Centrului Cultural submineaz\u0103 autoritatea Republicii Moldova? \u00eentreab\u0103 nedumerit\u0103 diploma\u021bia rus\u0103.<\/p>\n<p>\u201dAfirma\u021bia despre apartenen\u021ba la stat a Casei Ruse este \u0219i ea absurd\u0103, dat\u0103 fiind practica interna\u021bional\u0103 r\u0103sp\u00e2ndit\u0103 de instituire reciproc\u0103 a unor astfel de structuri pentru comunicare \u00eentre oameni de \u0219tiin\u021b\u0103 \u0219i cultur\u0103.<\/p>\n<p>Tocmai de aceast\u0103 platform\u0103, \u00een inten\u021bia autorit\u0103\u021bilor, popoarele noastre urmeaz\u0103 s\u0103 fie lipsite. Am dori s\u0103 fie clar un lucru: Centrul Rus \u00ee\u0219i desf\u0103\u0219oar\u0103 activitatea \u00een strict\u0103 conformitate cu spiritul \u0219i litera Acordului men\u021bionat, precum \u0219i cu legisla\u021bia na\u021bional\u0103 a Republicii Moldova.<\/p>\n<p>El are ca scop, \u00een primul r\u00e2nd, p\u0103strarea \u0219i promovarea patrimoniului cultural comun ruso- moldovenesc. \u00cen peste 15 ani de activitatea sa deschis\u0103 \u0219i transparent\u0103, Casa Rus\u0103 a devenit un loc de r\u0103suflare pentru reprezentan\u021bi ai diferitelor genera\u021bii \u0219i meserii. P\u00e2n\u0103 \u00een prezent, nu au fost f\u0103cute obiec\u021bii privind natura activit\u0103\u021bii sale\u201d, se mai spune \u00een declara\u021bie.<\/p>\n<p>Totodat\u0103, institu\u021bia afirm\u0103 c\u0103 lipsite de temei sunt comentariile privind presupusa \u201epozi\u021bie agresiv\u0103\u201d a unor personalit\u0103\u021bi culturale vizavi situa\u021bia din Ucraina.<\/p>\n<p>Dac\u0103 reprezentan\u021bii ministerului ar fi urm\u0103rit evenimentele \u00een cauz\u0103, \u00een loc s\u0103 se ghideze dup\u0103 \u00eendrum\u0103ri utopice impuse din afar\u0103, ar \u0219ti bine c\u0103 pe acest palier se fac doar declara\u021bii iubitoare de pace, cu accent pe necesitatea men\u021binerii stabilit\u0103\u021bii \u0219i lini\u0219tii, inclusiv \u00een Republica Moldova.<\/p>\n<p>Se ridic\u0103 \u00eentrebarea: de ce Chi\u0219in\u0103ul continu\u0103, orbe\u0219te, s\u0103 bage \u021bara \u00een \u201epatul lui Procust\u201d al elitelor liberal-globaliste, tot mai anacronice, zeloase s\u0103 creasc\u0103 gradul de escaladare a conflictului ucrainean? Realitatea se schimb\u0103, sub ochii no\u0219tri, \u00een favoarea celor care sunt de partea drept\u0103\u021bii \u0219i bunului sim\u021b. O dovad\u0103 gr\u0103itoare \u00een acest sens au fost negocierile ruso-americane de la Riad.<\/p>\n<p>V\u0103 recomand\u0103m s\u0103 v\u0103 informa\u021bi cu aten\u021bie asupra rezultatelor acestora, mai men\u021bioneaz\u0103 diploma\u021bia, care cheam\u0103 \u00eenc\u0103 o dat\u0103 Chi\u0219in\u0103ul s\u0103 reexamineze aceast\u0103 decizie pripit\u0103, ce contravine ansamblului de \u00een\u021belegeri bilaterale, precum \u0219i intereselor popoarelor celor dou\u0103 \u021b\u0103ri. Autorit\u0103\u021bile vizate nu au reac\u021bionat deocamdat\u0103 la aceast\u0103 pozi\u021bie exprimat\u0103 de misiunea diplomatic\u0103 rus\u0103.<\/p>\n<\/div>\n","protected":false},"excerpt":{"rendered":"<div><img loading=\"lazy\" decoding=\"async\" width=\"696\" height=\"392\" src=\"https:\/\/canal5.md\/wp-content\/uploads\/2025\/02\/i-4-1-1024x576-optimized.webp\" class=\"attachment-large size-large wp-post-image\" alt=\"\" srcset=\"https:\/\/canal5.md\/wp-content\/uploads\/2025\/02\/i-4-1-1024x576-optimized.webp 1024w, https:\/\/canal5.md\/wp-content\/uploads\/2025\/02\/i-4-1-300x169-optimized.webp 300w, https:\/\/canal5.md\/wp-content\/uploads\/2025\/02\/i-4-1-768x432-optimized.webp 768w, https:\/\/canal5.md\/wp-content\/uploads\/2025\/02\/i-4-1-1536x864-optimized.webp 1536w, https:\/\/canal5.md\/wp-content\/uploads\/2025\/02\/i-4-1-2048x1152-optimized.webp 2048w, https:\/\/canal5.md\/wp-content\/uploads\/2025\/02\/i-4-1-696x391-optimized.webp 696w, https:\/\/canal5.md\/wp-content\/uploads\/2025\/02\/i-4-1-1068x600-optimized.webp 1068w, https:\/\/canal5.md\/wp-content\/uploads\/2025\/02\/i-4-1-1920x1080-optimized.webp 1920w\">\u00a0Ambasada Federa\u021biei Rusiei la Chi\u0219in\u0103u a reac\u021bionat la comentariul ministrului Culturii al Republicii Moldova, Sergiu Prodan, referitor la inten\u021bia autorit\u0103\u021bilor de a \u00eenchide Centrul Rus de \u0218tiin\u021b\u0103 \u0219i Cultur\u0103. \u00centr-un comunicat oficial, institu\u021bia s-a ar\u0103tat nedumerit\u0103 de afirma\u021biile \u00een acest sens ale oficialilor moldoveni, numind argumentele lor incoerente \u0219i neclare \u0219i a subliniat c\u0103 decizia [\u2026]<\/div>\n","protected":false},"author":1,"featured_media":67636,"comment_status":"closed","ping_status":"closed","sticky":false,"template":"","format":"standard","meta":{"jnews-multi-image_gallery":[],"jnews_single_post":[],"jnews_primary_category":[],"jnews_social_meta":[],"jnews_override_counter":[],"footnotes":""},"categories":[23],"tags":[],"class_list":["post-67635","post","type-post","status-publish","format-standard","has-post-thumbnail","hentry","category-politica_ro"],"_links":{"self":[{"href":"https:\/\/orheifm.live\/index.php\/wp-json\/wp\/v2\/posts\/67635","targetHints":{"allow":["GET"]}}],"collection":[{"href":"https:\/\/orheifm.live\/index.php\/wp-json\/wp\/v2\/posts"}],"about":[{"href":"https:\/\/orheifm.live\/index.php\/wp-json\/wp\/v2\/types\/post"}],"author":[{"embeddable":true,"href":"https:\/\/orheifm.live\/index.php\/wp-json\/wp\/v2\/users\/1"}],"replies":[{"embeddable":true,"href":"https:\/\/orheifm.live\/index.php\/wp-json\/wp\/v2\/comments?post=67635"}],"version-history":[{"count":0,"href":"https:\/\/orheifm.live\/index.php\/wp-json\/wp\/v2\/posts\/67635\/revisions"}],"wp:featuredmedia":[{"embeddable":true,"href":"https:\/\/orheifm.live\/index.php\/wp-json\/wp\/v2\/media\/67636"}],"wp:attachment":[{"href":"https:\/\/orheifm.live\/index.php\/wp-json\/wp\/v2\/media?parent=67635"}],"wp:term":[{"taxonomy":"category","embeddable":true,"href":"https:\/\/orheifm.live\/index.php\/wp-json\/wp\/v2\/categories?post=67635"},{"taxonomy":"post_tag","embeddable":true,"href":"https:\/\/orheifm.live\/index.php\/wp-json\/wp\/v2\/tags?post=67635"}],"curies":[{"name":"wp","href":"https:\/\/api.w.org\/{rel}","templated":true}]}}