{"id":67633,"date":"2025-02-21T22:21:35","date_gmt":"2025-02-21T20:21:35","guid":{"rendered":"https:\/\/orheifm.live\/index.php\/2025\/02\/21\/asadar-unde-locuieste-de-fapt-seful-gip-viorel-cherneutanu-si-cine-este-proprietarul-casei-de-lux-din-videoclipul-publicat-de-costiuc-investigatie-canal5-video\/"},"modified":"2025-02-21T22:21:35","modified_gmt":"2025-02-21T20:21:35","slug":"asadar-unde-locuieste-de-fapt-seful-gip-viorel-cherneutanu-si-cine-este-proprietarul-casei-de-lux-din-videoclipul-publicat-de-costiuc-investigatie-canal5-video","status":"publish","type":"post","link":"https:\/\/orheifm.live\/index.php\/2025\/02\/21\/asadar-unde-locuieste-de-fapt-seful-gip-viorel-cherneutanu-si-cine-este-proprietarul-casei-de-lux-din-videoclipul-publicat-de-costiuc-investigatie-canal5-video\/","title":{"rendered":"A\u0219adar, unde locuie\u0219te de fapt \u0219eful GIP, Viorel Cherneu\u021banu, \u0219i cine este proprietarul casei de lux din videoclipul publicat de Costiuc? Investiga\u021bie CANAL5 |VIDEO"},"content":{"rendered":"<div>\n<p><strong>Se pare c\u0103 \u0219eful Inspectorului General de Poli\u021bie locuie\u0219te, totu\u0219i, \u00eentr-o cas\u0103 de lux din Coloni\u021ba. Un b\u0103rbat care i-a fost vecin lui Viorel Cern\u0103u\u021beanu la Ciocana, acolo unde acesta a avut apartament \u0219i la v\u00e2ndut, a declarat \u00een exclusivitate pentru Canal 5 c\u0103, \u0219eful IGP a f\u0103cut anul trecut tranzac\u021bia dup\u0103 care s-a mutat \u00een suburbia Chi\u0219in\u0103unului. <\/strong><br \/>\n<iframe loading=\"lazy\" title=\"YouTube video player\" src=\"https:\/\/www.youtube.com\/embed\/WCZsQBQSsFs?si=yAZZbc60aWMxajOY\" width=\"560\" height=\"315\" frameborder=\"0\" allowfullscreen=\"allowfullscreen\"><\/iframe><br \/>\nB\u0103rbatul nu a vrut s\u0103 discute cu noi la camer\u0103, a\u0219a c\u0103 o s\u0103-i p\u0103str\u0103m identitatea.<\/p>\n<p>Se pare c\u0103 \u0219eful Inspectorului General de Poli\u021bie locuie\u0219te, totu\u0219i, \u00eentr-o cas\u0103 de lux din Coloni\u021ba. Un b\u0103rbat care i-a fost vecin lui Viorel Cern\u0103u\u021beanu la Ciocana, acolo unde acesta a avut apartament \u0219i la v\u00e2ndut, a declarat \u00een exclusivitate pentru Canal 5 c\u0103, \u0219eful IGP a f\u0103cut anul trecut tranzac\u021bia dup\u0103 care s-a mutat \u00een suburbia Chi\u0219in\u0103unului. B\u0103rbatul nu a vrut s\u0103 discute cu noi la camer\u0103, a\u0219a c\u0103 o s\u0103-i p\u0103str\u0103m identitatea.<\/p>\n<p>Informa\u021biile despre faptul c\u0103 Viorel Cern\u0103u\u021beanu de\u021bine o cas\u0103 de milioane au fost f\u0103cute publice de liderul \u201eDemocra\u021bia Acas\u0103\u201d, Vasile Costiuc, \u00eentr-un live pe re\u021belele de socializare. \u00cen cadrul filmule\u021bului, Costiuc a declarat c\u0103 imobilul are \u201eun gard de patru metri \u0219i un garaj \u00een care \u00eencape un tanc de-a curmezi\u0219ul\u201d.<\/p>\n<p>\u2013 Peste tot camere video, ia uita\u021bi-v\u0103 \u2013 un gard de patru metri \u0219i un garaj \u00een care \u00eencape un tanc de-a curmezi\u0219ul. Iat\u0103 a\u0219a arat\u0103 o cas\u0103 \u00een care se presupune c\u0103 tr\u0103ie\u0219te Viorel Cern\u0103u\u021beanu.<\/p>\n<p>\u00cen aceea\u0219i zi, jurnali\u0219tii de la CANAL 5 au g\u0103sit o cl\u0103dire impun\u0103toare \u0219i mare. Casa era goal\u0103 \u0219i \u00eentunecat\u0103, la fel ca majoritatea celor din acest cartier, deoarece fie erau \u00een construc\u021bie, fie \u00een renovare. \u00cen momentul \u00een care filmam, un b\u0103rbat pe nume Gheorghe s-a apropiat de noi \u0219i ne-a spus c\u0103 locuin\u021ba \u00eei apar\u021bine \u0219i c\u0103 Cern\u0103u\u021beanu nu locuie\u0219te acolo.<\/p>\n<p>VECINUL LUI CERN\u0102U\u021aEANU<\/p>\n<p>\u2013 Vasea care a filmat casa.<\/p>\n<p>\u2013 Asta este casa dvs?<\/p>\n<p>\u2013 Da.<\/p>\n<p>\u2013 Nu este a lui Cern\u0103u\u021beanu?<\/p>\n<p>\u2013 Uite atent, Cern\u0103u\u021beanu nu locuie\u0219te aici.<\/p>\n<p>\u2013 Dar unde tr\u0103ie\u0219te?<\/p>\n<p>\u2013 Acum am vorbit cu Vasea \u0219i l-am .<\/p>\n<p>Straniu \u0219i curios este \u00eens\u0103 faptul c\u0103 b\u0103rbatul ne-a spus c\u0103 \u0219eful IGP locuie\u0219te \u00een sectorul Ciocana din capital\u0103 \u0219i chiar ne-a dat \u0219i adresa exact\u0103. Ne-am \u00eendreptat acolo pentru a verifica cele spuse. Ajun\u0219i, unul dintre fo\u0219tii vecini de bloc ai lui Cern\u0103u\u021beanu ne- a confirmat c\u0103 acesta, \u00eentr-adev\u0103r, a locuit acolo, dar s-a mutat de aproape jum\u0103tate de an la Coloni\u021ba. B\u0103rbatul nu a vrut s\u0103 discute cu noi la camer\u0103, a\u0219a c\u0103 o s\u0103-i p\u0103str\u0103m identitatea.<\/p>\n<p>\u2013 Dl Cern\u0103u\u021beanu, \u0219eful IGP, locuie\u0219te \u00een acest bloc? Cunoa\u0219te\u021bi?<\/p>\n<p>\u2013 El deja nu locuie\u0219te aici?<\/p>\n<p>\u2013 Dar cine locuie\u0219te?<\/p>\n<p>\u2013 O cump\u0103rat apartamentul ni\u0219te tineri.<\/p>\n<p>\u2013 Dar c\u00e2nd a v\u00e2ndut apartamentul?<\/p>\n<p>\u2013 Undeva \u00een toamn\u0103 asta.<\/p>\n<p>\u2013 Dar nu \u0219ti\u021bi unde locuie\u0219te acum?<\/p>\n<p>\u2013 \u0218tiu.<\/p>\n<p>\u2013 Unde?<\/p>\n<p>\u2013 La Coloni\u021ba.<\/p>\n<p>\u2013 Tr\u0103ie\u0219te la Coloni\u021ba, totu\u0219i, da?<\/p>\n<p>\u2013 Da.<\/p>\n<p>\u2013 Dar \u0219ti\u021bi adresa juridic\u0103 a dumnealui?<\/p>\n<p>\u2013 Nu.<\/p>\n<p>\u2013 Strada (BEEEP), v\u0103 este cunoscut\u0103?<\/p>\n<p>\u2013 Acolo?<\/p>\n<p>\u2013 Da, la Coloni\u021ba.<\/p>\n<p>\u2013 Da, cam a\u0219a.<\/p>\n<p>Tot \u00een aceste zile, portalul de investiga\u021bii Rise Modova a efectuat o cercetare \u00een care afirm\u0103 c\u0103, \u00eentr-adev\u0103r, casa ar\u0103tat\u0103 de Costiuc apar\u021bine \u0219efului IGP, numai c\u0103 a fost procurat\u0103 \u00een comun cu socrii, care au lucrat \u00een Italia. De\u0219i \u0219eful Poli\u021biei de\u021bine 50% din imobil \u0219i din terenul de aproape 7 ari pe care a fost ridicat\u0103 construc\u021bia, lotul nu apare \u00een declara\u021biile sale de avere din ultimii doi ani.<\/p>\n<p>Nici so\u021bia sa, Elena Cern\u0103u\u021beanu, care lucreaz\u0103 la Pre\u0219edin\u021bie, nu-l indic\u0103 \u00een declara\u021bia depus\u0103 la ANI pentru anul 2023. Mai mult dec\u00e2t at\u00e2t, Rise.md subliniaz\u0103 c\u0103 socrul lui Viorel Cern\u0103u\u021beanu, \u0219eful Poli\u021biei, a fost angajat anul trecut \u00een cadrul Inspectoratului General al Poli\u021biei.<\/p>\n<p>\u201dN-a stat mult \u00een func\u021bie \u2013 doar cinci luni \u2013 \u0219i a ridicat un salariu total de 33.000 de lei\u201d, scrie Rise Moldova, care mai men\u021bioneaz\u0103 c\u0103, socrii \u0219efului IGP doneaz\u0103 periodic familiei Cern\u0103u\u021beanu. \u00centre 2017 \u0219i 2023, Viorica \u0219i Grigore Zaia\u021b i-au donat fiicei lor aproape 23 de mii de euro.<\/p>\n<p>Am mers la sediul IGP, pentru a discuta cu Viorel Cern\u0103u\u021beanu, dar f\u0103r\u0103 succes.<\/p>\n<p>MARIA STOIAN, reporter Canal 5<\/p>\n<p>\u00centr-o zi, l-am a\u0219teptat diminea\u021ba la sediul IGP, dar el a\u0219a \u0219i nu a ap\u0103rut. Ast\u0103zi am venit iar\u0103\u0219i, iar securitatea de la intrare ne-a spus c\u0103, generalul are agenda supra\u00eenc\u0103rcat\u0103 \u0219i nu ne poate primi. Am a\u0219teptat un r\u0103spuns de la \u0219efa Serviciului de pres\u0103, dar Diana Fetco, a\u0219a \u0219i nu a ie\u0219it s\u0103 discute cu noi, de\u0219i am a\u0219teptat-o \u00een jur de o or\u0103.<\/p>\n<p>Inspectoratul General de Poli\u021bie a emis miercuri, 19 februarie, un comunicat de pres\u0103, \u00een care a declarat c\u0103: \u201eImobilul cu 3 etaje din Coloni\u021ba, pe care un exponent politic i l-a atribuit \u0219efului IGP, nu apar\u021bine conduc\u0103torului Poli\u021biei, ci unei alte persoane care nu are tangen\u021b\u0103 cu acesta\u201d.<\/p>\n<p>Potrivit declara\u021biei de avere, \u00eentr-adev\u0103r, se constat\u0103 c\u0103 Cern\u0103u\u021beanu a v\u00e2ndut mai multe imobiluri, printre care dou\u0103 garaje \u0219i un apartament de 106.000 de euro, iar \u00een schimb \u0219i-a cump\u0103rat cas\u0103. Datele prezentate la ANI arat\u0103 c\u0103 imobilul ar fi costat<br \/>\n1.850.000 de lei, echivalentul a 97.000 de euro.<\/p>\n<p>\u201e\u00cens\u0103, pre\u0219edintele UNIREA-Odip, Vlad Bile\u021bchi, a g\u0103sit o bucat\u0103 din acel town house care a fost scos la v\u00e2nzare sau care a fost v\u00e2ndut cu suma de 1 milion 100 de mii de euro.<\/p>\n<p>Am contactat \u0219i un agent imobiliar, care ne-a confirmat c\u0103 acest imobil nu poate s\u0103 coste at\u00e2t c\u00e2t a declarat Viorel Cern\u0103u\u021beanu \u00een declara\u021bia sa de avere.<\/p>\n<p>DUMITRU T\u0102R\u0102BURC\u0102, agent imobiliar<\/p>\n<p>\u2013 V\u0103 rog, a\u0219 dori s\u0103 aflu mai multe despre o cas\u0103 situat\u0103 \u00een Coloni\u021ba, care \u00eei apar\u021bine generalului Cern\u0103u\u021beanu. Cum considera\u021bi, care ar fi opinia dumneavoastr\u0103 profesional\u0103, adic\u0103 evaluarea profesional\u0103 a costului celor 7 ari din acest loc, cu o construc\u021bie de 245 de metri p\u0103tra\u021bi, corespunz\u0103tor amenajat\u0103, complet mobilat\u0103 \u0219i dotat\u0103? Cum considera\u021bi, c\u00e2t ar putea costa \u0219i de ce a\u021bi considera acest pre\u021b \u0219i nu altul?<\/p>\n<p>Uita\u021bi-v\u0103. \u2013 Ceea ce am v\u0103zut, din surse deschise, fotografii, video- uri care au fost filmate acolo. \u0218i am citit ceea ce mi-a\u021bi transmis.<\/p>\n<p>Este foarte greu s\u0103 \u00ee\u021bi formezi o opinie complet\u0103. \u2013 Dar nu poate costa mai pu\u021bin de 300-400 de mii de euro. Nu poate costa mai pu\u021bin.<\/p>\n<p>Potrivit ANI, Viorel Cern\u0103u\u021beanu a \u00eencasat pentru anul 2024 un salariu de peste 482.000 de lei, adic\u0103 peste 40.000 de lei lunar. Acum, \u00eentrebarea retoric\u0103: din a\u0219a un salariu de bugetar se poate construi o cas\u0103 de milioane, chiar \u0219i cu ajutorul<br \/>\nsocrului \u201egastarbaiter\u201d, iar dac\u0103 totul este conform legii, de ce s\u0103 ascund\u0103 ceea ce a c\u00e2\u0219tigat cinstit?<\/p>\n<\/div>\n","protected":false},"excerpt":{"rendered":"<div><img loading=\"lazy\" decoding=\"async\" width=\"696\" height=\"432\" src=\"https:\/\/canal5.md\/wp-content\/uploads\/2025\/02\/111111111-1024x635-optimized.jpg\" class=\"attachment-large size-large wp-post-image\" alt=\"\" srcset=\"https:\/\/canal5.md\/wp-content\/uploads\/2025\/02\/111111111-1024x635-optimized.jpg 1024w, https:\/\/canal5.md\/wp-content\/uploads\/2025\/02\/111111111-300x186-optimized.jpg 300w, https:\/\/canal5.md\/wp-content\/uploads\/2025\/02\/111111111-768x476-optimized.jpg 768w, https:\/\/canal5.md\/wp-content\/uploads\/2025\/02\/111111111-1536x953-optimized.jpg 1536w, https:\/\/canal5.md\/wp-content\/uploads\/2025\/02\/111111111-2048x1270-optimized.jpg 2048w, https:\/\/canal5.md\/wp-content\/uploads\/2025\/02\/111111111-696x432-optimized.jpg 696w, https:\/\/canal5.md\/wp-content\/uploads\/2025\/02\/111111111-1068x662-optimized.jpg 1068w, https:\/\/canal5.md\/wp-content\/uploads\/2025\/02\/111111111-1920x1191-optimized.jpg 1920w\">Se pare c\u0103 \u0219eful Inspectorului General de Poli\u021bie locuie\u0219te, totu\u0219i, \u00eentr-o cas\u0103 de lux din Coloni\u021ba. Un b\u0103rbat care i-a fost vecin lui Viorel Cern\u0103u\u021beanu la Ciocana, acolo unde acesta a avut apartament \u0219i la v\u00e2ndut, a declarat \u00een exclusivitate pentru Canal 5 c\u0103, \u0219eful IGP a f\u0103cut anul trecut tranzac\u021bia dup\u0103 care s-a mutat [\u2026]<\/div>\n","protected":false},"author":1,"featured_media":67634,"comment_status":"closed","ping_status":"closed","sticky":false,"template":"","format":"standard","meta":{"jnews-multi-image_gallery":[],"jnews_single_post":[],"jnews_primary_category":[],"jnews_social_meta":[],"jnews_override_counter":[],"footnotes":""},"categories":[30],"tags":[],"class_list":["post-67633","post","type-post","status-publish","format-standard","has-post-thumbnail","hentry","category-social_ro"],"_links":{"self":[{"href":"https:\/\/orheifm.live\/index.php\/wp-json\/wp\/v2\/posts\/67633","targetHints":{"allow":["GET"]}}],"collection":[{"href":"https:\/\/orheifm.live\/index.php\/wp-json\/wp\/v2\/posts"}],"about":[{"href":"https:\/\/orheifm.live\/index.php\/wp-json\/wp\/v2\/types\/post"}],"author":[{"embeddable":true,"href":"https:\/\/orheifm.live\/index.php\/wp-json\/wp\/v2\/users\/1"}],"replies":[{"embeddable":true,"href":"https:\/\/orheifm.live\/index.php\/wp-json\/wp\/v2\/comments?post=67633"}],"version-history":[{"count":0,"href":"https:\/\/orheifm.live\/index.php\/wp-json\/wp\/v2\/posts\/67633\/revisions"}],"wp:featuredmedia":[{"embeddable":true,"href":"https:\/\/orheifm.live\/index.php\/wp-json\/wp\/v2\/media\/67634"}],"wp:attachment":[{"href":"https:\/\/orheifm.live\/index.php\/wp-json\/wp\/v2\/media?parent=67633"}],"wp:term":[{"taxonomy":"category","embeddable":true,"href":"https:\/\/orheifm.live\/index.php\/wp-json\/wp\/v2\/categories?post=67633"},{"taxonomy":"post_tag","embeddable":true,"href":"https:\/\/orheifm.live\/index.php\/wp-json\/wp\/v2\/tags?post=67633"}],"curies":[{"name":"wp","href":"https:\/\/api.w.org\/{rel}","templated":true}]}}