{"id":67631,"date":"2025-02-21T22:23:27","date_gmt":"2025-02-21T20:23:27","guid":{"rendered":"https:\/\/orheifm.live\/index.php\/2025\/02\/21\/lilian-carp-acuzat-de-minciuna-si-presiuni-asupra-procuraturilor-reactiile-consiliului-superior-al-procurorilor-si-procuraturii-anticoruptie-video\/"},"modified":"2025-02-21T22:23:27","modified_gmt":"2025-02-21T20:23:27","slug":"lilian-carp-acuzat-de-minciuna-si-presiuni-asupra-procuraturilor-reactiile-consiliului-superior-al-procurorilor-si-procuraturii-anticoruptie-video","status":"publish","type":"post","link":"https:\/\/orheifm.live\/index.php\/2025\/02\/21\/lilian-carp-acuzat-de-minciuna-si-presiuni-asupra-procuraturilor-reactiile-consiliului-superior-al-procurorilor-si-procuraturii-anticoruptie-video\/","title":{"rendered":"Lilian Carp Acuzat de Minciun\u0103 \u0219i Presiuni Asupra Procuraturilor: Reac\u021biile Consiliului Superior al Procurorilor \u0219i Procuraturii Anticorup\u021bie |VIDEO"},"content":{"rendered":"<div>\n<p><strong>\u00a0Declara\u021biile deputatului PAS, Lilian Carp, pun \u00een pericol onoarea \u0219i demnitatea profesional\u0103 a procurorilor \u0219i afecteaz\u0103 \u00eencrederea cet\u0103\u021benilor \u00een sistemul judiciar. Aceasta este reac\u021bia Consiliului Superior al Procurorilor la afirma\u021biile f\u0103cute joi, de la tribuna parlamentului, de pre\u0219edintele Comisiei pentru Securitate, Lilian Carp. Reprezentan\u021bii partidului de guvern\u0103m\u00e2nt au fost \u00eendemna\u021bi s\u0103 evite retorica ce ar putea submina echilibrul democratic \u0219i reformele \u00een curs.<\/strong><br \/>\n<iframe loading=\"lazy\" title=\"YouTube video player\" src=\"https:\/\/www.youtube.com\/embed\/5tXGT-KbYUA?si=PfSGKkfY5QoWzGJD\" width=\"560\" height=\"315\" frameborder=\"0\" allowfullscreen=\"allowfullscreen\"><\/iframe><br \/>\nLa r\u00e2ndul s\u0103u, Procuratura pentru Combaterea Corup\u021biei a reac\u021bionat \u0219i mai ferm, acuz\u00e2nd deputatul PAS de r\u0103sp\u00e2ndirea minciunilor \u0219i de tentativa de a submina principiile fundamentale ale statului de drept.<\/p>\n<p>Consiliul Superior al Procurorilor a considerat inacceptabile afirma\u021biile pre\u0219edintelui Comisiei parlamentare pentru securitate, Lilian Carp, f\u0103cute pe 20 februarie \u00een timpul \u0219edin\u021bei plenare. \u00centr-un comunicat de pres\u0103, CSP subliniaz\u0103 c\u0103:<\/p>\n<p>\u201eUtilizarea unor expresii ofensatoare de c\u0103tre acesta, la adresa procurorilor, precum \u201ebandi\u021bi obraznici\u201d \u0219i afirma\u021bii ca \u201ecre\u0103m instrumente ca ei s\u0103 nu mai ajung\u0103 \u00een func\u021bii \u00een urma comas\u0103rii\u201d, sunt inacceptabile, afect\u00e2nd grav demnitatea \u0219i reputa\u021bia profesional\u0103 a procurorilor.<\/p>\n<p>CSP subliniaz\u0103 c\u0103 astfel de afirma\u021bii aduc atingere grav\u0103 onoarei \u0219i demnit\u0103\u021bii profesionale a corpului procurorilor \u0219i submineaz\u0103 \u00eencrederea cet\u0103\u021benilor \u00een actul de justi\u021bie. Procurorii \u00ee\u0219i exercit\u0103 atribu\u021biile cu respectarea strict\u0103 a legii, pe baza principiilor de independen\u021b\u0103, impar\u021bialitate \u0219i responsabilitate fa\u021b\u0103 de societate\u201d , se arat\u0103 \u00een comunicat. De asemenea, Consiliul Superior al Procurorilor avertizeaz\u0103 c\u0103 astfel de afirma\u021bii din partea unui reprezentant al puterii pot fi percepute ca o tentativ\u0103 de a exercita presiune asupra activit\u0103\u021bii procurorilor. \u00cen declara\u021bie, CSP aminte\u0219te deputatului necesitatea respect\u0103rii principiului separa\u021biei puterilor \u00een stat.<\/p>\n<p>Men\u021bion\u0103m c\u0103, declara\u021biile deputatului PAS, Lilian Carp au fost f\u0103cute \u00een cadrul \u0219edin\u021bei parlamentului, \u00een timpul dezbaterii proiectului de lege care prevede desfiin\u021barea Procuraturii Anticorup\u021bie \u0219i a Procuraturii pentru Combaterea Criminalit\u0103\u021bii \u0219i Cauzelor Speciale, \u0219i crearea unei noi structuri subordonate Procuraturii Generale.<\/p>\n<p>LILIAN CARP, deputat PAS<\/p>\n<p>\u2013 Acest bandit, care a fost procuror \u0219i de al de D\u00e2nsu mai sunt, care a luat \u0219i a protejat al\u021bi bandi\u021bi \u00een func\u021bie\u2026 \u0218i noi avem ast\u0103zi Procuratur\u0103, indiferent c\u0103-i general\u0103, mai sunt, \u0219i la Procurata anticorup\u021bie \u0219i la PECOX, mai sunt bandi\u021bi de \u0103\u0219tia de peste tot.<\/p>\n<p>Cu o reac\u021bie la declara\u021biile lui Lilian Carp a venit \u0219i Procuratura Anticorup\u021bie, care a acuzat deputatul de r\u0103sp\u00e2ndirea minciunilor \u0219i de exercitarea de presiuni.<\/p>\n<p>\u201eProcuratura Anticorup\u021bie condamn\u0103 ferm declara\u021biile false recente f\u0103cute de un membru al Parlamentului, deputatul PAS Lilian Carp, de la tribuna Parlamentului la 20 februarie 2025, referitoare la presupusa scurgere de informa\u021bii sensibile din partea institu\u021biei noastre.<\/p>\n<p>Aceste acuza\u021bii nefondate \u0219i eronate reprezint\u0103 un atac direct asupra integrit\u0103\u021bii institu\u021biei \u0219i submineaz\u0103 principiile fundamentale care sprijin\u0103 statul de drept \u0219i echilibrul puterii \u00een cadrul statului democratic. Afirm\u0103rile f\u0103cute de deputatul Carp sunt nu doar nefondate, dar servesc la distorsionarea \u00eencrederii publicului \u00een Procuratur\u0103 care protejeaz\u0103 interesele cet\u0103\u021benilor \u0219i garanteaz\u0103 transparen\u021ba, responsabilitatea \u0219i justi\u021bia.<\/p>\n<p>Aceste declara\u021bii fac parte dintr-o \u00eencercare mai larg\u0103 de a politiza \u0219i discredita activitatea esen\u021bial\u0103 a Procuraturii Anticorup\u021bie destinate s\u0103 trag\u0103 la r\u0103spundere pe cei care \u00eencalc\u0103 legea, indiferent de func\u021bie \u00eenalt\u0103 sau culoare politic\u0103\u201d, se men\u021bioneaz\u0103 \u00een comunicatul PA.<\/p>\n<p>P\u00e2n\u0103 la aceast\u0103 or\u0103, Lilian Carp nu a reac\u021bionat la cele men\u021bionate de Procuratura Anticorup\u021bie \u0219i CSP.<\/p>\n<p>Un detaliu important este c\u0103, la fel ca Dr\u0103g\u0103lin \u00eenainte de a pleca, Procuratura Anticorup\u021bie sugera c\u0103 autorit\u0103\u021bile ar \u00eencerca s\u0103 opreasc\u0103 anchetele legate de infrac\u021biunile comise de func\u021bionarii publici.<\/p>\n<p>Totu\u0219i, exper\u021bii spun c\u0103, dac\u0103 procurorii ar fi cu adev\u0103rat corec\u021bi \u0219i principiali, nimic \u0219i nimeni nu ar trebui s\u0103 le blocheze capacitatea de a dovedi vinov\u0103\u021bia infractorilor, indiferent cine ar fi ace\u0219tia. P\u00e2n\u0103 acum, \u00eens\u0103, nu am auzit nimic din partea autorit\u0103\u021bilor cu privire la aceste cazuri. A\u0219adar, unde sunt principiile \u0219i respectarea legii?<\/p>\n<\/div>\n","protected":false},"excerpt":{"rendered":"<div><img loading=\"lazy\" decoding=\"async\" width=\"696\" height=\"464\" src=\"https:\/\/canal5.md\/wp-content\/uploads\/2025\/02\/11.09.2020_briefing_de_presa_al_deputatului_lilian_carp_50330155847-1024x683-optimized.jpg\" class=\"attachment-large size-large wp-post-image\" alt=\"\" srcset=\"https:\/\/canal5.md\/wp-content\/uploads\/2025\/02\/11.09.2020_briefing_de_presa_al_deputatului_lilian_carp_50330155847-1024x683-optimized.jpg 1024w, https:\/\/canal5.md\/wp-content\/uploads\/2025\/02\/11.09.2020_briefing_de_presa_al_deputatului_lilian_carp_50330155847-300x200-optimized.jpg 300w, https:\/\/canal5.md\/wp-content\/uploads\/2025\/02\/11.09.2020_briefing_de_presa_al_deputatului_lilian_carp_50330155847-768x512-optimized.jpg 768w, https:\/\/canal5.md\/wp-content\/uploads\/2025\/02\/11.09.2020_briefing_de_presa_al_deputatului_lilian_carp_50330155847-696x464-optimized.jpg 696w, https:\/\/canal5.md\/wp-content\/uploads\/2025\/02\/11.09.2020_briefing_de_presa_al_deputatului_lilian_carp_50330155847-1068x712-optimized.jpg 1068w, https:\/\/canal5.md\/wp-content\/uploads\/2025\/02\/11.09.2020_briefing_de_presa_al_deputatului_lilian_carp_50330155847-optimized.jpg 1200w\">\u00a0Declara\u021biile deputatului PAS, Lilian Carp, pun \u00een pericol onoarea \u0219i demnitatea profesional\u0103 a procurorilor \u0219i afecteaz\u0103 \u00eencrederea cet\u0103\u021benilor \u00een sistemul judiciar. Aceasta este reac\u021bia Consiliului Superior al Procurorilor la afirma\u021biile f\u0103cute joi, de la tribuna parlamentului, de pre\u0219edintele Comisiei pentru Securitate, Lilian Carp. Reprezentan\u021bii partidului de guvern\u0103m\u00e2nt au fost \u00eendemna\u021bi s\u0103 evite retorica ce ar [\u2026]<\/div>\n","protected":false},"author":1,"featured_media":67632,"comment_status":"closed","ping_status":"closed","sticky":false,"template":"","format":"standard","meta":{"jnews-multi-image_gallery":[],"jnews_single_post":[],"jnews_primary_category":[],"jnews_social_meta":[],"jnews_override_counter":[],"footnotes":""},"categories":[23],"tags":[],"class_list":["post-67631","post","type-post","status-publish","format-standard","has-post-thumbnail","hentry","category-politica_ro"],"_links":{"self":[{"href":"https:\/\/orheifm.live\/index.php\/wp-json\/wp\/v2\/posts\/67631","targetHints":{"allow":["GET"]}}],"collection":[{"href":"https:\/\/orheifm.live\/index.php\/wp-json\/wp\/v2\/posts"}],"about":[{"href":"https:\/\/orheifm.live\/index.php\/wp-json\/wp\/v2\/types\/post"}],"author":[{"embeddable":true,"href":"https:\/\/orheifm.live\/index.php\/wp-json\/wp\/v2\/users\/1"}],"replies":[{"embeddable":true,"href":"https:\/\/orheifm.live\/index.php\/wp-json\/wp\/v2\/comments?post=67631"}],"version-history":[{"count":0,"href":"https:\/\/orheifm.live\/index.php\/wp-json\/wp\/v2\/posts\/67631\/revisions"}],"wp:featuredmedia":[{"embeddable":true,"href":"https:\/\/orheifm.live\/index.php\/wp-json\/wp\/v2\/media\/67632"}],"wp:attachment":[{"href":"https:\/\/orheifm.live\/index.php\/wp-json\/wp\/v2\/media?parent=67631"}],"wp:term":[{"taxonomy":"category","embeddable":true,"href":"https:\/\/orheifm.live\/index.php\/wp-json\/wp\/v2\/categories?post=67631"},{"taxonomy":"post_tag","embeddable":true,"href":"https:\/\/orheifm.live\/index.php\/wp-json\/wp\/v2\/tags?post=67631"}],"curies":[{"name":"wp","href":"https:\/\/api.w.org\/{rel}","templated":true}]}}