{"id":67629,"date":"2025-02-21T22:18:12","date_gmt":"2025-02-21T20:18:12","guid":{"rendered":"https:\/\/orheifm.live\/index.php\/2025\/02\/21\/bascanul-gagauziei-eugenia-gutul-face-apel-catre-donald-trump-pentru-oprirea-sustinerii-regimului-pas-si-maia-sandu-in-moldova-video\/"},"modified":"2025-02-21T22:18:12","modified_gmt":"2025-02-21T20:18:12","slug":"bascanul-gagauziei-eugenia-gutul-face-apel-catre-donald-trump-pentru-oprirea-sustinerii-regimului-pas-si-maia-sandu-in-moldova-video","status":"publish","type":"post","link":"https:\/\/orheifm.live\/index.php\/2025\/02\/21\/bascanul-gagauziei-eugenia-gutul-face-apel-catre-donald-trump-pentru-oprirea-sustinerii-regimului-pas-si-maia-sandu-in-moldova-video\/","title":{"rendered":"Ba\u0219canul G\u0103g\u0103uziei, Eugenia Gu\u021bul, Face Apel c\u0103tre Donald Trump pentru Oprirea Sus\u021binerii Regimului PAS \u0219i Maia Sandu \u00een Moldova |VIDEO"},"content":{"rendered":"<div>\n<p><strong>Ba\u0219canul G\u0103g\u0103uziei, Eugenia Gu\u021bul, a lansat un apel c\u0103tre pre\u0219edintele SUA, Donald Trump, solicit\u00e2ndu-i s\u0103 opreasc\u0103 orice form\u0103 de sus\u021binere a regimului PAS \u0219i al Maiei Sandu din Republica Moldova. <\/strong><br \/>\n<iframe loading=\"lazy\" title=\"YouTube video player\" src=\"https:\/\/www.youtube.com\/embed\/MV9olgHzmzQ?si=5oQ4x-0uKle9lUpX\" width=\"560\" height=\"315\" frameborder=\"0\" allowfullscreen=\"allowfullscreen\"><\/iframe><br \/>\n\u00centr-o postare pe re\u021beaua social\u0103 X, Gu\u021bul afirm\u0103 c\u0103, dup\u0103 ce Maia Sandu \u0219i partidul PAS au ajuns la putere \u00een 2020, cu sprijinul Partidului Democrat din SUA \u0219i al unor politicieni europeni, ace\u0219tia au preluat controlul asupra tuturor institu\u021biilor statului din Moldova, instaur\u00e2nd un regim autoritar dictatorial.<\/p>\n<p>Ba\u0219canul G\u0103g\u0103uziei, Eugenia Gu\u021bul, a lansat un apel c\u0103tre pre\u0219edintele SUA, Donald Trump, solicit\u00e2ndu-i s\u0103 opreasc\u0103 orice form\u0103 de sus\u021binere a regimului PAS \u0219i al Maiei Sandu din Republica Moldova.<\/p>\n<p>\u00centr-o postare pe re\u021beaua social\u0103 X, Gu\u021bul afirm\u0103 c\u0103, dup\u0103 ce Maia Sandu \u0219i partidul PAS au ajuns la putere \u00een 2020, cu sprijinul Partidului Democrat din SUA \u0219i al unor politicieni europeni, ace\u0219tia au preluat controlul asupra tuturor institu\u021biilor statului din Moldova, instaur\u00e2nd un regim autoritar dictatorial.<\/p>\n<p>Ba\u0219canul Autonomiei G\u0103g\u0103uze, a scris \u00een adresarea c\u0103tre pre\u0219edintele american c\u0103 sprijinul financiar al poporului american este furat \u0219i cheltuit pentru finan\u021barea propagandei \u0219i a \u0219tirilor false, pentru mituirea politicienilor \u0219i func\u021bionarilor europeni \u0219i americani.\u00a0 \u201dRegiunea noastr\u0103, autonomia g\u0103g\u0103uz\u0103, a fost lipsit\u0103 de toate drepturile constitu\u021bionale de c\u0103tre regimul aflat la putere.<\/p>\n<p>Sandu \u0219i PAS alimenteaz\u0103 \u00een mod deliberat instabilitatea \u00een G\u0103g\u0103uzia, pun\u00e2nd presiune pe Biserica noastr\u0103 Ortodox\u0103, arest\u00e2nd politicienii no\u0219tri, \u00eencerc\u00e2nd s\u0103 provoace locuitorii no\u0219tri la o revolt\u0103 armat\u0103 pentru a primi fonduri nesf\u00e2r\u0219ite din Europa \u0219i SUA, conform scenariului ucrainean\u201d,\u00a0 a subliniat Eugenia Gu\u021bul.<\/p>\n<p>APELUL EVGHENIEI GU\u021aUL C\u0102TRE PRE\u0218EDINTELE SUA, DONALD TRUMP<\/p>\n<p>\u201dRegiunea noastr\u0103, autonomia g\u0103g\u0103uz\u0103, a fost lipsit\u0103 de toate drepturile constitu\u021bionale de c\u0103tre regimul Sandu. Sandu \u0219i PAS alimenteaz\u0103 \u00een mod deliberat instabilitatea \u00een G\u0103g\u0103uzia, pun\u00e2nd presiune pe Biserica noastr\u0103 Ortodox\u0103, arest\u00e2nd politicienii no\u0219tri, \u00eencerc\u00e2nd s\u0103 provoace locuitorii no\u0219tri la o revolt\u0103 armat\u0103 pentru a primi fonduri nesf\u00e2r\u0219ite din Europa \u0219i SUA, conform scenariului ucrainean\u201d, a subliniat Eugenia Gu\u021bul.<\/p>\n<p>De asemenea, scrie Ba\u0219canul, cu acordul tacit al administra\u021biei Biden, partidul de opozi\u021bie \u201d\u0218OR\u201d a fost interzis \u00een Republica Moldova, iar sute de candida\u021bi la prim\u0103rie din partea partidului \u201d\u0218ans\u0103\u201d au fost retra\u0219i din alegeri.<\/p>\n<p>\u201dPresiunea asupra opozi\u021biei se intensific\u0103, 18 canale TV \u0219i peste o sut\u0103 de institu\u021bii media independente au fost \u00eenchise. Aceasta nu este doar o amenin\u021bare la adresa democra\u021biei, este terorism politic\u201d\u00a0 a concluzionat ba\u0219canul.<\/p>\n<p>APELUL EVGHENIEI GU\u021aUL C\u0102TRE PRE\u0218EDINTELE SUA, DONALD TRUMP<\/p>\n<p>\u201dPresiunea asupra opozi\u021biei se intensific\u0103, 18 canale TV \u0219i peste o sut\u0103 de institu\u021bii media independente au fost \u00eenchise. Aceasta nu este doar o amenin\u021bare la adresa democra\u021biei, este terorism politic.\u201d<\/p>\n<p>Astfel, Gu\u021bul a cerut pre\u0219edintelui american Donald Trump s\u0103 opreasc\u0103 finan\u021barea regimului Sandu-PAS \u0219i s\u0103 sprijine organizarea unor alegeri parlamentare corecte \u00een Republica Moldova, care vor avea loc \u00een acest an. \u201dAjuta\u021bi-ne s\u0103 restabilim democra\u021bia \u0219i statul de drept, bazate pe respectul fa\u021b\u0103 de cet\u0103\u021benii no\u0219tri, drepturile \u0219i libert\u0103\u021bile lor, valorile tradi\u021bionale \u0219i credin\u021ba noastr\u0103!\u201d, a \u00eencheiat \u00een mesajul s\u0103u, \u0219efa Autonomiei G\u0103g\u0103uze.<\/p>\n<\/div>\n","protected":false},"excerpt":{"rendered":"<div><img loading=\"lazy\" decoding=\"async\" width=\"696\" height=\"391\" src=\"https:\/\/canal5.md\/wp-content\/uploads\/2024\/07\/Evghenia-Gutul-900x505-1-optimized.jpg\" class=\"attachment-large size-large wp-post-image\" alt=\"\" srcset=\"https:\/\/canal5.md\/wp-content\/uploads\/2024\/07\/Evghenia-Gutul-900x505-1-optimized.jpg 900w, https:\/\/canal5.md\/wp-content\/uploads\/2024\/07\/Evghenia-Gutul-900x505-1-300x168-optimized.jpg 300w, https:\/\/canal5.md\/wp-content\/uploads\/2024\/07\/Evghenia-Gutul-900x505-1-768x431-optimized.jpg 768w, https:\/\/canal5.md\/wp-content\/uploads\/2024\/07\/Evghenia-Gutul-900x505-1-696x391-optimized.jpg 696w\">Ba\u0219canul G\u0103g\u0103uziei, Eugenia Gu\u021bul, a lansat un apel c\u0103tre pre\u0219edintele SUA, Donald Trump, solicit\u00e2ndu-i s\u0103 opreasc\u0103 orice form\u0103 de sus\u021binere a regimului PAS \u0219i al Maiei Sandu din Republica Moldova. \u00centr-o postare pe re\u021beaua social\u0103 X, Gu\u021bul afirm\u0103 c\u0103, dup\u0103 ce Maia Sandu \u0219i partidul PAS au ajuns la putere \u00een 2020, cu sprijinul Partidului [\u2026]<\/div>\n","protected":false},"author":1,"featured_media":67630,"comment_status":"closed","ping_status":"closed","sticky":false,"template":"","format":"standard","meta":{"jnews-multi-image_gallery":[],"jnews_single_post":[],"jnews_primary_category":[],"jnews_social_meta":[],"jnews_override_counter":[],"footnotes":""},"categories":[30],"tags":[],"class_list":["post-67629","post","type-post","status-publish","format-standard","has-post-thumbnail","hentry","category-social_ro"],"_links":{"self":[{"href":"https:\/\/orheifm.live\/index.php\/wp-json\/wp\/v2\/posts\/67629","targetHints":{"allow":["GET"]}}],"collection":[{"href":"https:\/\/orheifm.live\/index.php\/wp-json\/wp\/v2\/posts"}],"about":[{"href":"https:\/\/orheifm.live\/index.php\/wp-json\/wp\/v2\/types\/post"}],"author":[{"embeddable":true,"href":"https:\/\/orheifm.live\/index.php\/wp-json\/wp\/v2\/users\/1"}],"replies":[{"embeddable":true,"href":"https:\/\/orheifm.live\/index.php\/wp-json\/wp\/v2\/comments?post=67629"}],"version-history":[{"count":0,"href":"https:\/\/orheifm.live\/index.php\/wp-json\/wp\/v2\/posts\/67629\/revisions"}],"wp:featuredmedia":[{"embeddable":true,"href":"https:\/\/orheifm.live\/index.php\/wp-json\/wp\/v2\/media\/67630"}],"wp:attachment":[{"href":"https:\/\/orheifm.live\/index.php\/wp-json\/wp\/v2\/media?parent=67629"}],"wp:term":[{"taxonomy":"category","embeddable":true,"href":"https:\/\/orheifm.live\/index.php\/wp-json\/wp\/v2\/categories?post=67629"},{"taxonomy":"post_tag","embeddable":true,"href":"https:\/\/orheifm.live\/index.php\/wp-json\/wp\/v2\/tags?post=67629"}],"curies":[{"name":"wp","href":"https:\/\/api.w.org\/{rel}","templated":true}]}}