{"id":67627,"date":"2025-02-21T22:15:15","date_gmt":"2025-02-21T20:15:15","guid":{"rendered":"https:\/\/orheifm.live\/index.php\/2025\/02\/21\/vlad-filat-finantarea-usaid-pentru-pas-o-masura-ilegala-si-mascata-video\/"},"modified":"2025-02-21T22:15:15","modified_gmt":"2025-02-21T20:15:15","slug":"vlad-filat-finantarea-usaid-pentru-pas-o-masura-ilegala-si-mascata-video","status":"publish","type":"post","link":"https:\/\/orheifm.live\/index.php\/2025\/02\/21\/vlad-filat-finantarea-usaid-pentru-pas-o-masura-ilegala-si-mascata-video\/","title":{"rendered":"Vlad Filat: Finan\u021barea USAID pentru PAS, o M\u0103sur\u0103 Ilegal\u0103 \u0219i Mascat\u0103 |VIDEO"},"content":{"rendered":"<div>\n<p><strong>Fondul de 486 milioane de dolari, destinat Consor\u021bului pentru Alegeri \u0219i Consolidarea Procesului Politic, \u00een care figureaz\u0103 \u0219i Republica Moldova, pentru sus\u021binerea unui proces politic, incluziv \u0219i participativ \u00een \u021bara noastr\u0103, \u00eenseamn\u0103 un fel de finan\u021bare mascat\u0103, ilegal\u0103, din exterior, pentru PAS. O spune liderul PDM, Vlad Filat. El a f\u0103cut declara\u021bia \u00een cadrul unei emisiuni televizate. <\/strong><br \/>\n<iframe loading=\"lazy\" title=\"YouTube video player\" src=\"https:\/\/www.youtube.com\/embed\/RlrDpceKtVA?si=CH7afjwXQP1RkdZ3\" width=\"560\" height=\"315\" frameborder=\"0\" allowfullscreen=\"allowfullscreen\"><\/iframe><br \/>\nAmintim c\u0103, dup\u0103 ce a preluat func\u021bia de pre\u0219edinte al SUA, Donald Trump a semnat un decret prin care a suspendat toate programele de ajutor pentru alte \u021b\u0103ri pe o perioad\u0103 de 90 de zile.<\/p>\n<p>\u00cen aceast\u0103 perioad\u0103, va fi realizat\u0103 o verificare pentru a se vedea \u00een ce m\u0103sur\u0103 aceste programe corespund obiectivelor politice ale noii administra\u021bii americane. Potrivit unor materiale desecretizate, finan\u021barea prin intermediul USAID s-a intensificat \u00een Moldova odat\u0103 cu constituirea PAS-ului.<\/p>\n<p>Agen\u021bia a alocat bani mai ales \u00een perioadele cheie, \u00eenainte de alegeri. O investiga\u021bie cu privire la granturile oferite de Agen\u021bie, postat\u0103 pe canalului de telegram SPPOT, arat\u0103 c\u0103 USAID a pompat 22,3 milioane de dolari, echivalentul a 400 de milioane de lei moldovene\u0219ti \u00een procese politice dup\u0103 apari\u021bia PAS. \u00cen 2016 pentru \u201dConsor\u021biul pentru \u00cent\u0103rirea Procesului Electoral \u0219i Politic\u201d, care a fost lansat la doar c\u00e2teva luni dup\u0103 apari\u021bia PAS, au fost aloca\u021bi 11,9 milioane de dolari.<\/p>\n<p>Finan\u021barea s-a intensificat \u00een preajma alegerilor preziden\u021biale din anul trecut c\u00e2nd au fost alocate 7,5 milioane de dolari. Maia Sandu a negat \u00eens\u0103 faptul c\u0103 PAS a fost finan\u021bat din exterior, lucru, care de altfel, este interzis de legisla\u021bia \u021b\u0103rii. Totu\u0219i, organiza\u021bii non- guvernamentale precum IRI, cu care aparatul preziden\u021bial a colaborat str\u00e2ns, primeau finan\u021bare din partea USAID.<\/p>\n<p>Noi dezv\u0103luiri \u0219i documente au ap\u0103rut \u00een spa\u021biul public \u0219i despre finan\u021barea a\u0219a numitei prese independente din Republica Moldova printre care TV8, Jurnal TV, ProTV \u0219i Ziarul de Gard\u0103. Informa\u021biile dezv\u0103luite arat\u0103 c\u0103 \u00een perioada anilor 2017 \u2013 2024, pentru activitatea lor, aceste institu\u021bii au primit milioane de dolari din partea USAID. Numai postul de televiziune TV8 a primit 1,85 milioane de dolari, \u00eentre anii 2019-2024, ceea ce \u00eenseamn\u0103 peste 34 de milioane de lei,<br \/>\npotrivit documentelor f\u0103cute publice de canalul de Telegram SPPOT.<\/p>\n<p>VLAD FILAT, lider PLDM<\/p>\n<p>Asta \u00eenseamn\u0103 un fel de finan\u021bare mascat\u0103, ilegal\u0103, din exterior, pentru PAS. \u0218i atunci c\u00e2nd cei din PAS cu at\u00e2t\u0103 neru\u0219inare vorbesc despre faptul c\u0103 nu au fost finan\u021ba\u021bi de USAID, noi tot nu suntem\u2026, mai cunoa\u0219tem lucrurile cum sunt organizate, uit\u00e2nd s\u0103 spun\u0103 despre NDI, IRI pentru consolidarea capacit\u0103\u021bilor institu\u021bionale, salariz\u0103ri pentru so\u021bi, so\u021bie, fiu, angaja\u021bi \u00een diferite funda\u021bii \u0219i \u00een diferite locuri \u00een rezultat cotiza\u021bii.<\/p>\n<p>Dup\u0103 care, sigur, cotiza\u021bii, activitate de \u201cvoluntariat\u201d. A\u0219a ni se spunea c\u0103 noi facem munc\u0103 voluntar\u0103, \u201eCet\u0103\u021benii pentru Europa\u201d \u00een frunte cu Nicu Popescu preg\u0103tit\u0103. Faptul c\u0103 nu s-a realizat are la baz\u0103 anumite motive.<\/p>\n<p>Dar la baz\u0103 \u00een realitate tot bani au fost care figureaz\u0103 \u00een statisticile partenerilor no\u0219tri ca fiind ajutor pentru Republica Moldova.<\/p>\n<\/div>\n","protected":false},"excerpt":{"rendered":"<div><img loading=\"lazy\" decoding=\"async\" width=\"512\" height=\"321\" src=\"https:\/\/canal5.md\/wp-content\/uploads\/2024\/01\/filat-jpg-optimized.webp\" class=\"attachment-large size-large wp-post-image\" alt=\"\" srcset=\"https:\/\/canal5.md\/wp-content\/uploads\/2024\/01\/filat-jpg-optimized.webp 512w, https:\/\/canal5.md\/wp-content\/uploads\/2024\/01\/filat-300x188-optimized.webp 300w\">Fondul de 486 milioane de dolari, destinat Consor\u021bului pentru Alegeri \u0219i Consolidarea Procesului Politic, \u00een care figureaz\u0103 \u0219i Republica Moldova, pentru sus\u021binerea unui proces politic, incluziv \u0219i participativ \u00een \u021bara noastr\u0103, \u00eenseamn\u0103 un fel de finan\u021bare mascat\u0103, ilegal\u0103, din exterior, pentru PAS. O spune liderul PDM, Vlad Filat. El a f\u0103cut declara\u021bia \u00een cadrul unei [\u2026]<\/div>\n","protected":false},"author":1,"featured_media":67628,"comment_status":"closed","ping_status":"closed","sticky":false,"template":"","format":"standard","meta":{"jnews-multi-image_gallery":[],"jnews_single_post":[],"jnews_primary_category":[],"jnews_social_meta":[],"jnews_override_counter":[],"footnotes":""},"categories":[23],"tags":[],"class_list":["post-67627","post","type-post","status-publish","format-standard","has-post-thumbnail","hentry","category-politica_ro"],"_links":{"self":[{"href":"https:\/\/orheifm.live\/index.php\/wp-json\/wp\/v2\/posts\/67627","targetHints":{"allow":["GET"]}}],"collection":[{"href":"https:\/\/orheifm.live\/index.php\/wp-json\/wp\/v2\/posts"}],"about":[{"href":"https:\/\/orheifm.live\/index.php\/wp-json\/wp\/v2\/types\/post"}],"author":[{"embeddable":true,"href":"https:\/\/orheifm.live\/index.php\/wp-json\/wp\/v2\/users\/1"}],"replies":[{"embeddable":true,"href":"https:\/\/orheifm.live\/index.php\/wp-json\/wp\/v2\/comments?post=67627"}],"version-history":[{"count":0,"href":"https:\/\/orheifm.live\/index.php\/wp-json\/wp\/v2\/posts\/67627\/revisions"}],"wp:featuredmedia":[{"embeddable":true,"href":"https:\/\/orheifm.live\/index.php\/wp-json\/wp\/v2\/media\/67628"}],"wp:attachment":[{"href":"https:\/\/orheifm.live\/index.php\/wp-json\/wp\/v2\/media?parent=67627"}],"wp:term":[{"taxonomy":"category","embeddable":true,"href":"https:\/\/orheifm.live\/index.php\/wp-json\/wp\/v2\/categories?post=67627"},{"taxonomy":"post_tag","embeddable":true,"href":"https:\/\/orheifm.live\/index.php\/wp-json\/wp\/v2\/tags?post=67627"}],"curies":[{"name":"wp","href":"https:\/\/api.w.org\/{rel}","templated":true}]}}