{"id":67625,"date":"2025-02-21T22:13:02","date_gmt":"2025-02-21T20:13:02","guid":{"rendered":"https:\/\/orheifm.live\/index.php\/2025\/02\/21\/valeriu-ostalep-cum-pas-a-fost-finantat-pentru-a-submina-statalitatea-moldovei-platind-favoruri-nasilor-si-rudelor-din-structuri-financiare-straine-video\/"},"modified":"2025-02-21T22:13:02","modified_gmt":"2025-02-21T20:13:02","slug":"valeriu-ostalep-cum-pas-a-fost-finantat-pentru-a-submina-statalitatea-moldovei-platind-favoruri-nasilor-si-rudelor-din-structuri-financiare-straine-video","status":"publish","type":"post","link":"https:\/\/orheifm.live\/index.php\/2025\/02\/21\/valeriu-ostalep-cum-pas-a-fost-finantat-pentru-a-submina-statalitatea-moldovei-platind-favoruri-nasilor-si-rudelor-din-structuri-financiare-straine-video\/","title":{"rendered":"Valeriu Ostalep: Cum PAS a fost finan\u021bat pentru a submina statalitatea Moldovei, pl\u0103tind favoruri na\u0219ilor \u0219i rudelor din structuri financiare str\u0103ine |VIDEO"},"content":{"rendered":"<div>\n<p><strong>Armata de parazi\u021bi din PAS, care nu se a\u0219teptau ca finan\u021barea lor de c\u0103tre organiza\u021bia criminal\u0103 USAID va ie\u0219i la iveal\u0103, a fost prins\u0103 aproape \u00een flagrant. Acestea sunt declara\u021biile analistului politic Valeriu Ostalep, f\u0103cute \u00een cadrul emisiunii \u201ePuls\u201d de la postul nostru de televiziune. <\/strong><br \/>\n<iframe loading=\"lazy\" title=\"YouTube video player\" src=\"https:\/\/www.youtube.com\/embed\/gi4Y5KGBKLI?si=TwZmcK6Wv1wdlIcM\" width=\"560\" height=\"315\" frameborder=\"0\" allowfullscreen=\"allowfullscreen\"><\/iframe><br \/>\nEl consider\u0103, de asemenea, c\u0103 a\u0219a-numitul ajutor nu este altceva dec\u00e2t o opera\u021biune a structurilor occidentale pentru a identifica clien\u021bi, inclusiv \u00een \u021bara noastr\u0103, care, pentru sute de milioane de dolari, au executat comenzi concrete pentru subminarea statalit\u0103\u021bii.<\/p>\n<p>VALERIU OSTALEP, analist politic<\/p>\n<p>Pentru asta, ideologii acestor opera\u021biuni selectau clien\u021bi care erau dispu\u0219i s\u0103 \u00eendeplineasc\u0103 sarcinile lor pentru bani. Iat\u0103 acum vedem aceast\u0103 list\u0103. Pentru c\u0103, p\u00e2n\u0103 acum, a\u0219a-numita sus\u021binere a PAS-ului \u00een spa\u021biul media, to\u021bi ace\u0219ti propagandi\u0219ti, troli, bo\u021bi, toat\u0103 aceast\u0103 isterie, toate aceste confrunt\u0103ri improprii pentru societatea noastr\u0103, insulte \u2013 to\u021bi se pref\u0103ceau c\u0103 o fac din considerente ideologice.<\/p>\n<p>\u00cen prezent, acest lucru a c\u0103p\u0103tat o form\u0103 foarte concret\u0103 de cifre. \u0218i brusc s-a dovedit c\u0103 este vorba despre zeci, iar cu timpul vom afla c\u0103 este vorba despre sute de milioane de euro, care sunt de fapt mit\u0103 pentru a influen\u021ba politica intern\u0103, pentru a insulta \u0219i discredita patrio\u021bii acestui stat, pe cei care g\u00e2ndesc cu capul lor.<\/p>\n<p>Pentru aceasta a fost creat\u0103 o \u00eentreag\u0103 armat\u0103 de parazi\u021bi, pentru c\u0103 sunt parazi\u021bi \u00een sensul cel mai literal al cuv\u00e2ntului \u0219i din punct de vedere social, care au f\u0103cut-o pe pro\u0219tii toat\u0103 aceast\u0103 perioad\u0103, pentru a crea iluzia c\u0103 exist\u0103 o parte a societ\u0103\u021bii care g\u00e2nde\u0219te a\u0219a, iar ceilal\u021bi \u2013 sunt du\u0219manii poporului.<\/p>\n<p>Potrivit lui Valerii Ostalep, t\u0103cerea regimului Sandu-PAS cu privire la scandaloasa dezv\u0103luire despre finan\u021barea ONG-urilor, mass-mediei \u0219i structurilor guvernamentale din Moldova prin intermediul USAID, care a fost numit\u0103 de noua administra\u021bie a Casei Albe o grupare criminal\u0103, poate fi explicat\u0103 doar prin faptul c\u0103, au fost prin\u0219i \u00een flagrant, lucru la care nu se a\u0219teptau.<\/p>\n<p>Acum, ei stau chitic, deoarece, pe de o parte, nimeni nu se a\u0219tepta la o asemenea reac\u021bie rapid\u0103, iar pe de alta, nimeni nu i-a preg\u0103tit pentru o astfel de situa\u021bie, adic\u0103 pentru c\u0103 vor r\u0103m\u00e2ne f\u0103r\u0103 aceast\u0103 finan\u021bare, nimeni nu le-a dat instruc\u021biuni pentru un astfel de caz, a\u0219a c\u0103 ei nu \u0219tiu ce s\u0103 fac\u0103 \u00een asemnea situa\u021bie.<\/p>\n<p>VALERII OSTALEP, analist politic BRUT PULS RU<\/p>\n<p>De ce tace PAS? Pentru c\u0103 au fost deconspita\u021bi. \u00cen limba moldoveneasc\u0103 chiar exist\u0103 a\u0219a un proverb \u201eprins cu sacul plin \u00een popu\u0219oi\u201d. \u0218i tac pentru c\u0103 nu \u0219tiu ce s\u0103 fac\u0103 mai departe.<\/p>\n<p>\u0218i asta se \u00eent\u00e2mpl\u0103 pentru c\u0103 nu au \u00een\u021belegerea necesar\u0103 despre cum s\u0103 reac\u021bioneze, ce s\u0103 fac\u0103 cu aceste \u201eteleviziuni\u201d \u00een ghilimele, care va fi soarta lor de mai departe. Cred c\u0103, singura lor salvare ar fi \u00eencercarea de a convinge anumi\u021bi parteneri europeni \u2013 \u201esalva\u021bi-ne sf\u00e2r\u0219itul\u201d, pentru ca ace\u0219tia s\u0103 \u00eenceap\u0103 s\u0103-i ajute.<\/p>\n<p>Din informa\u021biile care au ajuns \u00een spa\u021biul public, s-a aflat c\u0103 USAID a intervenit activ \u00een procesele politice din Moldova, mai precis, a alocat 22 de milioane de dolari \u201epentru consolidarea procesului politic\u201d, \u0219i exist\u0103 suspiciuni serioase c\u0103 acest a\u0219a-numit ajutor a fost primit inclusiv de guvernarea PAS.<\/p>\n<p>VALERII OSTALEP, analist politic BRUT PULS RU<\/p>\n<p>\u00cen locul unor \u021b\u0103ri suverane, a\u0219 recomanda serviciilor lor secrete s\u0103 studieze cu aten\u021bie istoricul PAS, metodele \u0219i formele de guvernare pe parcursul acestei perioade, pentru a \u00eenv\u0103\u021ba ce instrumente folosesc alte servicii secrete pentru a suprima statele. PAS \u0219i perioada lor de guvernare sunt pur \u0219i simplu un manual de r\u0103zboi hibrid \u00eempotriva statului \u0219i \u00eempotriva poporului, \u00een acest caz, \u00eempotriva celui moldovean. Noi, uneori, extragem doar anumite elemente.<\/p>\n<p>Pur \u0219i simplu, ar fi fost util s\u0103 studiem aceste forme de finan\u021bare, cum se dovede\u0219te c\u0103 exist\u0103 o figur\u0103 politic\u0103, iar \u00een jurul ei sunt \u2013 bloggeri, a\u0219a-numi\u021bi jurnali\u0219ti, propagandi\u0219ti, fotografi, operatori, scriitori de discursuri, organiza\u021bii care fac sondaje false, \u00eent\u00e2lniri cu oamenii\u2026 Acum v\u0103 pot schi\u021ba jum\u0103tate din staff. A\u0219adar, to\u021bi ace\u0219ti oameni sunt finan\u021ba\u021bi din str\u0103in\u0103tate \u0219i nu poart\u0103 r\u0103spundere pentru ac\u021biunile lor, pentru c\u0103 ei numesc asta ajutor pentru mine \u0219i voi.<\/p>\n<p>Analistul politic este convins c\u0103 prin ONG-urile cump\u0103rate, mass-media \u0219i guvernarea PAS, statului nostru \u00eei sunt aduse daune pe parcursul ultimilor 6 ani.<\/p>\n<p>VALERIU OSTALEP, analist politic BRUT PULS RU<\/p>\n<p>Sunt absolut convins c\u0103 PAS, ca partid politic, ca o grupare, face parte dintr-o organiza\u021bie mai mare, dintr-un instrumentar financiar \u0219i politic \u0219i a fost folosit ca o scul\u0103 \u00eentr-un joc interna\u021bional. PAS nu este o unitate de sine- st\u0103t\u0103toare care face ceva sau se orienteaz\u0103 c\u0103tre cineva. Ei fac parte dintr-o structur\u0103 mai mare care d\u0103uneaz\u0103 statului nostru deja de \u0219ase ani.<\/p>\n<p>Reamintim c\u0103 sociologul \u0219i directorul companiei IMAS, Doru Petru\u021bi, a declarat \u00een cadrul unui unei emisiuni televizate c\u0103, potrivit calculelor sale, doar \u00een doi ani, Statele Unite au cheltuit aproximativ 600 de milioane de dolari pentru a sus\u021bine adep\u021bii PAS \u0219i diferi\u021bi \u201ea\u0219a-numi\u021bi consilieri\u201d. Astfel, USAID cheltuia pentru ONG- urile moldovene\u0219ti aproximativ 1 milion de dolari pe zi.<\/p>\n<\/div>\n","protected":false},"excerpt":{"rendered":"<div><img loading=\"lazy\" decoding=\"async\" width=\"696\" height=\"458\" src=\"https:\/\/canal5.md\/wp-content\/uploads\/2025\/02\/796372-optimized.webp\" class=\"attachment-large size-large wp-post-image\" alt=\"\" srcset=\"https:\/\/canal5.md\/wp-content\/uploads\/2025\/02\/796372-optimized.webp 760w, https:\/\/canal5.md\/wp-content\/uploads\/2025\/02\/796372-300x197-optimized.webp 300w, https:\/\/canal5.md\/wp-content\/uploads\/2025\/02\/796372-696x458-optimized.webp 696w\">Armata de parazi\u021bi din PAS, care nu se a\u0219teptau ca finan\u021barea lor de c\u0103tre organiza\u021bia criminal\u0103 USAID va ie\u0219i la iveal\u0103, a fost prins\u0103 aproape \u00een flagrant. Acestea sunt declara\u021biile analistului politic Valeriu Ostalep, f\u0103cute \u00een cadrul emisiunii \u201ePuls\u201d de la postul nostru de televiziune. El consider\u0103, de asemenea, c\u0103 a\u0219a-numitul ajutor nu este altceva [\u2026]<\/div>\n","protected":false},"author":1,"featured_media":67626,"comment_status":"closed","ping_status":"closed","sticky":false,"template":"","format":"standard","meta":{"jnews-multi-image_gallery":[],"jnews_single_post":[],"jnews_primary_category":[],"jnews_social_meta":[],"jnews_override_counter":[],"footnotes":""},"categories":[23],"tags":[],"class_list":["post-67625","post","type-post","status-publish","format-standard","has-post-thumbnail","hentry","category-politica_ro"],"_links":{"self":[{"href":"https:\/\/orheifm.live\/index.php\/wp-json\/wp\/v2\/posts\/67625","targetHints":{"allow":["GET"]}}],"collection":[{"href":"https:\/\/orheifm.live\/index.php\/wp-json\/wp\/v2\/posts"}],"about":[{"href":"https:\/\/orheifm.live\/index.php\/wp-json\/wp\/v2\/types\/post"}],"author":[{"embeddable":true,"href":"https:\/\/orheifm.live\/index.php\/wp-json\/wp\/v2\/users\/1"}],"replies":[{"embeddable":true,"href":"https:\/\/orheifm.live\/index.php\/wp-json\/wp\/v2\/comments?post=67625"}],"version-history":[{"count":0,"href":"https:\/\/orheifm.live\/index.php\/wp-json\/wp\/v2\/posts\/67625\/revisions"}],"wp:featuredmedia":[{"embeddable":true,"href":"https:\/\/orheifm.live\/index.php\/wp-json\/wp\/v2\/media\/67626"}],"wp:attachment":[{"href":"https:\/\/orheifm.live\/index.php\/wp-json\/wp\/v2\/media?parent=67625"}],"wp:term":[{"taxonomy":"category","embeddable":true,"href":"https:\/\/orheifm.live\/index.php\/wp-json\/wp\/v2\/categories?post=67625"},{"taxonomy":"post_tag","embeddable":true,"href":"https:\/\/orheifm.live\/index.php\/wp-json\/wp\/v2\/tags?post=67625"}],"curies":[{"name":"wp","href":"https:\/\/api.w.org\/{rel}","templated":true}]}}