{"id":67622,"date":"2025-02-21T21:59:23","date_gmt":"2025-02-21T19:59:23","guid":{"rendered":"https:\/\/orheifm.live\/index.php\/2025\/02\/21\/primele-imagini-de-la-locul-unde-s-a-impuscat-proprietarul-localului-la-sarkis\/"},"modified":"2025-02-21T21:59:23","modified_gmt":"2025-02-21T19:59:23","slug":"primele-imagini-de-la-locul-unde-s-a-impuscat-proprietarul-localului-la-sarkis","status":"publish","type":"post","link":"https:\/\/orheifm.live\/index.php\/2025\/02\/21\/primele-imagini-de-la-locul-unde-s-a-impuscat-proprietarul-localului-la-sarkis\/","title":{"rendered":"Primele imagini de la locul unde s-a \u00eempu\u0219cat proprietarul localului \u201eLa Sarkis\u201d"},"content":{"rendered":"<div>\n<p>Reporterii <a href=\"https:\/\/pulsmedia.md\/article\/ecb67fd39aeef890\/exclusiv-foto-18-primele-imagini-de-la-locul-unde-s-a-impuscat-proprietarul-localului-la-sarkis.html\">PulsMedia.MD<\/a> au intrat \u00een posesia primelor imagini de la locul unde \u00een aceast\u0103 sear\u0103 a fost g\u0103sit \u00eempu\u0219cat \u00een inim\u0103 omul de afaceri Roman Zacarean.<img loading=\"lazy\" decoding=\"async\" class=\"alignnone size-full wp-image-76386\" src=\"https:\/\/orheifm.live\/wp-content\/uploads\/2025\/02\/ed40e07796e3c195bb3447b87502c737bf65f0d2ec6a854dbdccc4d14ccfee9b-optimized.jpg\" alt=\"\" width=\"2272\" height=\"1284\" srcset=\"https:\/\/orheifm.live\/wp-content\/uploads\/2025\/02\/ed40e07796e3c195bb3447b87502c737bf65f0d2ec6a854dbdccc4d14ccfee9b-optimized.jpg 2272w, https:\/\/canal5.md\/wp-content\/uploads\/2025\/02\/ed40e07796e3c195bb3447b87502c737bf65f0d2ec6a854dbdccc4d14ccfee9b-300x170-optimized.jpg 300w, https:\/\/canal5.md\/wp-content\/uploads\/2025\/02\/ed40e07796e3c195bb3447b87502c737bf65f0d2ec6a854dbdccc4d14ccfee9b-1024x579-optimized.jpg 1024w, https:\/\/canal5.md\/wp-content\/uploads\/2025\/02\/ed40e07796e3c195bb3447b87502c737bf65f0d2ec6a854dbdccc4d14ccfee9b-768x434-optimized.jpg 768w, https:\/\/canal5.md\/wp-content\/uploads\/2025\/02\/ed40e07796e3c195bb3447b87502c737bf65f0d2ec6a854dbdccc4d14ccfee9b-1536x868-optimized.jpg 1536w, https:\/\/canal5.md\/wp-content\/uploads\/2025\/02\/ed40e07796e3c195bb3447b87502c737bf65f0d2ec6a854dbdccc4d14ccfee9b-2048x1157-optimized.jpg 2048w, https:\/\/canal5.md\/wp-content\/uploads\/2025\/02\/ed40e07796e3c195bb3447b87502c737bf65f0d2ec6a854dbdccc4d14ccfee9b-696x393-optimized.jpg 696w, https:\/\/canal5.md\/wp-content\/uploads\/2025\/02\/ed40e07796e3c195bb3447b87502c737bf65f0d2ec6a854dbdccc4d14ccfee9b-1068x604-optimized.jpg 1068w, https:\/\/canal5.md\/wp-content\/uploads\/2025\/02\/ed40e07796e3c195bb3447b87502c737bf65f0d2ec6a854dbdccc4d14ccfee9b-1920x1085-optimized.jpg 1920w\" sizes=\"auto, (max-width: 2272px) 100vw, 2272px\"><\/p>\n<p>Svetlana Scripnic, ofi\u021berul de pres\u0103 al Poli\u021biei Capitalei, a confirmat pentru pres\u0103 informa\u021biile publicate de PulsMedia.MD cu referire la surse. Potrivit lui \u00a0Scripnic, versiunea preliminar\u0103 investigat\u0103 de poli\u021bi\u0219ti este suicidul.<\/p>\n<p>Amintim c\u0103 potrivit surselor, proprietarul localului \u201eLa Sarkis\u201d, \u00een v\u00e2rst\u0103 de 42 de ani, \u00een jurul orei 18:00, a fost g\u0103sit de c\u0103tre so\u021bia sa \u00eempu\u0219cat \u00een foi\u0219orul casei sale de pe strada Prmar Karol Schmidt din centrul capitalei.<\/p>\n<p>Femeia ar fi ie\u0219it afar\u0103, dup\u0103 ce a auzit o \u00eempu\u0219c\u0103tur\u0103, iar dup\u0103 ce \u0219i-a v\u0103zut so\u021bul c\u0103 zace f\u0103r\u0103 suflare a alertat poli\u021bia.<\/p>\n<p>Preliminar, oamenii legii au stabilit c\u0103 \u00a0b\u0103rbatul \u0219i-ar fi efectuat o \u00eempu\u0219c\u0103tur\u0103 \u00een inim\u0103 cu un pistol pe care-l de\u021binea legal, \u00een urma unui conflict cu so\u021bia sa.<\/p>\n<\/div>\n","protected":false},"excerpt":{"rendered":"<div><img loading=\"lazy\" decoding=\"async\" width=\"696\" height=\"392\" src=\"https:\/\/canal5.md\/wp-content\/uploads\/2025\/02\/321860e378a4d2ed77c3bda4a1d85f6ce6132e81af2cfaadb007205a44c7e5f7-1024x576-optimized.jpg\" class=\"attachment-large size-large wp-post-image\" alt=\"\" srcset=\"https:\/\/canal5.md\/wp-content\/uploads\/2025\/02\/321860e378a4d2ed77c3bda4a1d85f6ce6132e81af2cfaadb007205a44c7e5f7-1024x576-optimized.jpg 1024w, https:\/\/canal5.md\/wp-content\/uploads\/2025\/02\/321860e378a4d2ed77c3bda4a1d85f6ce6132e81af2cfaadb007205a44c7e5f7-300x169-optimized.jpg 300w, https:\/\/canal5.md\/wp-content\/uploads\/2025\/02\/321860e378a4d2ed77c3bda4a1d85f6ce6132e81af2cfaadb007205a44c7e5f7-768x432-optimized.jpg 768w, https:\/\/canal5.md\/wp-content\/uploads\/2025\/02\/321860e378a4d2ed77c3bda4a1d85f6ce6132e81af2cfaadb007205a44c7e5f7-696x392-optimized.jpg 696w, https:\/\/canal5.md\/wp-content\/uploads\/2025\/02\/321860e378a4d2ed77c3bda4a1d85f6ce6132e81af2cfaadb007205a44c7e5f7-1068x601-optimized.jpg 1068w, https:\/\/canal5.md\/wp-content\/uploads\/2025\/02\/321860e378a4d2ed77c3bda4a1d85f6ce6132e81af2cfaadb007205a44c7e5f7-optimized.jpg 1200w\">Reporterii PulsMedia.MD au intrat \u00een posesia primelor imagini de la locul unde \u00een aceast\u0103 sear\u0103 a fost g\u0103sit \u00eempu\u0219cat \u00een inim\u0103 omul de afaceri Roman Zacarean. Svetlana Scripnic, ofi\u021berul de pres\u0103 al Poli\u021biei Capitalei, a confirmat pentru pres\u0103 informa\u021biile publicate de PulsMedia.MD cu referire la surse. Potrivit lui \u00a0Scripnic, versiunea preliminar\u0103 investigat\u0103 de poli\u021bi\u0219ti este [\u2026]<\/div>\n","protected":false},"author":1,"featured_media":67623,"comment_status":"closed","ping_status":"closed","sticky":false,"template":"","format":"standard","meta":{"jnews-multi-image_gallery":[],"jnews_single_post":[],"jnews_primary_category":[],"jnews_social_meta":[],"jnews_override_counter":[],"footnotes":""},"categories":[23],"tags":[],"class_list":["post-67622","post","type-post","status-publish","format-standard","has-post-thumbnail","hentry","category-politica_ro"],"_links":{"self":[{"href":"https:\/\/orheifm.live\/index.php\/wp-json\/wp\/v2\/posts\/67622","targetHints":{"allow":["GET"]}}],"collection":[{"href":"https:\/\/orheifm.live\/index.php\/wp-json\/wp\/v2\/posts"}],"about":[{"href":"https:\/\/orheifm.live\/index.php\/wp-json\/wp\/v2\/types\/post"}],"author":[{"embeddable":true,"href":"https:\/\/orheifm.live\/index.php\/wp-json\/wp\/v2\/users\/1"}],"replies":[{"embeddable":true,"href":"https:\/\/orheifm.live\/index.php\/wp-json\/wp\/v2\/comments?post=67622"}],"version-history":[{"count":0,"href":"https:\/\/orheifm.live\/index.php\/wp-json\/wp\/v2\/posts\/67622\/revisions"}],"wp:featuredmedia":[{"embeddable":true,"href":"https:\/\/orheifm.live\/index.php\/wp-json\/wp\/v2\/media\/67623"}],"wp:attachment":[{"href":"https:\/\/orheifm.live\/index.php\/wp-json\/wp\/v2\/media?parent=67622"}],"wp:term":[{"taxonomy":"category","embeddable":true,"href":"https:\/\/orheifm.live\/index.php\/wp-json\/wp\/v2\/categories?post=67622"},{"taxonomy":"post_tag","embeddable":true,"href":"https:\/\/orheifm.live\/index.php\/wp-json\/wp\/v2\/tags?post=67622"}],"curies":[{"name":"wp","href":"https:\/\/api.w.org\/{rel}","templated":true}]}}