{"id":67620,"date":"2025-02-21T21:17:10","date_gmt":"2025-02-21T19:17:10","guid":{"rendered":"https:\/\/orheifm.live\/index.php\/2025\/02\/21\/gest-de-omenie-o-caprioara-ranita-salvata-si-eliberata-in-natura\/"},"modified":"2025-02-21T21:17:10","modified_gmt":"2025-02-21T19:17:10","slug":"gest-de-omenie-o-caprioara-ranita-salvata-si-eliberata-in-natura","status":"publish","type":"post","link":"https:\/\/orheifm.live\/index.php\/2025\/02\/21\/gest-de-omenie-o-caprioara-ranita-salvata-si-eliberata-in-natura\/","title":{"rendered":"Gest de omenie: O c\u0103prioar\u0103 r\u0103nit\u0103, salvat\u0103 \u0219i eliberat\u0103 \u00een natur\u0103"},"content":{"rendered":"<div>\n<p><strong>S\u0103pt\u0103m\u00eena aceasta a adus o veste emo\u021bionant\u0103 pentru iubitorii de natur\u0103. O c\u0103prioar\u0103 r\u0103nit\u0103 \u0219i speriat\u0103, care a avut norocul s\u0103 fie g\u0103sit\u0103 de un om cu suflet mare, a fost eliberat\u0103 \u00een habitatul s\u0103u natural.<\/strong><\/p>\n<p>Totul a \u00eenceput pe 8 februarie 2025, c\u00eend c\u0103prioara a ajuns r\u0103nit\u0103 \u00een satul Petre\u0219ti, raionul Ungheni. A fost o \u00eent\u00eelnire de neuitat pentru Alexandru Budeanu, un membru activ al Societ\u0103\u021bii V\u00een\u0103torilor \u0219i Pescarilor din Moldova, care a g\u0103sit-o \u0219i a ad\u0103postit-o imediat, oferindu-i \u00eengrijiri p\u00een\u0103 c\u00eend \u0219i-a reg\u0103sit for\u021bele.<\/p>\n<p>Apoi, \u00een colaborare cu Inspectoratul de Mediu din Ungheni \u0219i silvicultorii de la \u201eSilva-Centru\u201d Ungheni, c\u0103prioara a fost eliberat\u0103 \u00een s\u0103lb\u0103ticie, acolo unde \u00eei este locul, un gest care subliniaz\u0103 importan\u021ba protej\u0103rii faunei s\u0103lbatice.<\/p>\n<p>Aceast\u0103 poveste de compasiune ne reaminte\u0219te c\u0103 fiecare via\u021b\u0103 conteaz\u0103 \u0219i c\u0103, prin ac\u021biuni mici \u0219i inimi mari, putem face o diferen\u021b\u0103 real\u0103 \u00een lumea \u00eenconjur\u0103toare.<\/p>\n<\/div>\n","protected":false},"excerpt":{"rendered":"<div><img loading=\"lazy\" decoding=\"async\" width=\"696\" height=\"458\" src=\"https:\/\/canal5.md\/wp-content\/uploads\/2025\/02\/799439-optimized.webp\" class=\"attachment-large size-large wp-post-image\" alt=\"\" srcset=\"https:\/\/canal5.md\/wp-content\/uploads\/2025\/02\/799439-optimized.webp 760w, https:\/\/canal5.md\/wp-content\/uploads\/2025\/02\/799439-300x197-optimized.webp 300w, https:\/\/canal5.md\/wp-content\/uploads\/2025\/02\/799439-696x458-optimized.webp 696w\">S\u0103pt\u0103m\u00eena aceasta a adus o veste emo\u021bionant\u0103 pentru iubitorii de natur\u0103. O c\u0103prioar\u0103 r\u0103nit\u0103 \u0219i speriat\u0103, care a avut norocul s\u0103 fie g\u0103sit\u0103 de un om cu suflet mare, a fost eliberat\u0103 \u00een habitatul s\u0103u natural. Totul a \u00eenceput pe 8 februarie 2025, c\u00eend c\u0103prioara a ajuns r\u0103nit\u0103 \u00een satul Petre\u0219ti, raionul Ungheni. A fost [\u2026]<\/div>\n","protected":false},"author":1,"featured_media":67621,"comment_status":"closed","ping_status":"closed","sticky":false,"template":"","format":"standard","meta":{"jnews-multi-image_gallery":[],"jnews_single_post":[],"jnews_primary_category":[],"jnews_social_meta":[],"jnews_override_counter":[],"footnotes":""},"categories":[30],"tags":[],"class_list":["post-67620","post","type-post","status-publish","format-standard","has-post-thumbnail","hentry","category-social_ro"],"_links":{"self":[{"href":"https:\/\/orheifm.live\/index.php\/wp-json\/wp\/v2\/posts\/67620","targetHints":{"allow":["GET"]}}],"collection":[{"href":"https:\/\/orheifm.live\/index.php\/wp-json\/wp\/v2\/posts"}],"about":[{"href":"https:\/\/orheifm.live\/index.php\/wp-json\/wp\/v2\/types\/post"}],"author":[{"embeddable":true,"href":"https:\/\/orheifm.live\/index.php\/wp-json\/wp\/v2\/users\/1"}],"replies":[{"embeddable":true,"href":"https:\/\/orheifm.live\/index.php\/wp-json\/wp\/v2\/comments?post=67620"}],"version-history":[{"count":0,"href":"https:\/\/orheifm.live\/index.php\/wp-json\/wp\/v2\/posts\/67620\/revisions"}],"wp:featuredmedia":[{"embeddable":true,"href":"https:\/\/orheifm.live\/index.php\/wp-json\/wp\/v2\/media\/67621"}],"wp:attachment":[{"href":"https:\/\/orheifm.live\/index.php\/wp-json\/wp\/v2\/media?parent=67620"}],"wp:term":[{"taxonomy":"category","embeddable":true,"href":"https:\/\/orheifm.live\/index.php\/wp-json\/wp\/v2\/categories?post=67620"},{"taxonomy":"post_tag","embeddable":true,"href":"https:\/\/orheifm.live\/index.php\/wp-json\/wp\/v2\/tags?post=67620"}],"curies":[{"name":"wp","href":"https:\/\/api.w.org\/{rel}","templated":true}]}}