{"id":67614,"date":"2025-02-21T20:27:19","date_gmt":"2025-02-21T18:27:19","guid":{"rendered":"https:\/\/orheifm.live\/index.php\/2025\/02\/21\/doi-calatori-au-facut-zob-usa-unui-troleibuz-din-chisinau-politia-ii-cauta-pe-faptasi\/"},"modified":"2025-02-21T20:27:19","modified_gmt":"2025-02-21T18:27:19","slug":"doi-calatori-au-facut-zob-usa-unui-troleibuz-din-chisinau-politia-ii-cauta-pe-faptasi","status":"publish","type":"post","link":"https:\/\/orheifm.live\/index.php\/2025\/02\/21\/doi-calatori-au-facut-zob-usa-unui-troleibuz-din-chisinau-politia-ii-cauta-pe-faptasi\/","title":{"rendered":"Doi c\u0103l\u0103tori au f\u0103cut zob u\u0219a unui troleibuz din Chi\u0219in\u0103u. Poli\u021bia \u00eei caut\u0103 pe f\u0103pta\u0219i"},"content":{"rendered":"<div>\n<p><strong>U\u0219a unui troleibuz de pe ruta nr.21 a fost spart\u0103 \u00een seara zilei de joi, 20 februarie, dup\u0103 ce doi c\u0103l\u0103tori s-au luat la pumni. Dup\u0103 b\u0103taie, ace\u0219tia au fugit de la fa\u021ba locului.\u00a0Totul s-a \u00eent\u00e2mplat pe strada Ion Creang\u0103 din Chi\u0219in\u0103u.<\/strong><\/p>\n<p>Redac\u021bia\u00a0<a href=\"https:\/\/realitatea.md\/\">Realitatea.md<\/a>\u00a0a solicitat \u00een acest sens o reac\u021bie din partea reprezentan\u021bilor Regiei Transport Electric Chi\u0219in\u0103u (RTEC). Ace\u0219tia ne-au comunicat urm\u0103toarele.<\/p>\n<div class=\"margin-auto\">\n<div id=\"admixer-hb-216-637568592982450705\">\u201e\u00cen timp ce troleibuzul sta\u021biona la sta\u021bia \u201eUniversitatea Pedagogic\u0103 I. Creang\u0103\u201d, s-a iscat un conflict \u00eentre doi c\u0103l\u0103tori. La cobor\u00e2re, unul dintre ace\u0219tia a lovit u\u0219a din spate a vehiculului, deterior\u00e2nd geamul, dup\u0103 care a fugit de la fa\u021ba locului.<\/div>\n<\/div>\n<p>Nici o persoan\u0103 din troleibuz nu a fost r\u0103nit\u0103 \u00een urma incidentului. Echipajul de la bord a sesizat imediat poli\u021bia\u201d, a declarat purt\u0103toarea de cuv\u00e2nt a RTEC, Felicia Rusu.<\/p>\n<p>De asemenea, o reac\u021bie am cerut \u0219i din partea Poli\u021biei.<\/p>\n<p>\u201eIncidentul s-a \u00eent\u00e2mplat \u00een seara zilei de 20 februarie, fiind \u00eenregistrat la ora 18:38, apelul \u0219oferul troleibuzului, care a comunicat c\u0103 2 b\u0103rba\u021bi ar fi avut un conflict, urmat de o alterca\u021bie. Colegii imediat s-au prezentat la adresa indicat\u0103, \u00eenc\u0103 persoanele au reu\u0219it s\u0103 plece de la fa\u021ba locului.<\/p>\n<p>La moment se \u00eentreprind ac\u021biuni \u00een vederea stabilirii identit\u0103\u021bii acestora, dar \u0219i a altor circumstan\u021be relevante cazului\u201d, a declarat pentru Realitatea.md, purt\u0103toarea de cuv\u00e2nt a Poli\u021biei Capitalei, Cristina Talp\u0103.<\/p>\n<\/div>\n","protected":false},"excerpt":{"rendered":"<div><img loading=\"lazy\" decoding=\"async\" width=\"696\" height=\"391\" src=\"https:\/\/canal5.md\/wp-content\/uploads\/2025\/02\/troleibuz-900x505-1-optimized.jpg\" class=\"attachment-large size-large wp-post-image\" alt=\"\" srcset=\"https:\/\/canal5.md\/wp-content\/uploads\/2025\/02\/troleibuz-900x505-1-optimized.jpg 900w, https:\/\/canal5.md\/wp-content\/uploads\/2025\/02\/troleibuz-900x505-1-300x168-optimized.jpg 300w, https:\/\/canal5.md\/wp-content\/uploads\/2025\/02\/troleibuz-900x505-1-768x431-optimized.jpg 768w, https:\/\/canal5.md\/wp-content\/uploads\/2025\/02\/troleibuz-900x505-1-696x391-optimized.jpg 696w\">U\u0219a unui troleibuz de pe ruta nr.21 a fost spart\u0103 \u00een seara zilei de joi, 20 februarie, dup\u0103 ce doi c\u0103l\u0103tori s-au luat la pumni. Dup\u0103 b\u0103taie, ace\u0219tia au fugit de la fa\u021ba locului.\u00a0Totul s-a \u00eent\u00e2mplat pe strada Ion Creang\u0103 din Chi\u0219in\u0103u. Redac\u021bia\u00a0Realitatea.md\u00a0a solicitat \u00een acest sens o reac\u021bie din partea reprezentan\u021bilor Regiei Transport Electric [\u2026]<\/div>\n","protected":false},"author":1,"featured_media":67615,"comment_status":"closed","ping_status":"closed","sticky":false,"template":"","format":"standard","meta":{"jnews-multi-image_gallery":[],"jnews_single_post":[],"jnews_primary_category":[],"jnews_social_meta":[],"jnews_override_counter":[],"footnotes":""},"categories":[30],"tags":[],"class_list":["post-67614","post","type-post","status-publish","format-standard","has-post-thumbnail","hentry","category-social_ro"],"_links":{"self":[{"href":"https:\/\/orheifm.live\/index.php\/wp-json\/wp\/v2\/posts\/67614","targetHints":{"allow":["GET"]}}],"collection":[{"href":"https:\/\/orheifm.live\/index.php\/wp-json\/wp\/v2\/posts"}],"about":[{"href":"https:\/\/orheifm.live\/index.php\/wp-json\/wp\/v2\/types\/post"}],"author":[{"embeddable":true,"href":"https:\/\/orheifm.live\/index.php\/wp-json\/wp\/v2\/users\/1"}],"replies":[{"embeddable":true,"href":"https:\/\/orheifm.live\/index.php\/wp-json\/wp\/v2\/comments?post=67614"}],"version-history":[{"count":0,"href":"https:\/\/orheifm.live\/index.php\/wp-json\/wp\/v2\/posts\/67614\/revisions"}],"wp:featuredmedia":[{"embeddable":true,"href":"https:\/\/orheifm.live\/index.php\/wp-json\/wp\/v2\/media\/67615"}],"wp:attachment":[{"href":"https:\/\/orheifm.live\/index.php\/wp-json\/wp\/v2\/media?parent=67614"}],"wp:term":[{"taxonomy":"category","embeddable":true,"href":"https:\/\/orheifm.live\/index.php\/wp-json\/wp\/v2\/categories?post=67614"},{"taxonomy":"post_tag","embeddable":true,"href":"https:\/\/orheifm.live\/index.php\/wp-json\/wp\/v2\/tags?post=67614"}],"curies":[{"name":"wp","href":"https:\/\/api.w.org\/{rel}","templated":true}]}}