{"id":67612,"date":"2025-02-21T20:10:02","date_gmt":"2025-02-21T18:10:02","guid":{"rendered":"https:\/\/orheifm.live\/index.php\/2025\/02\/21\/proprietarul-localului-la-sarkis-impuscat-mortal-in-cap\/"},"modified":"2025-02-21T20:10:02","modified_gmt":"2025-02-21T18:10:02","slug":"proprietarul-localului-la-sarkis-impuscat-mortal-in-cap","status":"publish","type":"post","link":"https:\/\/orheifm.live\/index.php\/2025\/02\/21\/proprietarul-localului-la-sarkis-impuscat-mortal-in-cap\/","title":{"rendered":"Proprietarul localului \u201eLa Sarkis\u201d, \u00eempu\u0219cat mortal \u00een cap"},"content":{"rendered":"<div>\n<p>Proprietarul localului La Sarkis din centrul capitalei, Roman Zacarean, a fost g\u0103sit z\u0103c\u00e2nd intr-o balt\u0103 de s\u00e2nge. Tragedia a avut loc \u00een aceast\u0103 sear\u0103, \u00een jurul orei 18:10, \u00een locuin\u021ba sa de pe strada Primar Karol Schmidt, din capital\u01ce, sus\u021bin sursele <a href=\"https:\/\/pulsmedia.md\/article\/74c62aea5ae5780a\/news-alert-surse-proprietarul-localului-la-sarkis-impuscat-mortal-in-cap.html\">PulsMedia.MD.<\/a><\/p>\n<p>Astfel, potrivit surselor, omul de afaceri \u00een v\u00e2rst\u0103 de 42 de ani a fost g\u0103sit de c\u0103tre so\u021bia sa care a alertat poli\u021bia.<\/p>\n<p>Acesta s-ar fi sinucis \u00eempu\u0219c\u00e2ndu-se \u00een cap cu o arm\u0103 de foc, \u00een urma unei cer\u021bi cu so\u021bia sa.<\/p>\n<div class=\"g-adsense in-article\"><\/div>\n<\/div>\n","protected":false},"excerpt":{"rendered":"<div><img loading=\"lazy\" decoding=\"async\" width=\"696\" height=\"505\" src=\"https:\/\/canal5.md\/wp-content\/uploads\/2025\/02\/photo_2025-02-21_20-03-46-1024x743-optimized.jpg\" class=\"attachment-large size-large wp-post-image\" alt=\"\" srcset=\"https:\/\/canal5.md\/wp-content\/uploads\/2025\/02\/photo_2025-02-21_20-03-46-1024x743-optimized.jpg 1024w, https:\/\/canal5.md\/wp-content\/uploads\/2025\/02\/photo_2025-02-21_20-03-46-300x218-optimized.jpg 300w, https:\/\/canal5.md\/wp-content\/uploads\/2025\/02\/photo_2025-02-21_20-03-46-768x557-optimized.jpg 768w, https:\/\/canal5.md\/wp-content\/uploads\/2025\/02\/photo_2025-02-21_20-03-46-696x505-optimized.jpg 696w, https:\/\/canal5.md\/wp-content\/uploads\/2025\/02\/photo_2025-02-21_20-03-46-1068x775-optimized.jpg 1068w, https:\/\/canal5.md\/wp-content\/uploads\/2025\/02\/photo_2025-02-21_20-03-46-324x235-optimized.jpg 324w, https:\/\/canal5.md\/wp-content\/uploads\/2025\/02\/photo_2025-02-21_20-03-46-648x470-optimized.jpg 648w, https:\/\/canal5.md\/wp-content\/uploads\/2025\/02\/photo_2025-02-21_20-03-46-optimized.jpg 1104w\">Proprietarul localului La Sarkis din centrul capitalei, Roman Zacarean, a fost g\u0103sit z\u0103c\u00e2nd intr-o balt\u0103 de s\u00e2nge. Tragedia a avut loc \u00een aceast\u0103 sear\u0103, \u00een jurul orei 18:10, \u00een locuin\u021ba sa de pe strada Primar Karol Schmidt, din capital\u01ce, sus\u021bin sursele PulsMedia.MD. Astfel, potrivit surselor, omul de afaceri \u00een v\u00e2rst\u0103 de 42 de ani a [\u2026]<\/div>\n","protected":false},"author":1,"featured_media":67613,"comment_status":"closed","ping_status":"closed","sticky":false,"template":"","format":"standard","meta":{"jnews-multi-image_gallery":[],"jnews_single_post":[],"jnews_primary_category":[],"jnews_social_meta":[],"jnews_override_counter":[],"footnotes":""},"categories":[30],"tags":[],"class_list":["post-67612","post","type-post","status-publish","format-standard","has-post-thumbnail","hentry","category-social_ro"],"_links":{"self":[{"href":"https:\/\/orheifm.live\/index.php\/wp-json\/wp\/v2\/posts\/67612","targetHints":{"allow":["GET"]}}],"collection":[{"href":"https:\/\/orheifm.live\/index.php\/wp-json\/wp\/v2\/posts"}],"about":[{"href":"https:\/\/orheifm.live\/index.php\/wp-json\/wp\/v2\/types\/post"}],"author":[{"embeddable":true,"href":"https:\/\/orheifm.live\/index.php\/wp-json\/wp\/v2\/users\/1"}],"replies":[{"embeddable":true,"href":"https:\/\/orheifm.live\/index.php\/wp-json\/wp\/v2\/comments?post=67612"}],"version-history":[{"count":0,"href":"https:\/\/orheifm.live\/index.php\/wp-json\/wp\/v2\/posts\/67612\/revisions"}],"wp:featuredmedia":[{"embeddable":true,"href":"https:\/\/orheifm.live\/index.php\/wp-json\/wp\/v2\/media\/67613"}],"wp:attachment":[{"href":"https:\/\/orheifm.live\/index.php\/wp-json\/wp\/v2\/media?parent=67612"}],"wp:term":[{"taxonomy":"category","embeddable":true,"href":"https:\/\/orheifm.live\/index.php\/wp-json\/wp\/v2\/categories?post=67612"},{"taxonomy":"post_tag","embeddable":true,"href":"https:\/\/orheifm.live\/index.php\/wp-json\/wp\/v2\/tags?post=67612"}],"curies":[{"name":"wp","href":"https:\/\/api.w.org\/{rel}","templated":true}]}}