{"id":67608,"date":"2025-02-21T16:19:41","date_gmt":"2025-02-21T14:19:41","guid":{"rendered":"https:\/\/orheifm.live\/index.php\/2025\/02\/21\/patru-elevi-din-ucraina-arestati-pentru-atac-terorist-soldat-cu-patru-morti\/"},"modified":"2025-02-21T16:19:41","modified_gmt":"2025-02-21T14:19:41","slug":"patru-elevi-din-ucraina-arestati-pentru-atac-terorist-soldat-cu-patru-morti","status":"publish","type":"post","link":"https:\/\/orheifm.live\/index.php\/2025\/02\/21\/patru-elevi-din-ucraina-arestati-pentru-atac-terorist-soldat-cu-patru-morti\/","title":{"rendered":"Patru elevi din Ucraina aresta\u021bi pentru atac terorist soldat cu patru mor\u021bi"},"content":{"rendered":"<div>\n<p><strong>O instan\u021b\u0103 din Nikolaiev, sudul Ucrainei, a dispus arestarea preventiv\u0103, f\u0103r\u0103 drept de cau\u021biune, a patru elevi dintr-o localitate din regiunea Poltava, suspecta\u021bi de comiterea unui atac terorist soldat cu patru mor\u021bi. Decizia a fost anun\u021bat\u0103 de serviciul de pres\u0103 al Tribunalului Districtual Central din Nikolaiev.<\/strong><\/p>\n<p>Potrivit comunicatului, judec\u0103torul de instruc\u021bie Ivan Dirko a examinat cererea de deten\u021bie provizorie pentru patru elevi cu v\u00e2rste \u00eentre 14 \u0219i 17 ani, acuza\u021bi de infrac\u021biunea prev\u0103zut\u0103 de articolele 28 \u0219i 258 din Codul penal al Ucrainei.<\/p>\n<p>Rechizitoriul arat\u0103 c\u0103, \u00een ianuarie 2025, un adolescent de 16 ani a \u00eenceput s\u0103 comunice online cu agen\u021bi de informa\u021bii ru\u0219i. Ace\u0219tia l-au instruit, \u00een schimbul unei compensa\u021bii financiare, s\u0103 fabrice \u0219i s\u0103 transporte dispozitive explozive, s\u0103 le predea unor persoane desemnate \u0219i s\u0103 comit\u0103 atentate cu bomb\u0103 \u00eempotriva infrastructurii critice \u0219i a anumitor persoane.<\/p>\n<p>Adolescentul a recrutat apoi trei cuno\u0219tin\u021be \u0219i \u00eempreun\u0103 au \u00eenceput s\u0103 construiasc\u0103 un dispozitiv exploziv improvizat. La \u00eenceputul lunii februarie 2025, au livrat dispozitivul unei femei de 42 de ani din Poltava, care colabora cu agen\u021bii ru\u0219i. Aceasta a transportat bomba la Nikolaiev \u0219i a plasat-o \u00eentr-un magazin din apropierea unui grup de militari. Dispozitivul a explodat la scurt timp, ucig\u00e2nd patru persoane, inclusiv femeia, \u0219i r\u0103nind alte \u0219apte.<\/p>\n<p>\u00cen instan\u021b\u0103, suspec\u021bii \u0219i-au recunoscut vinov\u0103\u021bia \u0219i au solicitat m\u0103suri preventive mai bl\u00e2nde. Totu\u0219i, judec\u0103torul a decis arestarea lor preventiv\u0103, f\u0103r\u0103 posibilitatea constituirii unei cau\u021biuni, din cauza gravit\u0103\u021bii infrac\u021biunii.<\/p>\n<\/div>\n","protected":false},"excerpt":{"rendered":"<div><img loading=\"lazy\" decoding=\"async\" width=\"696\" height=\"392\" src=\"https:\/\/canal5.md\/wp-content\/uploads\/2025\/02\/08056a0e49898c0a5668ce727815b372a48ce024abb92cdac22e22c34c64e1da-1024x576-optimized.png\" class=\"attachment-large size-large wp-post-image\" alt=\"\" srcset=\"https:\/\/canal5.md\/wp-content\/uploads\/2025\/02\/08056a0e49898c0a5668ce727815b372a48ce024abb92cdac22e22c34c64e1da-1024x576-optimized.png 1024w, https:\/\/canal5.md\/wp-content\/uploads\/2025\/02\/08056a0e49898c0a5668ce727815b372a48ce024abb92cdac22e22c34c64e1da-300x169-optimized.png 300w, https:\/\/canal5.md\/wp-content\/uploads\/2025\/02\/08056a0e49898c0a5668ce727815b372a48ce024abb92cdac22e22c34c64e1da-768x432-optimized.png 768w, https:\/\/canal5.md\/wp-content\/uploads\/2025\/02\/08056a0e49898c0a5668ce727815b372a48ce024abb92cdac22e22c34c64e1da-696x392-optimized.png 696w, https:\/\/canal5.md\/wp-content\/uploads\/2025\/02\/08056a0e49898c0a5668ce727815b372a48ce024abb92cdac22e22c34c64e1da-1068x601-optimized.png 1068w, https:\/\/canal5.md\/wp-content\/uploads\/2025\/02\/08056a0e49898c0a5668ce727815b372a48ce024abb92cdac22e22c34c64e1da-optimized.png 1200w\">O instan\u021b\u0103 din Nikolaiev, sudul Ucrainei, a dispus arestarea preventiv\u0103, f\u0103r\u0103 drept de cau\u021biune, a patru elevi dintr-o localitate din regiunea Poltava, suspecta\u021bi de comiterea unui atac terorist soldat cu patru mor\u021bi. Decizia a fost anun\u021bat\u0103 de serviciul de pres\u0103 al Tribunalului Districtual Central din Nikolaiev. Potrivit comunicatului, judec\u0103torul de instruc\u021bie Ivan Dirko a examinat [\u2026]<\/div>\n","protected":false},"author":1,"featured_media":67609,"comment_status":"closed","ping_status":"closed","sticky":false,"template":"","format":"standard","meta":{"jnews-multi-image_gallery":[],"jnews_single_post":[],"jnews_primary_category":[],"jnews_social_meta":[],"jnews_override_counter":[],"footnotes":""},"categories":[29],"tags":[],"class_list":["post-67608","post","type-post","status-publish","format-standard","has-post-thumbnail","hentry","category-externe_ro"],"_links":{"self":[{"href":"https:\/\/orheifm.live\/index.php\/wp-json\/wp\/v2\/posts\/67608","targetHints":{"allow":["GET"]}}],"collection":[{"href":"https:\/\/orheifm.live\/index.php\/wp-json\/wp\/v2\/posts"}],"about":[{"href":"https:\/\/orheifm.live\/index.php\/wp-json\/wp\/v2\/types\/post"}],"author":[{"embeddable":true,"href":"https:\/\/orheifm.live\/index.php\/wp-json\/wp\/v2\/users\/1"}],"replies":[{"embeddable":true,"href":"https:\/\/orheifm.live\/index.php\/wp-json\/wp\/v2\/comments?post=67608"}],"version-history":[{"count":0,"href":"https:\/\/orheifm.live\/index.php\/wp-json\/wp\/v2\/posts\/67608\/revisions"}],"wp:featuredmedia":[{"embeddable":true,"href":"https:\/\/orheifm.live\/index.php\/wp-json\/wp\/v2\/media\/67609"}],"wp:attachment":[{"href":"https:\/\/orheifm.live\/index.php\/wp-json\/wp\/v2\/media?parent=67608"}],"wp:term":[{"taxonomy":"category","embeddable":true,"href":"https:\/\/orheifm.live\/index.php\/wp-json\/wp\/v2\/categories?post=67608"},{"taxonomy":"post_tag","embeddable":true,"href":"https:\/\/orheifm.live\/index.php\/wp-json\/wp\/v2\/tags?post=67608"}],"curies":[{"name":"wp","href":"https:\/\/api.w.org\/{rel}","templated":true}]}}