{"id":67606,"date":"2025-02-21T16:10:13","date_gmt":"2025-02-21T14:10:13","guid":{"rendered":"https:\/\/orheifm.live\/index.php\/2025\/02\/21\/despagubiri-mai-mari-pentru-pasagerii-curselor-aeriene-in-caz-de-pierdere-a-bagajelor-sau-intarzieri\/"},"modified":"2025-02-21T16:10:13","modified_gmt":"2025-02-21T14:10:13","slug":"despagubiri-mai-mari-pentru-pasagerii-curselor-aeriene-in-caz-de-pierdere-a-bagajelor-sau-intarzieri","status":"publish","type":"post","link":"https:\/\/orheifm.live\/index.php\/2025\/02\/21\/despagubiri-mai-mari-pentru-pasagerii-curselor-aeriene-in-caz-de-pierdere-a-bagajelor-sau-intarzieri\/","title":{"rendered":"Desp\u0103gubiri mai mari pentru pasagerii curselor aeriene, \u00een caz de pierdere a bagajelor sau \u00eent\u00e2rzieri"},"content":{"rendered":"<div>\n<p><strong>Pasagerii curselor aeriene vor beneficia de desp\u0103gubiri mai mari \u00een caz de pierdere, deteriorare a bagajelor sau \u00eent\u00e2rziere a zborurilor, conform unui proiect de lege adoptat recent. Acesta prevede majorarea asigur\u0103rii de r\u0103spundere civil\u0103 fa\u021b\u0103 de pasageri, bagaje, trimiteri po\u0219tale \u0219i m\u0103rfuri, fiind aprobat \u00een lectura a doua de 61 de deputa\u021bi.<\/strong><\/p>\n<p>Noua legisla\u021bie va impune cerin\u021be mai mari pentru operatorii aerieni \u0219i pentru cei care efectueaz\u0103 zboruri \u00een, spre sau din teritoriul Republicii Moldova. Cre\u0219terea cuantumului minim al asigur\u0103rii va oferi o protec\u021bie financiar\u0103 sporit\u0103 pentru pasageri \u00een caz de accidente, pierderi, distrugere sau deteriorare a bagajelor, trimiterilor po\u0219tale \u0219i m\u0103rfurilor.<\/p>\n<p>Astfel, cuantumul minim al asigur\u0103rii de r\u0103spundere civil\u0103 fa\u021b\u0103 de pasageri va cre\u0219te \u00een caz de \u00eent\u00e2rzieri, de la 5.346 DST la 6.303 DST per pasager, echivalentul a aproximativ 151.000 lei, conform ratei B\u0103ncii Na\u021bionale a Moldovei. De asemenea, pentru bagaje, suma va cre\u0219te de la 1.288 la 1.519 DST per pasager, adic\u0103 circa 36.000 lei. \u00cen ceea ce prive\u0219te transportul de m\u0103rfuri, valoarea minim\u0103 va fi de 26 DST per kilogram.<\/p>\n<p>Modific\u0103rile legislative au fost propuse de Ministerul Infrastructurii \u0219i Dezvolt\u0103rii Regionale, \u00een colaborare cu Autoritatea Aeronautic\u0103, \u00een conformitate cu prevederile Conven\u021biei de la Montreal din 1999, la care Republica Moldova este parte. Aceast\u0103 conven\u021bie prevede ajustarea periodic\u0103 a limitelor de r\u0103spundere conform unui factor de infla\u021bie stabilit la nivel interna\u021bional. Dup\u0103 aprobarea sa, legea va intra \u00een vigoare la data public\u0103rii \u00een Monitorul Oficial.<\/p>\n<\/div>\n","protected":false},"excerpt":{"rendered":"<div><img loading=\"lazy\" decoding=\"async\" width=\"696\" height=\"391\" src=\"https:\/\/canal5.md\/wp-content\/uploads\/2024\/04\/aeroport-900x505-1-optimized.jpg\" class=\"attachment-large size-large wp-post-image\" alt=\"\" srcset=\"https:\/\/canal5.md\/wp-content\/uploads\/2024\/04\/aeroport-900x505-1-optimized.jpg 900w, https:\/\/canal5.md\/wp-content\/uploads\/2024\/04\/aeroport-900x505-1-300x168-optimized.jpg 300w, https:\/\/canal5.md\/wp-content\/uploads\/2024\/04\/aeroport-900x505-1-768x431-optimized.jpg 768w, https:\/\/canal5.md\/wp-content\/uploads\/2024\/04\/aeroport-900x505-1-696x391-optimized.jpg 696w\">Pasagerii curselor aeriene vor beneficia de desp\u0103gubiri mai mari \u00een caz de pierdere, deteriorare a bagajelor sau \u00eent\u00e2rziere a zborurilor, conform unui proiect de lege adoptat recent. Acesta prevede majorarea asigur\u0103rii de r\u0103spundere civil\u0103 fa\u021b\u0103 de pasageri, bagaje, trimiteri po\u0219tale \u0219i m\u0103rfuri, fiind aprobat \u00een lectura a doua de 61 de deputa\u021bi. Noua legisla\u021bie va [\u2026]<\/div>\n","protected":false},"author":1,"featured_media":67607,"comment_status":"closed","ping_status":"closed","sticky":false,"template":"","format":"standard","meta":{"jnews-multi-image_gallery":[],"jnews_single_post":[],"jnews_primary_category":[],"jnews_social_meta":[],"jnews_override_counter":[],"footnotes":""},"categories":[23],"tags":[],"class_list":["post-67606","post","type-post","status-publish","format-standard","has-post-thumbnail","hentry","category-politica_ro"],"_links":{"self":[{"href":"https:\/\/orheifm.live\/index.php\/wp-json\/wp\/v2\/posts\/67606","targetHints":{"allow":["GET"]}}],"collection":[{"href":"https:\/\/orheifm.live\/index.php\/wp-json\/wp\/v2\/posts"}],"about":[{"href":"https:\/\/orheifm.live\/index.php\/wp-json\/wp\/v2\/types\/post"}],"author":[{"embeddable":true,"href":"https:\/\/orheifm.live\/index.php\/wp-json\/wp\/v2\/users\/1"}],"replies":[{"embeddable":true,"href":"https:\/\/orheifm.live\/index.php\/wp-json\/wp\/v2\/comments?post=67606"}],"version-history":[{"count":0,"href":"https:\/\/orheifm.live\/index.php\/wp-json\/wp\/v2\/posts\/67606\/revisions"}],"wp:featuredmedia":[{"embeddable":true,"href":"https:\/\/orheifm.live\/index.php\/wp-json\/wp\/v2\/media\/67607"}],"wp:attachment":[{"href":"https:\/\/orheifm.live\/index.php\/wp-json\/wp\/v2\/media?parent=67606"}],"wp:term":[{"taxonomy":"category","embeddable":true,"href":"https:\/\/orheifm.live\/index.php\/wp-json\/wp\/v2\/categories?post=67606"},{"taxonomy":"post_tag","embeddable":true,"href":"https:\/\/orheifm.live\/index.php\/wp-json\/wp\/v2\/tags?post=67606"}],"curies":[{"name":"wp","href":"https:\/\/api.w.org\/{rel}","templated":true}]}}