{"id":67602,"date":"2025-02-21T14:45:12","date_gmt":"2025-02-21T12:45:12","guid":{"rendered":"https:\/\/orheifm.live\/index.php\/2025\/02\/21\/in-ciuda-operatiei-suferite-cu-o-zi-inainte-la-cerinta-judecatorului-svetlana-popan-a-fost-nevoita-sa-participe-la-procesul-de-judecata-alaturi-de-evghenia-gutul\/"},"modified":"2025-02-21T14:45:12","modified_gmt":"2025-02-21T12:45:12","slug":"in-ciuda-operatiei-suferite-cu-o-zi-inainte-la-cerinta-judecatorului-svetlana-popan-a-fost-nevoita-sa-participe-la-procesul-de-judecata-alaturi-de-evghenia-gutul","status":"publish","type":"post","link":"https:\/\/orheifm.live\/index.php\/2025\/02\/21\/in-ciuda-operatiei-suferite-cu-o-zi-inainte-la-cerinta-judecatorului-svetlana-popan-a-fost-nevoita-sa-participe-la-procesul-de-judecata-alaturi-de-evghenia-gutul\/","title":{"rendered":"\u00cen ciuda opera\u021biei suferite cu o zi \u00eenainte, la cerin\u021ba judec\u0103torului, Svetlana Popan a fost nevoit\u0103 s\u0103 participe la procesul de judecat\u0103 al\u0103turi de Evghenia Gu\u021bul"},"content":{"rendered":"<div>\n<p><strong>Pentru c\u0103 magistra\u021bii au insistat, activista Svetlana Popan s- a prezentat fizic la \u0219edin\u021ba de vineri, de la procesul \u00een care este judecat\u0103 al\u0103turi de ba\u0219canului G\u0103g\u0103uziei, Evghenia Gu\u021bul. Cu o numai o zi \u00eenainte \u00eens\u0103 femeia a fost supus\u0103 unei interven\u021bii chirurgicale, dar se pare c\u0103 acest lucru i-a l\u0103sat rece pe judec\u0103tori, care, mai mult dec\u00e2t at\u00e2t, au cerut ca, \u00een caz de refuz, popan s\u0103 fie adus\u0103 chiar \u0219i cu for\u021ba.<\/strong><br \/>\n<iframe loading=\"lazy\" title=\"YouTube video player\" src=\"https:\/\/www.youtube.com\/embed\/wajxcrYQxKI?si=Qb-Bh9-17zWYi_4G\" width=\"560\" height=\"315\" frameborder=\"0\" allowfullscreen=\"allowfullscreen\"><\/iframe><\/p>\n<p>Pentru c\u0103 magistra\u021bii au insistat, activista Svetlana Popan s- a prezentat fizic la \u0219edin\u021ba de vineri, de la procesul \u00een care este judecat\u0103 al\u0103turi de ba\u0219canului G\u0103g\u0103uziei, Evghenia Gu\u021bul. Cu o numai o zi \u00eenainte \u00eens\u0103 femeia a fost supus\u0103 unei interven\u021bii chirurgicale, dar se pare c\u0103 acest lucru i-a l\u0103sat rece pe judec\u0103tori, care, mai mult dec\u00e2t at\u00e2t, au cerut ca, \u00een caz de refuz, popan s\u0103 fie adus\u0103 chiar \u0219i cu for\u021ba.<\/p>\n<p>Noua \u0219edin\u021b\u0103 de judecat\u0103 \u00een dosarul ba\u0219canului Evgheniei Gu\u021bul \u0219i activistei, Svetlana Popan a durat dou\u0103 ore. De aceast\u0103 dat\u0103, la proces a fost prezent\u0103 \u0219i Svetlana Popan chiar dac\u0103, acum \u00een urm\u0103 cu o zi, a suportat o interven\u021bie chirurgical\u0103. Potrivit guvernatorului G\u0103g\u0103uziei, procurorul pe caz a insistat ca Popan s\u0103 participe la \u0219edin\u021b\u0103, cu toate c\u0103 starea ei de s\u0103n\u0103tate nu este cea mai bun\u0103 \u0219i a fost nevoit\u0103 s\u0103 se externeze din spital pentru a fi prezent\u0103.<\/p>\n<p>EVGHENIA GU\u021aUL, ba\u0219canul G\u0103g\u0103uziei<\/p>\n<p>Judec\u0103torul a decis c\u0103, Svetlana Popan trebuie s\u0103 se externeze for\u021bat din spital \u0219i s\u0103 participe la acest proces organizat la comand\u0103. A\u0219a \u0219i a fost, Svetlana Popan a venit la \u0219edin\u021b\u0103 \u0219i, a\u021bi v\u0103zut \u0219i dvs c\u0103 se simte r\u0103u \u0219i chiar am fost nevoi\u021bi s\u0103 \u00eentrerupem o dat\u0103 \u0219edin\u021ba, pentru a face o pauz\u0103, deoarece trebuia un pic s\u0103-\u0219i revin\u0103 pentru c\u0103 \u00eenc\u0103perea e mic\u0103 \u0219i nu este destul aer, dar \u0219i emo\u021biile provoac\u0103 o stare rea.<\/p>\n<p>La \u0219edin\u021ba de ast\u0103zi au fost ascultate \u00eenregistr\u0103ri audio ale unui martor, \u00eens\u0103, acestea nu au nici o leg\u0103tur\u0103 cu dosarul, sus\u021bine ba\u0219canul. Prin urmare, Gu\u021bul a reiterat c\u0103 dosarul este politic.<\/p>\n<p>EVGHENIA GU\u021aUL, ba\u0219canul G\u0103g\u0103uziei<\/p>\n<p>Ast\u0103zi am ascultat o \u00eenregistrare audio care au fost f\u0103cute de unii secretari. Aceast\u0103 femeie a fost la noi martor, \u00eent\u00e2i de toate a fost \u00eenvinuit\u0103 pe urm\u0103 au schimbat-o ca fiind martor \u0219i iat\u0103 am ascultat convorbirea sa cu cineva. Nu are nici o leg\u0103tur\u0103 nici cu mine \u0219i nici cu colega mea, Svetlana. Vreau s\u0103 mai spun c\u0103 ne-au ad\u0103ugat \u00eenc\u0103 patru \u0219edin\u021be de judecat\u0103, una \u00een februarie \u0219i trei \u00een martie.<\/p>\n<p>Conform deciziei judec\u0103torului, num\u0103rul de \u0219edin\u021be a fost m\u0103rit, iar acum vor avea loc c\u00e2te patru pe s\u0103pt\u0103m\u00e2n\u0103. Ba\u0219canul explic\u0103 aceast\u0103 accelerare a procesului ca fiind o tentativ\u0103 a autorit\u0103\u021bilor de a pronun\u021ba rapid un verdict. La \u0219edin\u021ba, judec\u0103torul a interzis categoric film\u0103rile. Aceasta nu este prima dat\u0103 c\u00e2nd materialele referitoare la cazul \u00eempotriva ba\u0219canului G\u0103g\u0103uziei sunt prezentate \u00een secret.<\/p>\n<p>\u0218i de aceast\u0103 dat\u0103, simpatizan\u021bii ba\u0219canului, sus\u021bin\u0103torii \u0219i membri ai Blocului \u201dVictorie\u201d s-au adunat \u00een fa\u021ba judec\u0103toriei Buiucani, pentru a le sus\u021bine pe Evghenia Gu\u021bul \u0219i Svetlana Popan.<\/p>\n<p>Urm\u0103toarea \u0219edin\u021b\u0103 de judecat\u0103 \u00een acest caz este programat\u0103 pentru data de 25 februarie. Preciz\u0103m c\u0103, \u00een ultimele luni, \u0219edin\u021bele de judecat\u0103 s-au organizat s\u0103pt\u0103m\u00e2nal sau chiar de dou\u0103 ori pe s\u0103pt\u0103m\u00e2n\u0103, ceea ce, potrivit Evgheniei Gu\u021bul \u0219i Svetlanei Popan este o adev\u0103rat\u0103 pierdere de timp. Amintim c\u0103, doamenel vizate sunt acuzate de \u201eimplicare \u00een finan\u021barea ilegal\u0103 a unui partid politic\u201d. Ambele se declar\u0103 nevinovate \u0219i calific\u0103 dosarul \u00eempotriva lor ca fiind unul politic. Procurorul nu a comentat desf\u0103\u0219urarea procesului.<\/p>\n<\/div>\n","protected":false},"excerpt":{"rendered":"<div><img loading=\"lazy\" decoding=\"async\" width=\"696\" height=\"393\" src=\"https:\/\/canal5.md\/wp-content\/uploads\/2025\/02\/snimok-ekrana_21-2-2025_142533_www.youtube.com_-optimized.jpeg\" class=\"attachment-large size-large wp-post-image\" alt=\"\" srcset=\"https:\/\/canal5.md\/wp-content\/uploads\/2025\/02\/snimok-ekrana_21-2-2025_142533_www.youtube.com_-optimized.jpeg 849w, https:\/\/canal5.md\/wp-content\/uploads\/2025\/02\/snimok-ekrana_21-2-2025_142533_www.youtube.com_-300x170-optimized.jpeg 300w, https:\/\/canal5.md\/wp-content\/uploads\/2025\/02\/snimok-ekrana_21-2-2025_142533_www.youtube.com_-768x434-optimized.jpeg 768w, https:\/\/canal5.md\/wp-content\/uploads\/2025\/02\/snimok-ekrana_21-2-2025_142533_www.youtube.com_-696x393-optimized.jpeg 696w\">Pentru c\u0103 magistra\u021bii au insistat, activista Svetlana Popan s- a prezentat fizic la \u0219edin\u021ba de vineri, de la procesul \u00een care este judecat\u0103 al\u0103turi de ba\u0219canului G\u0103g\u0103uziei, Evghenia Gu\u021bul. Cu o numai o zi \u00eenainte \u00eens\u0103 femeia a fost supus\u0103 unei interven\u021bii chirurgicale, dar se pare c\u0103 acest lucru i-a l\u0103sat rece pe judec\u0103tori, care, [\u2026]<\/div>\n","protected":false},"author":1,"featured_media":67603,"comment_status":"closed","ping_status":"closed","sticky":false,"template":"","format":"standard","meta":{"jnews-multi-image_gallery":[],"jnews_single_post":[],"jnews_primary_category":[],"jnews_social_meta":[],"jnews_override_counter":[],"footnotes":""},"categories":[23],"tags":[],"class_list":["post-67602","post","type-post","status-publish","format-standard","has-post-thumbnail","hentry","category-politica_ro"],"_links":{"self":[{"href":"https:\/\/orheifm.live\/index.php\/wp-json\/wp\/v2\/posts\/67602","targetHints":{"allow":["GET"]}}],"collection":[{"href":"https:\/\/orheifm.live\/index.php\/wp-json\/wp\/v2\/posts"}],"about":[{"href":"https:\/\/orheifm.live\/index.php\/wp-json\/wp\/v2\/types\/post"}],"author":[{"embeddable":true,"href":"https:\/\/orheifm.live\/index.php\/wp-json\/wp\/v2\/users\/1"}],"replies":[{"embeddable":true,"href":"https:\/\/orheifm.live\/index.php\/wp-json\/wp\/v2\/comments?post=67602"}],"version-history":[{"count":0,"href":"https:\/\/orheifm.live\/index.php\/wp-json\/wp\/v2\/posts\/67602\/revisions"}],"wp:featuredmedia":[{"embeddable":true,"href":"https:\/\/orheifm.live\/index.php\/wp-json\/wp\/v2\/media\/67603"}],"wp:attachment":[{"href":"https:\/\/orheifm.live\/index.php\/wp-json\/wp\/v2\/media?parent=67602"}],"wp:term":[{"taxonomy":"category","embeddable":true,"href":"https:\/\/orheifm.live\/index.php\/wp-json\/wp\/v2\/categories?post=67602"},{"taxonomy":"post_tag","embeddable":true,"href":"https:\/\/orheifm.live\/index.php\/wp-json\/wp\/v2\/tags?post=67602"}],"curies":[{"name":"wp","href":"https:\/\/api.w.org\/{rel}","templated":true}]}}