{"id":67600,"date":"2025-02-21T09:40:57","date_gmt":"2025-02-21T07:40:57","guid":{"rendered":"https:\/\/orheifm.live\/index.php\/2025\/02\/21\/manevra-periculoasa-in-chisinau-un-sofer-tanar-cu-patru-fete-a-accidentat-un-alt-automobil\/"},"modified":"2025-02-21T09:40:57","modified_gmt":"2025-02-21T07:40:57","slug":"manevra-periculoasa-in-chisinau-un-sofer-tanar-cu-patru-fete-a-accidentat-un-alt-automobil","status":"publish","type":"post","link":"https:\/\/orheifm.live\/index.php\/2025\/02\/21\/manevra-periculoasa-in-chisinau-un-sofer-tanar-cu-patru-fete-a-accidentat-un-alt-automobil\/","title":{"rendered":"Manevr\u0103 periculoas\u0103 \u00een Chi\u0219in\u0103u: Un \u0219ofer t\u00e2n\u0103r cu patru fete a accidentat un alt automobil"},"content":{"rendered":"<div>\n<p><strong>Un t\u00e2n\u0103r \u0219ofer, aflat la volanul unui BMW, a fost surprins acceler\u00e2nd pe o strad\u0103 din Chi\u0219in\u0103u, av\u00e2nd patru fete ca pasagere. <\/strong><\/p>\n<p>Acesta a efectuat o manevr\u0103 riscant\u0103, strecur\u00e2ndu-se cu vitez\u0103 printre dou\u0103 ma\u0219ini \u0219i lovind una dintre ele. Dup\u0103 accident, tinerele au p\u0103r\u0103sit rapid autoturismul. Momentul periculos a fost surprins de camera de bord a unui alt vehicul din trafic, iar imaginile au fost ulterior distribuite pe re\u021belele sociale.<\/p>\n<p>Potrivit Poli\u021biei, incidentul a avut loc \u00een octombrie 2024, dar videoclipul a fost f\u0103cut public abia acum.<\/p>\n<\/div>\n","protected":false},"excerpt":{"rendered":"<div><img decoding=\"async\" width=\"696\" height=\"392\" src=\"https:\/\/canal5.md\/wp-content\/uploads\/2025\/02\/282c4ed107028b5bd031baf7370998c21e46e5e9a06b3a4e4b89ef03fa7acb48-optimized.png\" class=\"attachment-large size-large wp-post-image\" alt=\"\" loading=\"lazy\" srcset=\"https:\/\/canal5.md\/wp-content\/uploads\/2025\/02\/282c4ed107028b5bd031baf7370998c21e46e5e9a06b3a4e4b89ef03fa7acb48-optimized.png 800w, https:\/\/canal5.md\/wp-content\/uploads\/2025\/02\/282c4ed107028b5bd031baf7370998c21e46e5e9a06b3a4e4b89ef03fa7acb48-300x169-optimized.png 300w, https:\/\/canal5.md\/wp-content\/uploads\/2025\/02\/282c4ed107028b5bd031baf7370998c21e46e5e9a06b3a4e4b89ef03fa7acb48-768x432-optimized.png 768w, https:\/\/canal5.md\/wp-content\/uploads\/2025\/02\/282c4ed107028b5bd031baf7370998c21e46e5e9a06b3a4e4b89ef03fa7acb48-696x392-optimized.png 696w\">Un t\u00e2n\u0103r \u0219ofer, aflat la volanul unui BMW, a fost surprins acceler\u00e2nd pe o strad\u0103 din Chi\u0219in\u0103u, av\u00e2nd patru fete ca pasagere. Acesta a efectuat o manevr\u0103 riscant\u0103, strecur\u00e2ndu-se cu vitez\u0103 printre dou\u0103 ma\u0219ini \u0219i lovind una dintre ele. Dup\u0103 accident, tinerele au p\u0103r\u0103sit rapid autoturismul. Momentul periculos a fost surprins de camera de bord [\u2026]<\/div>\n","protected":false},"author":1,"featured_media":67601,"comment_status":"closed","ping_status":"closed","sticky":false,"template":"","format":"standard","meta":{"jnews-multi-image_gallery":[],"jnews_single_post":[],"jnews_primary_category":[],"jnews_social_meta":[],"jnews_override_counter":[],"footnotes":""},"categories":[23],"tags":[],"class_list":["post-67600","post","type-post","status-publish","format-standard","has-post-thumbnail","hentry","category-politica_ro"],"_links":{"self":[{"href":"https:\/\/orheifm.live\/index.php\/wp-json\/wp\/v2\/posts\/67600","targetHints":{"allow":["GET"]}}],"collection":[{"href":"https:\/\/orheifm.live\/index.php\/wp-json\/wp\/v2\/posts"}],"about":[{"href":"https:\/\/orheifm.live\/index.php\/wp-json\/wp\/v2\/types\/post"}],"author":[{"embeddable":true,"href":"https:\/\/orheifm.live\/index.php\/wp-json\/wp\/v2\/users\/1"}],"replies":[{"embeddable":true,"href":"https:\/\/orheifm.live\/index.php\/wp-json\/wp\/v2\/comments?post=67600"}],"version-history":[{"count":0,"href":"https:\/\/orheifm.live\/index.php\/wp-json\/wp\/v2\/posts\/67600\/revisions"}],"wp:featuredmedia":[{"embeddable":true,"href":"https:\/\/orheifm.live\/index.php\/wp-json\/wp\/v2\/media\/67601"}],"wp:attachment":[{"href":"https:\/\/orheifm.live\/index.php\/wp-json\/wp\/v2\/media?parent=67600"}],"wp:term":[{"taxonomy":"category","embeddable":true,"href":"https:\/\/orheifm.live\/index.php\/wp-json\/wp\/v2\/categories?post=67600"},{"taxonomy":"post_tag","embeddable":true,"href":"https:\/\/orheifm.live\/index.php\/wp-json\/wp\/v2\/tags?post=67600"}],"curies":[{"name":"wp","href":"https:\/\/api.w.org\/{rel}","templated":true}]}}