{"id":67596,"date":"2025-02-21T14:00:00","date_gmt":"2025-02-21T12:00:00","guid":{"rendered":"https:\/\/orheifm.live\/index.php\/2025\/02\/21\/doua-persoane-acuzate-de-trafic-de-droguri-in-cazul-mortii-lui-liam-payne\/"},"modified":"2025-02-21T14:00:00","modified_gmt":"2025-02-21T12:00:00","slug":"doua-persoane-acuzate-de-trafic-de-droguri-in-cazul-mortii-lui-liam-payne","status":"publish","type":"post","link":"https:\/\/orheifm.live\/index.php\/2025\/02\/21\/doua-persoane-acuzate-de-trafic-de-droguri-in-cazul-mortii-lui-liam-payne\/","title":{"rendered":"Dou\u0103 persoane acuzate de trafic de droguri \u00een cazul mor\u021bii lui Liam Payne"},"content":{"rendered":"<div>\n<p><strong>Acuza\u021biile de omor prin impruden\u021b\u0103 \u00eempotriva a trei dintre cei cinci inculpa\u021bi \u00een cazul mor\u021bii lui Liam Payne, fost membru al trupei One Direction, au fost retrase, a anun\u021bat o surs\u0103 judiciar\u0103 joi. \u00cen schimb, rechizitoriul a fost confirmat pentru alte dou\u0103 persoane, suspectate c\u0103 i-au furnizat c\u00e2nt\u0103re\u021bului droguri, iar arestul preventiv a fost men\u021binut.<\/strong><\/p>\n<p>Liam Payne, \u00een v\u00e2rst\u0103 de 31 de ani, a murit pe 16 octombrie din cauza unor \u201etraumatisme multiple\u201d \u0219i \u201ehemoragii interne \u0219i externe\u201d, dup\u0103 ce a c\u0103zut de la balconul camerei sale de hotel din Buenos Aires, unde se afla de c\u00e2teva zile. Ancheta a stabilit c\u0103 Payne consumase alcool, cocain\u0103 \u0219i antidepresive \u00eenainte de deces.<\/p>\n<p>Cinci persoane au fost urm\u0103rite penal pentru moartea accidental\u0103 a c\u00e2nt\u0103re\u021bului: un cunoscut \u0219i un reprezentant al acestuia \u00een Argentina, managerul hotelului \u0219i managerul recep\u021biei. Ace\u0219tia au fost acuza\u021bi de omor prin impruden\u021b\u0103, dar au fost elibera\u021bi ulterior. Judec\u0103torul a considerat c\u0103 ace\u0219tia nu \u0219i-au \u00eendeplinit \u00eendatoririle de \u00eengrijire \u0219i asisten\u021b\u0103 fa\u021b\u0103 de Payne, dar instan\u021ba a considerat c\u0103 nu exist\u0103 o leg\u0103tur\u0103 de cauzalitate clar\u0103 \u00eentre comportamentul acestora \u0219i deces.<\/p>\n<p>\u00cen schimb, dou\u0103 persoane, un angajat al hotelului \u0219i un osp\u0103tar, au fost acuza\u021bi de trafic de droguri, iar probele au confirmat acuza\u021biile, ceea ce a dus la men\u021binerea arestului preventiv. Aceste fapte sunt pedepsite cu \u00eenchisoare \u00eentre patru \u0219i 15 ani.<\/p>\n<p>Dup\u0103 anun\u021bul mor\u021bii lui Liam Payne, au avut loc evenimente omagiale \u00een mai multe ora\u0219e din lume, inclusiv la Londra pe 20 octombrie, unde mii de oameni au c\u00e2ntat melodiile fostului membru One Direction.<\/p>\n<\/div>\n","protected":false},"excerpt":{"rendered":"<div><img loading=\"lazy\" decoding=\"async\" width=\"696\" height=\"392\" src=\"https:\/\/canal5.md\/wp-content\/uploads\/2025\/02\/4026d385022f87d7a76fc513f0f8ff627373e622e7a09da81f9d50688ea6c38a-optimized.jpg\" class=\"attachment-large size-large wp-post-image\" alt=\"\" srcset=\"https:\/\/canal5.md\/wp-content\/uploads\/2025\/02\/4026d385022f87d7a76fc513f0f8ff627373e622e7a09da81f9d50688ea6c38a-optimized.jpg 800w, https:\/\/canal5.md\/wp-content\/uploads\/2025\/02\/4026d385022f87d7a76fc513f0f8ff627373e622e7a09da81f9d50688ea6c38a-300x169-optimized.jpg 300w, https:\/\/canal5.md\/wp-content\/uploads\/2025\/02\/4026d385022f87d7a76fc513f0f8ff627373e622e7a09da81f9d50688ea6c38a-768x432-optimized.jpg 768w, https:\/\/canal5.md\/wp-content\/uploads\/2025\/02\/4026d385022f87d7a76fc513f0f8ff627373e622e7a09da81f9d50688ea6c38a-696x392-optimized.jpg 696w\">Acuza\u021biile de omor prin impruden\u021b\u0103 \u00eempotriva a trei dintre cei cinci inculpa\u021bi \u00een cazul mor\u021bii lui Liam Payne, fost membru al trupei One Direction, au fost retrase, a anun\u021bat o surs\u0103 judiciar\u0103 joi. \u00cen schimb, rechizitoriul a fost confirmat pentru alte dou\u0103 persoane, suspectate c\u0103 i-au furnizat c\u00e2nt\u0103re\u021bului droguri, iar arestul preventiv a fost men\u021binut. [\u2026]<\/div>\n","protected":false},"author":1,"featured_media":67597,"comment_status":"closed","ping_status":"closed","sticky":false,"template":"","format":"standard","meta":{"jnews-multi-image_gallery":[],"jnews_single_post":[],"jnews_primary_category":[],"jnews_social_meta":[],"jnews_override_counter":[],"footnotes":""},"categories":[29],"tags":[],"class_list":["post-67596","post","type-post","status-publish","format-standard","has-post-thumbnail","hentry","category-externe_ro"],"_links":{"self":[{"href":"https:\/\/orheifm.live\/index.php\/wp-json\/wp\/v2\/posts\/67596","targetHints":{"allow":["GET"]}}],"collection":[{"href":"https:\/\/orheifm.live\/index.php\/wp-json\/wp\/v2\/posts"}],"about":[{"href":"https:\/\/orheifm.live\/index.php\/wp-json\/wp\/v2\/types\/post"}],"author":[{"embeddable":true,"href":"https:\/\/orheifm.live\/index.php\/wp-json\/wp\/v2\/users\/1"}],"replies":[{"embeddable":true,"href":"https:\/\/orheifm.live\/index.php\/wp-json\/wp\/v2\/comments?post=67596"}],"version-history":[{"count":0,"href":"https:\/\/orheifm.live\/index.php\/wp-json\/wp\/v2\/posts\/67596\/revisions"}],"wp:featuredmedia":[{"embeddable":true,"href":"https:\/\/orheifm.live\/index.php\/wp-json\/wp\/v2\/media\/67597"}],"wp:attachment":[{"href":"https:\/\/orheifm.live\/index.php\/wp-json\/wp\/v2\/media?parent=67596"}],"wp:term":[{"taxonomy":"category","embeddable":true,"href":"https:\/\/orheifm.live\/index.php\/wp-json\/wp\/v2\/categories?post=67596"},{"taxonomy":"post_tag","embeddable":true,"href":"https:\/\/orheifm.live\/index.php\/wp-json\/wp\/v2\/tags?post=67596"}],"curies":[{"name":"wp","href":"https:\/\/api.w.org\/{rel}","templated":true}]}}