{"id":67588,"date":"2025-02-21T12:40:19","date_gmt":"2025-02-21T10:40:19","guid":{"rendered":"https:\/\/orheifm.live\/index.php\/2025\/02\/21\/doi-concubini-condamnati-pentru-trafic-de-fiinte-umane-9-si-10-ani-de-inchisoare\/"},"modified":"2025-02-21T12:40:19","modified_gmt":"2025-02-21T10:40:19","slug":"doi-concubini-condamnati-pentru-trafic-de-fiinte-umane-9-si-10-ani-de-inchisoare","status":"publish","type":"post","link":"https:\/\/orheifm.live\/index.php\/2025\/02\/21\/doi-concubini-condamnati-pentru-trafic-de-fiinte-umane-9-si-10-ani-de-inchisoare\/","title":{"rendered":"Doi concubini condamna\u021bi pentru trafic de fiin\u021be umane: 9 \u0219i 10 ani de \u00eenchisoare"},"content":{"rendered":"<div>\n<p><strong>Doi concubini, \u00een v\u00e2rst\u0103 de 38 \u0219i 39 de ani, au fost condamna\u021bi la 9 \u0219i 10 ani de \u00eenchisoare pentru trafic de fiin\u021be umane. Sentin\u021ba a fost pronun\u021bat\u0103 de Judec\u0103toria Edine\u021b, sediul Central.<\/strong><\/p>\n<p>Potrivit sentin\u021bei din 18 februarie 2025, inculpata a fost condamnat\u0103 la 9 ani de \u00eenchisoare \u0219i i s-a interzis exercitarea activit\u0103\u021bilor \u00een domeniul angaj\u0103rii pe o perioad\u0103 de 4 ani, \u00een timp ce inculpatul a primit o pedeaps\u0103 de 10 ani de \u00eenchisoare, cu aceea\u0219i pedeaps\u0103 complementar\u0103.<\/p>\n<p>\u00cen martie 2016, inculpatul a recrutat o t\u00e2n\u0103r\u0103 de 27 de ani din municipiul Edine\u021b pentru a o aduce \u00een Federa\u021bia Rus\u0103, promi\u021b\u00e2ndu-i o via\u021b\u0103 mai bun\u0103 \u0219i crearea unei familii. Victima a fost manipula\u021b\u0103 s\u0103 se deplaseze \u00eentr-un ora\u0219 din Moscova, unde a descoperit c\u0103 inculpatul avea o rela\u021bie de concubinaj cu inculpata, cu care avea un copil.<\/p>\n<p>Dup\u0103 ce a \u00eencercat s\u0103 plece, victima a fost \u021binut\u0103 \u00eempotriva voin\u021bei sale, i-au fost re\u021binute documentele \u0219i a fost for\u021bat\u0103 s\u0103 lucreze \u00een v\u00e2nz\u0103ri cu am\u0103nuntul pe pie\u021bele din Moscova. \u00centre august \u0219i octombrie 2016, aceasta a fost exploatat\u0103 \u00een mai multe loca\u021bii sub controlul celor doi inculpa\u021bi.<\/p>\n<p>Victima a fost amenin\u021bat\u0103 cu violen\u021ba \u0219i abuzat\u0103 fizic, iar to\u021bi banii c\u00e2\u0219tiga\u021bi, aproximativ 10.000 ruble pe zi, i-au fost confisca\u021bi. De\u0219i dorea s\u0103 plece sau s\u0103-\u0219i recupereze pa\u0219aportul, nu i s-a permis acest lucru \u0219i a fost obligat\u0103 s\u0103 continue s\u0103 munceasc\u0103 f\u0103r\u0103 recompens\u0103.<\/p>\n<p>Ambii inculpa\u021bi au declarat c\u0103 sunt nevinova\u021bi. Sentin\u021ba nu este definitiv\u0103 \u0219i poate fi contestat\u0103 \u00een termen de 15 zile la Curtea de Apel Nord. Persoanele acuzate de infrac\u021biuni sunt prezumate nevinovate p\u00e2n\u0103 la o decizie final\u0103 a instan\u021bei.<\/p>\n<\/div>\n","protected":false},"excerpt":{"rendered":"<div><img loading=\"lazy\" decoding=\"async\" width=\"696\" height=\"392\" src=\"https:\/\/canal5.md\/wp-content\/uploads\/2025\/02\/c47a2ba916f41a07fd0d1b62170f8fde4c5a34711f133c23ecf711492bd628a8-1024x576-optimized.jpg\" class=\"attachment-large size-large wp-post-image\" alt=\"\" srcset=\"https:\/\/canal5.md\/wp-content\/uploads\/2025\/02\/c47a2ba916f41a07fd0d1b62170f8fde4c5a34711f133c23ecf711492bd628a8-1024x576-optimized.jpg 1024w, https:\/\/canal5.md\/wp-content\/uploads\/2025\/02\/c47a2ba916f41a07fd0d1b62170f8fde4c5a34711f133c23ecf711492bd628a8-300x169-optimized.jpg 300w, https:\/\/canal5.md\/wp-content\/uploads\/2025\/02\/c47a2ba916f41a07fd0d1b62170f8fde4c5a34711f133c23ecf711492bd628a8-768x432-optimized.jpg 768w, https:\/\/canal5.md\/wp-content\/uploads\/2025\/02\/c47a2ba916f41a07fd0d1b62170f8fde4c5a34711f133c23ecf711492bd628a8-696x392-optimized.jpg 696w, https:\/\/canal5.md\/wp-content\/uploads\/2025\/02\/c47a2ba916f41a07fd0d1b62170f8fde4c5a34711f133c23ecf711492bd628a8-1068x601-optimized.jpg 1068w, https:\/\/canal5.md\/wp-content\/uploads\/2025\/02\/c47a2ba916f41a07fd0d1b62170f8fde4c5a34711f133c23ecf711492bd628a8-optimized.jpg 1200w\">Doi concubini, \u00een v\u00e2rst\u0103 de 38 \u0219i 39 de ani, au fost condamna\u021bi la 9 \u0219i 10 ani de \u00eenchisoare pentru trafic de fiin\u021be umane. Sentin\u021ba a fost pronun\u021bat\u0103 de Judec\u0103toria Edine\u021b, sediul Central. Potrivit sentin\u021bei din 18 februarie 2025, inculpata a fost condamnat\u0103 la 9 ani de \u00eenchisoare \u0219i i s-a interzis exercitarea activit\u0103\u021bilor [\u2026]<\/div>\n","protected":false},"author":1,"featured_media":67589,"comment_status":"closed","ping_status":"closed","sticky":false,"template":"","format":"standard","meta":{"jnews-multi-image_gallery":[],"jnews_single_post":[],"jnews_primary_category":[],"jnews_social_meta":[],"jnews_override_counter":[],"footnotes":""},"categories":[30],"tags":[],"class_list":["post-67588","post","type-post","status-publish","format-standard","has-post-thumbnail","hentry","category-social_ro"],"_links":{"self":[{"href":"https:\/\/orheifm.live\/index.php\/wp-json\/wp\/v2\/posts\/67588","targetHints":{"allow":["GET"]}}],"collection":[{"href":"https:\/\/orheifm.live\/index.php\/wp-json\/wp\/v2\/posts"}],"about":[{"href":"https:\/\/orheifm.live\/index.php\/wp-json\/wp\/v2\/types\/post"}],"author":[{"embeddable":true,"href":"https:\/\/orheifm.live\/index.php\/wp-json\/wp\/v2\/users\/1"}],"replies":[{"embeddable":true,"href":"https:\/\/orheifm.live\/index.php\/wp-json\/wp\/v2\/comments?post=67588"}],"version-history":[{"count":0,"href":"https:\/\/orheifm.live\/index.php\/wp-json\/wp\/v2\/posts\/67588\/revisions"}],"wp:featuredmedia":[{"embeddable":true,"href":"https:\/\/orheifm.live\/index.php\/wp-json\/wp\/v2\/media\/67589"}],"wp:attachment":[{"href":"https:\/\/orheifm.live\/index.php\/wp-json\/wp\/v2\/media?parent=67588"}],"wp:term":[{"taxonomy":"category","embeddable":true,"href":"https:\/\/orheifm.live\/index.php\/wp-json\/wp\/v2\/categories?post=67588"},{"taxonomy":"post_tag","embeddable":true,"href":"https:\/\/orheifm.live\/index.php\/wp-json\/wp\/v2\/tags?post=67588"}],"curies":[{"name":"wp","href":"https:\/\/api.w.org\/{rel}","templated":true}]}}