{"id":67584,"date":"2025-02-21T11:47:27","date_gmt":"2025-02-21T09:47:27","guid":{"rendered":"https:\/\/orheifm.live\/index.php\/2025\/02\/21\/barbat-condamnat-la-19-ani-de-inchisoare-pentru-omor-in-falesti\/"},"modified":"2025-02-21T11:47:27","modified_gmt":"2025-02-21T09:47:27","slug":"barbat-condamnat-la-19-ani-de-inchisoare-pentru-omor-in-falesti","status":"publish","type":"post","link":"https:\/\/orheifm.live\/index.php\/2025\/02\/21\/barbat-condamnat-la-19-ani-de-inchisoare-pentru-omor-in-falesti\/","title":{"rendered":"B\u0103rbat condamnat la 19 ani de \u00eenchisoare pentru omor \u00een F\u0103le\u0219ti"},"content":{"rendered":"<div>\n<p><strong>Procuratura raionului F\u0103le\u0219ti anun\u021b\u0103 despre condamnarea unui b\u0103rbat \u00een v\u00e2rst\u0103 de 39 de ani pentru comiterea infrac\u021biunii de omor.<\/strong><\/p>\n<p>Astfel, potrivit sentin\u021bei recent pronun\u021bate de Judec\u0103toria B\u0103l\u021bi, sediul F\u0103le\u0219ti, inculpatului i-a fost stabilit\u0103 pedeapsa sub form\u0103 de \u00eenchisoare pe un termen de 19 ani.<\/p>\n<p>Potrivit \u00eenvinuirii \u00eenaintate de c\u0103tre procurorii de la F\u0103le\u0219ti, inculpatul, la 25 octombrie 2024, afl\u00e2ndu-se la domiciliul s\u0103u amplasat \u00eentr-un sat din raionul F\u0103le\u0219ti, a ini\u021biat un conflict cu tat\u0103l s\u0103u, \u00een procesul c\u0103ruia, inten\u021bionat, i-a aplicat multiple lovituri cu pumnii \u0219i picioarele \u00een regiunile vitale ale corpului, preponderent ale capului \u0219i toracelui, \u00een rezultat, la scurt timp, survenind decesul victimei.<\/p>\n<p>Inculpatul nu \u0219i-a recunoscut vinov\u0103\u021bia \u00een comiterea infrac\u021biunii imputate.<br \/>\nSentin\u021ba nu este definitiv\u0103 \u0219i poate fi contestat\u0103 cu apel \u00een termen de 15 zile la Curtea de Apel Nord.<br \/>\nrescrue<\/p>\n<\/div>\n","protected":false},"excerpt":{"rendered":"<div><img loading=\"lazy\" decoding=\"async\" width=\"696\" height=\"392\" src=\"https:\/\/canal5.md\/wp-content\/uploads\/2025\/02\/008523e0983a1b63dc5b0ad447da1ec15074ded312f42999278266a74e2f5159-1024x576-optimized.jpg\" class=\"attachment-large size-large wp-post-image\" alt=\"\" srcset=\"https:\/\/canal5.md\/wp-content\/uploads\/2025\/02\/008523e0983a1b63dc5b0ad447da1ec15074ded312f42999278266a74e2f5159-1024x576-optimized.jpg 1024w, https:\/\/canal5.md\/wp-content\/uploads\/2025\/02\/008523e0983a1b63dc5b0ad447da1ec15074ded312f42999278266a74e2f5159-300x169-optimized.jpg 300w, https:\/\/canal5.md\/wp-content\/uploads\/2025\/02\/008523e0983a1b63dc5b0ad447da1ec15074ded312f42999278266a74e2f5159-768x432-optimized.jpg 768w, https:\/\/canal5.md\/wp-content\/uploads\/2025\/02\/008523e0983a1b63dc5b0ad447da1ec15074ded312f42999278266a74e2f5159-696x392-optimized.jpg 696w, https:\/\/canal5.md\/wp-content\/uploads\/2025\/02\/008523e0983a1b63dc5b0ad447da1ec15074ded312f42999278266a74e2f5159-1068x601-optimized.jpg 1068w, https:\/\/canal5.md\/wp-content\/uploads\/2025\/02\/008523e0983a1b63dc5b0ad447da1ec15074ded312f42999278266a74e2f5159-optimized.jpg 1200w\">Procuratura raionului F\u0103le\u0219ti anun\u021b\u0103 despre condamnarea unui b\u0103rbat \u00een v\u00e2rst\u0103 de 39 de ani pentru comiterea infrac\u021biunii de omor. Astfel, potrivit sentin\u021bei recent pronun\u021bate de Judec\u0103toria B\u0103l\u021bi, sediul F\u0103le\u0219ti, inculpatului i-a fost stabilit\u0103 pedeapsa sub form\u0103 de \u00eenchisoare pe un termen de 19 ani. Potrivit \u00eenvinuirii \u00eenaintate de c\u0103tre procurorii de la F\u0103le\u0219ti, inculpatul, la [\u2026]<\/div>\n","protected":false},"author":1,"featured_media":67585,"comment_status":"closed","ping_status":"closed","sticky":false,"template":"","format":"standard","meta":{"jnews-multi-image_gallery":[],"jnews_single_post":[],"jnews_primary_category":[],"jnews_social_meta":[],"jnews_override_counter":[],"footnotes":""},"categories":[30],"tags":[],"class_list":["post-67584","post","type-post","status-publish","format-standard","has-post-thumbnail","hentry","category-social_ro"],"_links":{"self":[{"href":"https:\/\/orheifm.live\/index.php\/wp-json\/wp\/v2\/posts\/67584","targetHints":{"allow":["GET"]}}],"collection":[{"href":"https:\/\/orheifm.live\/index.php\/wp-json\/wp\/v2\/posts"}],"about":[{"href":"https:\/\/orheifm.live\/index.php\/wp-json\/wp\/v2\/types\/post"}],"author":[{"embeddable":true,"href":"https:\/\/orheifm.live\/index.php\/wp-json\/wp\/v2\/users\/1"}],"replies":[{"embeddable":true,"href":"https:\/\/orheifm.live\/index.php\/wp-json\/wp\/v2\/comments?post=67584"}],"version-history":[{"count":0,"href":"https:\/\/orheifm.live\/index.php\/wp-json\/wp\/v2\/posts\/67584\/revisions"}],"wp:featuredmedia":[{"embeddable":true,"href":"https:\/\/orheifm.live\/index.php\/wp-json\/wp\/v2\/media\/67585"}],"wp:attachment":[{"href":"https:\/\/orheifm.live\/index.php\/wp-json\/wp\/v2\/media?parent=67584"}],"wp:term":[{"taxonomy":"category","embeddable":true,"href":"https:\/\/orheifm.live\/index.php\/wp-json\/wp\/v2\/categories?post=67584"},{"taxonomy":"post_tag","embeddable":true,"href":"https:\/\/orheifm.live\/index.php\/wp-json\/wp\/v2\/tags?post=67584"}],"curies":[{"name":"wp","href":"https:\/\/api.w.org\/{rel}","templated":true}]}}