{"id":67580,"date":"2025-02-21T10:20:11","date_gmt":"2025-02-21T08:20:11","guid":{"rendered":"https:\/\/orheifm.live\/index.php\/2025\/02\/21\/defrisare-ilegala-in-sangerei-amenzi-pentru-taierea-arborilor-protejati\/"},"modified":"2025-02-21T10:20:11","modified_gmt":"2025-02-21T08:20:11","slug":"defrisare-ilegala-in-sangerei-amenzi-pentru-taierea-arborilor-protejati","status":"publish","type":"post","link":"https:\/\/orheifm.live\/index.php\/2025\/02\/21\/defrisare-ilegala-in-sangerei-amenzi-pentru-taierea-arborilor-protejati\/","title":{"rendered":"Defri\u0219are ilegal\u0103 \u00een S\u00e2ngerei: Amenzi pentru t\u0103ierea arborilor proteja\u021bi\u201d"},"content":{"rendered":"<div>\n<p><strong>Inspectorii de mediu din S\u00e2ngerei, \u00een colaborare cu Poli\u021bia local\u0103, au efectuat o ac\u021biune de verificare pentru combaterea \u00eenc\u0103lc\u0103rilor legii de mediu. \u00cen urma controalelor, a fost depistat un individ care a t\u0103iat ilegal arbori din f\u00e2\u0219iile forestiere de protec\u021bie a terenurilor agricole, aflate \u00een administrarea autorit\u0103\u021bilor locale, \u00een localitatea Bilicenii Vechi.<\/strong><\/p>\n<p>Pentru \u00eenc\u0103lcarea legisla\u021biei, persoana \u00een cauz\u0103 a fost sanc\u021bionat\u0103 cu o amend\u0103 de 5.000 de lei, iar prejudiciul adus mediului urmeaz\u0103 s\u0103 fie recuperat.<\/p>\n<p>Inspectoratul pentru Protec\u021bia Mediului reaminte\u0219te importan\u021ba f\u00e2\u0219iilor forestiere \u00een protec\u021bia solului \u0219i men\u021binerea echilibrului ecologic, subliniind c\u0103 t\u0103ierea ilegal\u0103 a arborilor atrage sanc\u021biuni conform legii.<\/p>\n<\/div>\n","protected":false},"excerpt":{"rendered":"<div><img loading=\"lazy\" decoding=\"async\" width=\"473\" height=\"1024\" src=\"https:\/\/canal5.md\/wp-content\/uploads\/2025\/02\/d8fdb03e23fa57f3179743cceaf52c68-473x1024-optimized.webp\" class=\"attachment-large size-large wp-post-image\" alt=\"\" srcset=\"https:\/\/canal5.md\/wp-content\/uploads\/2025\/02\/d8fdb03e23fa57f3179743cceaf52c68-473x1024-optimized.webp 473w, https:\/\/canal5.md\/wp-content\/uploads\/2025\/02\/d8fdb03e23fa57f3179743cceaf52c68-139x300-optimized.webp 139w, https:\/\/canal5.md\/wp-content\/uploads\/2025\/02\/d8fdb03e23fa57f3179743cceaf52c68-optimized.webp 591w\">Inspectorii de mediu din S\u00e2ngerei, \u00een colaborare cu Poli\u021bia local\u0103, au efectuat o ac\u021biune de verificare pentru combaterea \u00eenc\u0103lc\u0103rilor legii de mediu. \u00cen urma controalelor, a fost depistat un individ care a t\u0103iat ilegal arbori din f\u00e2\u0219iile forestiere de protec\u021bie a terenurilor agricole, aflate \u00een administrarea autorit\u0103\u021bilor locale, \u00een localitatea Bilicenii Vechi. Pentru \u00eenc\u0103lcarea legisla\u021biei, [\u2026]<\/div>\n","protected":false},"author":1,"featured_media":67581,"comment_status":"closed","ping_status":"closed","sticky":false,"template":"","format":"standard","meta":{"jnews-multi-image_gallery":[],"jnews_single_post":[],"jnews_primary_category":[],"jnews_social_meta":[],"jnews_override_counter":[],"footnotes":""},"categories":[30],"tags":[],"class_list":["post-67580","post","type-post","status-publish","format-standard","has-post-thumbnail","hentry","category-social_ro"],"_links":{"self":[{"href":"https:\/\/orheifm.live\/index.php\/wp-json\/wp\/v2\/posts\/67580","targetHints":{"allow":["GET"]}}],"collection":[{"href":"https:\/\/orheifm.live\/index.php\/wp-json\/wp\/v2\/posts"}],"about":[{"href":"https:\/\/orheifm.live\/index.php\/wp-json\/wp\/v2\/types\/post"}],"author":[{"embeddable":true,"href":"https:\/\/orheifm.live\/index.php\/wp-json\/wp\/v2\/users\/1"}],"replies":[{"embeddable":true,"href":"https:\/\/orheifm.live\/index.php\/wp-json\/wp\/v2\/comments?post=67580"}],"version-history":[{"count":0,"href":"https:\/\/orheifm.live\/index.php\/wp-json\/wp\/v2\/posts\/67580\/revisions"}],"wp:featuredmedia":[{"embeddable":true,"href":"https:\/\/orheifm.live\/index.php\/wp-json\/wp\/v2\/media\/67581"}],"wp:attachment":[{"href":"https:\/\/orheifm.live\/index.php\/wp-json\/wp\/v2\/media?parent=67580"}],"wp:term":[{"taxonomy":"category","embeddable":true,"href":"https:\/\/orheifm.live\/index.php\/wp-json\/wp\/v2\/categories?post=67580"},{"taxonomy":"post_tag","embeddable":true,"href":"https:\/\/orheifm.live\/index.php\/wp-json\/wp\/v2\/tags?post=67580"}],"curies":[{"name":"wp","href":"https:\/\/api.w.org\/{rel}","templated":true}]}}