{"id":67578,"date":"2025-02-21T10:00:58","date_gmt":"2025-02-21T08:00:58","guid":{"rendered":"https:\/\/orheifm.live\/index.php\/2025\/02\/21\/tanar-din-falesti-condamnat-pentru-violarea-bunicii-sale\/"},"modified":"2025-02-21T10:00:58","modified_gmt":"2025-02-21T08:00:58","slug":"tanar-din-falesti-condamnat-pentru-violarea-bunicii-sale","status":"publish","type":"post","link":"https:\/\/orheifm.live\/index.php\/2025\/02\/21\/tanar-din-falesti-condamnat-pentru-violarea-bunicii-sale\/","title":{"rendered":"T\u00e2n\u0103r din F\u0103le\u0219ti, condamnat pentru violarea bunicii sale"},"content":{"rendered":"<div>\n<div id=\"model-response-message-contentr_a853daee26077f38\" class=\"markdown markdown-main-panel\" dir=\"ltr\">\n<p><strong>Un t\u00e2n\u0103r din raionul F\u0103le\u0219ti a fost condamnat la patru ani de \u00eenchisoare cu suspendarea condi\u021bionat\u0103 a execut\u0103rii pedepsei pentru un termen de prob\u0103 de trei ani dup\u0103 ce \u0219i-a violat propria bunic\u0103. Sentin\u021ba a fost pronun\u021bat\u0103 joi, 20 februarie, de magistra\u021bii Judec\u0103toriei B\u0103l\u021bi.<\/strong><\/p>\n<p>Potrivit materialelor dosarului, cazul s-a produs \u00een seara zilei de 28 decembrie 2023, c\u00e2nd individul, care la acea etap\u0103 avea 17 ani, a p\u0103truns \u00een casa bunicii sale \u00eempreun\u0103 cu doi prieteni. Tinerii au intrat \u00een camera unde se afla femeia, au tras-o la podea, dup\u0103 care i-au legat m\u00e2inile, au violat-o \u0219i au plecat.<\/p>\n<p>A doua zi diminea\u021ba, nepotul a venit \u00een vizit\u0103 la bunica sa \u0219i a \u00eentrebat-o despre dezordinea din cas\u0103. C\u00e2nd femeia i-a povestit c\u0103 a fost violat\u0103, acesta nu i-a zis nimic \u0219i a plecat, spun\u00e2nd c\u0103 se gr\u0103be\u0219te. Ulterior, femeia a fost vizitat\u0103 de nepoat\u0103, care a alertat Poli\u021bia.<\/p>\n<p>\u00cen urma m\u0103surilor speciale de investiga\u021bie, poli\u021bi\u0219tii au aflat c\u0103 unul dintre violatori este chiar nepotul victimei. Fiind audiat, acesta \u0219i-a recunoscut integral vina, men\u021bion\u00e2nd c\u0103 \u00eei pare r\u0103u de cele comise.<\/p>\n<p>Sentin\u021ba nu este definitiv\u0103 \u0219i poate fi atacat\u0103 la Curtea de Apel Nord (B\u0103l\u021bi) \u00een decurs de 15 zile.<\/p>\n<\/div>\n<\/div>\n","protected":false},"excerpt":{"rendered":"<div><img loading=\"lazy\" decoding=\"async\" width=\"696\" height=\"392\" src=\"https:\/\/canal5.md\/wp-content\/uploads\/2025\/02\/c1f0a3f1ca5142cc920cd29da231a7c8-optimized.jpg\" class=\"attachment-large size-large wp-post-image\" alt=\"\" srcset=\"https:\/\/canal5.md\/wp-content\/uploads\/2025\/02\/c1f0a3f1ca5142cc920cd29da231a7c8-optimized.jpg 809w, https:\/\/canal5.md\/wp-content\/uploads\/2025\/02\/c1f0a3f1ca5142cc920cd29da231a7c8-300x169-optimized.jpg 300w, https:\/\/canal5.md\/wp-content\/uploads\/2025\/02\/c1f0a3f1ca5142cc920cd29da231a7c8-768x433-optimized.jpg 768w, https:\/\/canal5.md\/wp-content\/uploads\/2025\/02\/c1f0a3f1ca5142cc920cd29da231a7c8-696x392-optimized.jpg 696w\">Un t\u00e2n\u0103r din raionul F\u0103le\u0219ti a fost condamnat la patru ani de \u00eenchisoare cu suspendarea condi\u021bionat\u0103 a execut\u0103rii pedepsei pentru un termen de prob\u0103 de trei ani dup\u0103 ce \u0219i-a violat propria bunic\u0103. Sentin\u021ba a fost pronun\u021bat\u0103 joi, 20 februarie, de magistra\u021bii Judec\u0103toriei B\u0103l\u021bi. Potrivit materialelor dosarului, cazul s-a produs \u00een seara zilei de 28 [\u2026]<\/div>\n","protected":false},"author":1,"featured_media":67579,"comment_status":"closed","ping_status":"closed","sticky":false,"template":"","format":"standard","meta":{"jnews-multi-image_gallery":[],"jnews_single_post":[],"jnews_primary_category":[],"jnews_social_meta":[],"jnews_override_counter":[],"footnotes":""},"categories":[30],"tags":[],"class_list":["post-67578","post","type-post","status-publish","format-standard","has-post-thumbnail","hentry","category-social_ro"],"_links":{"self":[{"href":"https:\/\/orheifm.live\/index.php\/wp-json\/wp\/v2\/posts\/67578","targetHints":{"allow":["GET"]}}],"collection":[{"href":"https:\/\/orheifm.live\/index.php\/wp-json\/wp\/v2\/posts"}],"about":[{"href":"https:\/\/orheifm.live\/index.php\/wp-json\/wp\/v2\/types\/post"}],"author":[{"embeddable":true,"href":"https:\/\/orheifm.live\/index.php\/wp-json\/wp\/v2\/users\/1"}],"replies":[{"embeddable":true,"href":"https:\/\/orheifm.live\/index.php\/wp-json\/wp\/v2\/comments?post=67578"}],"version-history":[{"count":0,"href":"https:\/\/orheifm.live\/index.php\/wp-json\/wp\/v2\/posts\/67578\/revisions"}],"wp:featuredmedia":[{"embeddable":true,"href":"https:\/\/orheifm.live\/index.php\/wp-json\/wp\/v2\/media\/67579"}],"wp:attachment":[{"href":"https:\/\/orheifm.live\/index.php\/wp-json\/wp\/v2\/media?parent=67578"}],"wp:term":[{"taxonomy":"category","embeddable":true,"href":"https:\/\/orheifm.live\/index.php\/wp-json\/wp\/v2\/categories?post=67578"},{"taxonomy":"post_tag","embeddable":true,"href":"https:\/\/orheifm.live\/index.php\/wp-json\/wp\/v2\/tags?post=67578"}],"curies":[{"name":"wp","href":"https:\/\/api.w.org\/{rel}","templated":true}]}}