{"id":67576,"date":"2025-02-21T09:20:22","date_gmt":"2025-02-21T07:20:22","guid":{"rendered":"https:\/\/orheifm.live\/index.php\/2025\/02\/21\/vreme-stabila-in-moldova-temperaturi-scazute-si-cer-partial-noros\/"},"modified":"2025-02-21T09:20:22","modified_gmt":"2025-02-21T07:20:22","slug":"vreme-stabila-in-moldova-temperaturi-scazute-si-cer-partial-noros","status":"publish","type":"post","link":"https:\/\/orheifm.live\/index.php\/2025\/02\/21\/vreme-stabila-in-moldova-temperaturi-scazute-si-cer-partial-noros\/","title":{"rendered":"Vreme stabil\u0103 \u00een Moldova: Temperaturi sc\u0103zute \u0219i cer par\u021bial noros"},"content":{"rendered":"<div>\n<p><strong>Serviciul Hidrometeorologic de Stat anun\u021b\u0103 c\u0103 ast\u0103zi vremea \u00een Moldova va fi \u00een general stabil\u0103, cu cer par\u021bial noros \u0219i f\u0103r\u0103 precipita\u021bii semnificative. \u00cen Chi\u0219in\u0103u, temperaturile vor varia \u00eentre -6 \u0219i -1 grad Celsius. <\/strong><\/p>\n<p>Diminea\u021ba va fi mai rece, cu un minim de -6,3 grade la ora 7:00, iar pe parcursul zilei temperaturile vor cre\u0219te treptat, ating\u00e2nd un maxim de -1,6 grade \u00een jurul orei 15:00. Nu sunt prognozate precipita\u021bii.<\/p>\n<p>M\u00e2ine, cerul va r\u0103m\u00e2ne par\u021bial noros, iar temperaturile vor fi u\u0219or mai sc\u0103zute dec\u00e2t ast\u0103zi. Temperatura maxim\u0103 nu va dep\u0103\u0219i -2,1 grade Celsius, iar minima ar putea ajunge p\u00e2n\u0103 la -9 grade Celsius. Nu se a\u0219teapt\u0103 precipita\u021bii.<\/p>\n<p>Poim\u00e2ine, vremea va fi similar\u0103, cu o temperatur\u0103 maxim\u0103 estimat\u0103 la 0,2 grade Celsius \u0219i un minim de -9,8 grade Celsius. Cerul va fi par\u021bial noros, iar precipita\u021biile sunt pu\u021bin probabile.<\/p>\n<\/div>\n","protected":false},"excerpt":{"rendered":"<div><img loading=\"lazy\" decoding=\"async\" width=\"696\" height=\"464\" src=\"https:\/\/canal5.md\/wp-content\/uploads\/2025\/02\/cer-noros-696x464-1-optimized.webp\" class=\"attachment-large size-large wp-post-image\" alt=\"\" srcset=\"https:\/\/canal5.md\/wp-content\/uploads\/2025\/02\/cer-noros-696x464-1-optimized.webp 696w, https:\/\/canal5.md\/wp-content\/uploads\/2025\/02\/cer-noros-696x464-1-300x200-optimized.webp 300w\">Serviciul Hidrometeorologic de Stat anun\u021b\u0103 c\u0103 ast\u0103zi vremea \u00een Moldova va fi \u00een general stabil\u0103, cu cer par\u021bial noros \u0219i f\u0103r\u0103 precipita\u021bii semnificative. \u00cen Chi\u0219in\u0103u, temperaturile vor varia \u00eentre -6 \u0219i -1 grad Celsius. Diminea\u021ba va fi mai rece, cu un minim de -6,3 grade la ora 7:00, iar pe parcursul zilei temperaturile vor cre\u0219te [\u2026]<\/div>\n","protected":false},"author":1,"featured_media":67577,"comment_status":"closed","ping_status":"closed","sticky":false,"template":"","format":"standard","meta":{"jnews-multi-image_gallery":[],"jnews_single_post":[],"jnews_primary_category":[],"jnews_social_meta":[],"jnews_override_counter":[],"footnotes":""},"categories":[30],"tags":[],"class_list":["post-67576","post","type-post","status-publish","format-standard","has-post-thumbnail","hentry","category-social_ro"],"_links":{"self":[{"href":"https:\/\/orheifm.live\/index.php\/wp-json\/wp\/v2\/posts\/67576","targetHints":{"allow":["GET"]}}],"collection":[{"href":"https:\/\/orheifm.live\/index.php\/wp-json\/wp\/v2\/posts"}],"about":[{"href":"https:\/\/orheifm.live\/index.php\/wp-json\/wp\/v2\/types\/post"}],"author":[{"embeddable":true,"href":"https:\/\/orheifm.live\/index.php\/wp-json\/wp\/v2\/users\/1"}],"replies":[{"embeddable":true,"href":"https:\/\/orheifm.live\/index.php\/wp-json\/wp\/v2\/comments?post=67576"}],"version-history":[{"count":0,"href":"https:\/\/orheifm.live\/index.php\/wp-json\/wp\/v2\/posts\/67576\/revisions"}],"wp:featuredmedia":[{"embeddable":true,"href":"https:\/\/orheifm.live\/index.php\/wp-json\/wp\/v2\/media\/67577"}],"wp:attachment":[{"href":"https:\/\/orheifm.live\/index.php\/wp-json\/wp\/v2\/media?parent=67576"}],"wp:term":[{"taxonomy":"category","embeddable":true,"href":"https:\/\/orheifm.live\/index.php\/wp-json\/wp\/v2\/categories?post=67576"},{"taxonomy":"post_tag","embeddable":true,"href":"https:\/\/orheifm.live\/index.php\/wp-json\/wp\/v2\/tags?post=67576"}],"curies":[{"name":"wp","href":"https:\/\/api.w.org\/{rel}","templated":true}]}}