{"id":67574,"date":"2025-02-20T22:34:02","date_gmt":"2025-02-20T20:34:02","guid":{"rendered":"https:\/\/orheifm.live\/index.php\/2025\/02\/20\/cadavrul-unui-barbat-gasit-intr-un-apartament-din-capitala\/"},"modified":"2025-02-20T22:34:02","modified_gmt":"2025-02-20T20:34:02","slug":"cadavrul-unui-barbat-gasit-intr-un-apartament-din-capitala","status":"publish","type":"post","link":"https:\/\/orheifm.live\/index.php\/2025\/02\/20\/cadavrul-unui-barbat-gasit-intr-un-apartament-din-capitala\/","title":{"rendered":"Cadavrul unui b\u0103rbat, g\u0103sit \u00eentr-un apartament din Capital\u0103"},"content":{"rendered":"<div>\n<div class=\"flex max-w-full flex-col flex-grow\">\n<div class=\"min-h-8 text-message flex w-full flex-col items-end gap-2 whitespace-normal break-words text-start [.text-message+&amp;]:mt-5\" dir=\"auto\" data-message-author-role=\"assistant\" data-message-id=\"37a34dff-7ade-460e-bcbe-675871784301\" data-message-model-slug=\"gpt-4o-mini\">\n<div class=\"flex w-full flex-col gap-1 empty:hidden first:pt-[3px]\">\n<div class=\"markdown prose w-full break-words dark:prose-invert light\">\n<p data-start=\"74\" data-end=\"611\"><strong>Ast\u0103zi, 20 februarie, \u00een jurul orei 09:58, poli\u021bia a fost alertat\u0103 \u00een leg\u0103tur\u0103 cu descoperirea unui cadavru \u00eentr-un apartament de pe bulevardul Dacia, sectorul Botanica din Chi\u0219in\u0103u. <\/strong><\/p>\n<p data-start=\"74\" data-end=\"611\">Victima, un b\u0103rbat de 59 de ani, a fost g\u0103sit\u0103 sp\u00e2nzurat\u0103 de propriul fiu, care a observat c\u0103 nu-\u0219i mai v\u0103zuse tat\u0103l de aproximativ dou\u0103 zile.<\/p>\n<p data-start=\"74\" data-end=\"611\">La vizita de ast\u0103zi, fiul a g\u0103sit u\u0219a apartamentului \u00eencuiat\u0103 \u0219i a solicitat ajutorul salvatorilor pentru a o debloca. \u00cen interior, b\u0103rbatul a fost g\u0103sit f\u0103r\u0103 via\u021b\u0103, iar al\u0103turi a fost g\u0103sit un bile\u021bel de adio.<\/p>\n<p data-start=\"613\" data-end=\"709\" data-is-last-node=\"\">Poli\u021bia a deschis o anchet\u0103 pentru a stabili circumstan\u021bele \u00een care a avut loc aceast\u0103 tragedie.<\/p>\n<\/div>\n<\/div>\n<\/div>\n<\/div>\n<\/div>\n","protected":false},"excerpt":{"rendered":"<div><img loading=\"lazy\" decoding=\"async\" width=\"696\" height=\"366\" src=\"https:\/\/canal5.md\/wp-content\/uploads\/2025\/02\/ec01481f01da1f7d496107bb38d892db-1024x538-optimized.jpg\" class=\"attachment-large size-large wp-post-image\" alt=\"\" srcset=\"https:\/\/canal5.md\/wp-content\/uploads\/2025\/02\/ec01481f01da1f7d496107bb38d892db-1024x538-optimized.jpg 1024w, https:\/\/canal5.md\/wp-content\/uploads\/2025\/02\/ec01481f01da1f7d496107bb38d892db-300x158-optimized.jpg 300w, https:\/\/canal5.md\/wp-content\/uploads\/2025\/02\/ec01481f01da1f7d496107bb38d892db-768x403-optimized.jpg 768w, https:\/\/canal5.md\/wp-content\/uploads\/2025\/02\/ec01481f01da1f7d496107bb38d892db-696x365-optimized.jpg 696w, https:\/\/canal5.md\/wp-content\/uploads\/2025\/02\/ec01481f01da1f7d496107bb38d892db-1068x561-optimized.jpg 1068w, https:\/\/canal5.md\/wp-content\/uploads\/2025\/02\/ec01481f01da1f7d496107bb38d892db-optimized.jpg 1200w\">Ast\u0103zi, 20 februarie, \u00een jurul orei 09:58, poli\u021bia a fost alertat\u0103 \u00een leg\u0103tur\u0103 cu descoperirea unui cadavru \u00eentr-un apartament de pe bulevardul Dacia, sectorul Botanica din Chi\u0219in\u0103u. Victima, un b\u0103rbat de 59 de ani, a fost g\u0103sit\u0103 sp\u00e2nzurat\u0103 de propriul fiu, care a observat c\u0103 nu-\u0219i mai v\u0103zuse tat\u0103l de aproximativ dou\u0103 zile. La vizita [\u2026]<\/div>\n","protected":false},"author":1,"featured_media":67575,"comment_status":"closed","ping_status":"closed","sticky":false,"template":"","format":"standard","meta":{"jnews-multi-image_gallery":[],"jnews_single_post":[],"jnews_primary_category":[],"jnews_social_meta":[],"jnews_override_counter":[],"footnotes":""},"categories":[30],"tags":[],"class_list":["post-67574","post","type-post","status-publish","format-standard","has-post-thumbnail","hentry","category-social_ro"],"_links":{"self":[{"href":"https:\/\/orheifm.live\/index.php\/wp-json\/wp\/v2\/posts\/67574","targetHints":{"allow":["GET"]}}],"collection":[{"href":"https:\/\/orheifm.live\/index.php\/wp-json\/wp\/v2\/posts"}],"about":[{"href":"https:\/\/orheifm.live\/index.php\/wp-json\/wp\/v2\/types\/post"}],"author":[{"embeddable":true,"href":"https:\/\/orheifm.live\/index.php\/wp-json\/wp\/v2\/users\/1"}],"replies":[{"embeddable":true,"href":"https:\/\/orheifm.live\/index.php\/wp-json\/wp\/v2\/comments?post=67574"}],"version-history":[{"count":0,"href":"https:\/\/orheifm.live\/index.php\/wp-json\/wp\/v2\/posts\/67574\/revisions"}],"wp:featuredmedia":[{"embeddable":true,"href":"https:\/\/orheifm.live\/index.php\/wp-json\/wp\/v2\/media\/67575"}],"wp:attachment":[{"href":"https:\/\/orheifm.live\/index.php\/wp-json\/wp\/v2\/media?parent=67574"}],"wp:term":[{"taxonomy":"category","embeddable":true,"href":"https:\/\/orheifm.live\/index.php\/wp-json\/wp\/v2\/categories?post=67574"},{"taxonomy":"post_tag","embeddable":true,"href":"https:\/\/orheifm.live\/index.php\/wp-json\/wp\/v2\/tags?post=67574"}],"curies":[{"name":"wp","href":"https:\/\/api.w.org\/{rel}","templated":true}]}}