{"id":67568,"date":"2025-02-20T21:49:56","date_gmt":"2025-02-20T19:49:56","guid":{"rendered":"https:\/\/orheifm.live\/index.php\/2025\/02\/20\/un-copil-ratacit-in-drum-spre-scoala-a-fost-gasit-de-politie-in-capitala\/"},"modified":"2025-02-20T21:49:56","modified_gmt":"2025-02-20T19:49:56","slug":"un-copil-ratacit-in-drum-spre-scoala-a-fost-gasit-de-politie-in-capitala","status":"publish","type":"post","link":"https:\/\/orheifm.live\/index.php\/2025\/02\/20\/un-copil-ratacit-in-drum-spre-scoala-a-fost-gasit-de-politie-in-capitala\/","title":{"rendered":"Un copil r\u0103t\u0103cit \u00een drum spre \u0219coal\u0103 a fost g\u0103sit de poli\u021bie \u00een capital\u0103"},"content":{"rendered":"<div>\n<p><strong>Ast\u0103zi diminea\u021b\u0103, \u00een jurul orei 07:50, un echipaj al poli\u021biei a g\u0103sit un copil pl\u00e2ng\u00e2nd pe strada Mihail Sadoveanu din capital\u0103. <\/strong><\/p>\n<p>Minorul, elev \u00een clasa a II-a, a explicat c\u0103 adormise \u00een transportul public \u0219i s-a trezit \u00eentr-o sta\u021bie necunoscut\u0103, r\u0103t\u0103cindu-se pe drum spre \u0219coal\u0103.<\/p>\n<p>Dup\u0103 verific\u0103ri, poli\u021bi\u0219tii au stabilit identitatea b\u0103iatului \u0219i l-au dus \u00een siguran\u021b\u0103 la \u0219coala din sectorul Ciocana, unde era a\u0219teptat de dirigint\u0103.<\/p>\n<p>Autorit\u0103\u021bile recomand\u0103 p\u0103rin\u021bilor s\u0103 discute despre siguran\u021ba \u00een transportul public \u0219i s\u0103-i \u00eenve\u021be pe copii s\u0103 solicite ajutorul poli\u021biei \u00een situa\u021bii de acest tip.<\/p>\n<\/div>\n","protected":false},"excerpt":{"rendered":"<div><img loading=\"lazy\" decoding=\"async\" width=\"696\" height=\"928\" src=\"https:\/\/canal5.md\/wp-content\/uploads\/2025\/02\/480561830_1056547569849260_8505295665724111042_n-768x1024-optimized.jpg\" class=\"attachment-large size-large wp-post-image\" alt=\"\" srcset=\"https:\/\/canal5.md\/wp-content\/uploads\/2025\/02\/480561830_1056547569849260_8505295665724111042_n-768x1024-optimized.jpg 768w, https:\/\/canal5.md\/wp-content\/uploads\/2025\/02\/480561830_1056547569849260_8505295665724111042_n-225x300-optimized.jpg 225w, https:\/\/canal5.md\/wp-content\/uploads\/2025\/02\/480561830_1056547569849260_8505295665724111042_n-696x928-optimized.jpg 696w, https:\/\/canal5.md\/wp-content\/uploads\/2025\/02\/480561830_1056547569849260_8505295665724111042_n-optimized.jpg 960w\">Ast\u0103zi diminea\u021b\u0103, \u00een jurul orei 07:50, un echipaj al poli\u021biei a g\u0103sit un copil pl\u00e2ng\u00e2nd pe strada Mihail Sadoveanu din capital\u0103. Minorul, elev \u00een clasa a II-a, a explicat c\u0103 adormise \u00een transportul public \u0219i s-a trezit \u00eentr-o sta\u021bie necunoscut\u0103, r\u0103t\u0103cindu-se pe drum spre \u0219coal\u0103. Dup\u0103 verific\u0103ri, poli\u021bi\u0219tii au stabilit identitatea b\u0103iatului \u0219i l-au dus [\u2026]<\/div>\n","protected":false},"author":1,"featured_media":67569,"comment_status":"closed","ping_status":"closed","sticky":false,"template":"","format":"standard","meta":{"jnews-multi-image_gallery":[],"jnews_single_post":[],"jnews_primary_category":[],"jnews_social_meta":[],"jnews_override_counter":[],"footnotes":""},"categories":[30],"tags":[],"class_list":["post-67568","post","type-post","status-publish","format-standard","has-post-thumbnail","hentry","category-social_ro"],"_links":{"self":[{"href":"https:\/\/orheifm.live\/index.php\/wp-json\/wp\/v2\/posts\/67568","targetHints":{"allow":["GET"]}}],"collection":[{"href":"https:\/\/orheifm.live\/index.php\/wp-json\/wp\/v2\/posts"}],"about":[{"href":"https:\/\/orheifm.live\/index.php\/wp-json\/wp\/v2\/types\/post"}],"author":[{"embeddable":true,"href":"https:\/\/orheifm.live\/index.php\/wp-json\/wp\/v2\/users\/1"}],"replies":[{"embeddable":true,"href":"https:\/\/orheifm.live\/index.php\/wp-json\/wp\/v2\/comments?post=67568"}],"version-history":[{"count":0,"href":"https:\/\/orheifm.live\/index.php\/wp-json\/wp\/v2\/posts\/67568\/revisions"}],"wp:featuredmedia":[{"embeddable":true,"href":"https:\/\/orheifm.live\/index.php\/wp-json\/wp\/v2\/media\/67569"}],"wp:attachment":[{"href":"https:\/\/orheifm.live\/index.php\/wp-json\/wp\/v2\/media?parent=67568"}],"wp:term":[{"taxonomy":"category","embeddable":true,"href":"https:\/\/orheifm.live\/index.php\/wp-json\/wp\/v2\/categories?post=67568"},{"taxonomy":"post_tag","embeddable":true,"href":"https:\/\/orheifm.live\/index.php\/wp-json\/wp\/v2\/tags?post=67568"}],"curies":[{"name":"wp","href":"https:\/\/api.w.org\/{rel}","templated":true}]}}