{"id":67561,"date":"2025-02-20T21:28:17","date_gmt":"2025-02-20T19:28:17","guid":{"rendered":"https:\/\/orheifm.live\/index.php\/2025\/02\/20\/premiul-reinhard-mohn-2025-pentru-maia-sandu-acordat-in-mijlocul-unui-scandal-legat-de-finantarile-usaid-si-acuzatiile-de-abuz-al-puterii\/"},"modified":"2025-02-20T21:28:17","modified_gmt":"2025-02-20T19:28:17","slug":"premiul-reinhard-mohn-2025-pentru-maia-sandu-acordat-in-mijlocul-unui-scandal-legat-de-finantarile-usaid-si-acuzatiile-de-abuz-al-puterii","status":"publish","type":"post","link":"https:\/\/orheifm.live\/index.php\/2025\/02\/20\/premiul-reinhard-mohn-2025-pentru-maia-sandu-acordat-in-mijlocul-unui-scandal-legat-de-finantarile-usaid-si-acuzatiile-de-abuz-al-puterii\/","title":{"rendered":"Premiul \u2018Reinhard Mohn 2025\u2019 pentru Maia Sandu, acordat \u00een mijlocul unui scandal legat de finan\u021b\u0103rile USAID \u0219i acuza\u021biile de abuz al puterii"},"content":{"rendered":"<div>\n<p><strong>Cu zeci de televiziuni \u0219i portaluri media \u00eenchise, cu legi anti-opozi\u021bie, persecutarea oponen\u021bilor politici \u0219i limitarea dreptului la vot pentru diaspor\u0103, cu \u00eenc\u0103lcarea dreptului de a fi ales, cu divizarea societ\u0103\u021bii \u00eentre ai no\u0219tri \u0219i ai vo\u0219tri \u0219i multe alte \u00eenc\u0103lc\u0103ri ale valorilor europene, Maia Sandu a primit premiul \u201eReinhard Mohn 2025\u201d \u0219i 100 de mii de euro pentru \u201eangajamentul \u00een consolidarea democra\u021biei\u201d. Distinc\u021bia a fost oferit\u0103 sub patronajul Pre\u0219edintelui Germaniei.<\/strong><br \/>\n<iframe loading=\"lazy\" title=\"YouTube video player\" src=\"https:\/\/www.youtube.com\/embed\/WcGfBDkhdvk?si=cM8crVJ5X4eZ3IYe\" width=\"560\" height=\"315\" frameborder=\"0\" allowfullscreen=\"allowfullscreen\"><\/iframe><br \/>\nPremiul vine pe fundalul unui scandal uria\u0219, izbucnit dup\u0103 ce Adminstra\u021bia Trump a declarat Organiza\u021bia USAID una criminal\u0103.<\/p>\n<p>Aceasta a pompat 22 de milioane de dolari bani \u00een Moldova pentru \u201eun proces politic incluziv \u0219i participativ\u201d, urmare a c\u0103ruia a fost creat Partidul Ac\u021biune \u0219i Solidaritate de c\u0103tre de Sandu care, ulterior a c\u00e2\u021btigat puterea absolut\u0103 \u00een stat. Nu s-a ab\u021binut s\u0103 comenteze subiectul, fostul coleg de partid al Maiei Sandu \u0219i cel care a adus-o pe arena politic\u0103, ex-premierul Vlad Filat.<\/p>\n<p>Acesta a scris \u00eentr-o postare c\u0103, banii vor fi trimi\u0219i \u00een satul de ba\u0219tin\u0103 al pre\u0219edintelui, Risipeni, pentru achizi\u021bionarea de sc\u00e2nduri \u0219i cuie, cu care cei ce p\u0103r\u0103sesc \u021bara \u00ee\u0219i bat ferestrele \u0219i u\u0219ile caselor p\u0103r\u0103site.<\/p>\n<\/div>\n","protected":false},"excerpt":{"rendered":"<div><img loading=\"lazy\" decoding=\"async\" width=\"696\" height=\"343\" src=\"https:\/\/canal5.md\/wp-content\/uploads\/2025\/02\/blob-3-2-optimized.jpg\" class=\"attachment-large size-large wp-post-image\" alt=\"\" srcset=\"https:\/\/canal5.md\/wp-content\/uploads\/2025\/02\/blob-3-2-optimized.jpg 902w, https:\/\/canal5.md\/wp-content\/uploads\/2025\/02\/blob-3-2-300x148-optimized.jpg 300w, https:\/\/canal5.md\/wp-content\/uploads\/2025\/02\/blob-3-2-768x379-optimized.jpg 768w, https:\/\/canal5.md\/wp-content\/uploads\/2025\/02\/blob-3-2-696x343-optimized.jpg 696w, https:\/\/canal5.md\/wp-content\/uploads\/2025\/02\/blob-3-2-324x160-optimized.jpg 324w, https:\/\/canal5.md\/wp-content\/uploads\/2025\/02\/blob-3-2-648x320-optimized.jpg 648w\">Cu zeci de televiziuni \u0219i portaluri media \u00eenchise, cu legi anti-opozi\u021bie, persecutarea oponen\u021bilor politici \u0219i limitarea dreptului la vot pentru diaspor\u0103, cu \u00eenc\u0103lcarea dreptului de a fi ales, cu divizarea societ\u0103\u021bii \u00eentre ai no\u0219tri \u0219i ai vo\u0219tri \u0219i multe alte \u00eenc\u0103lc\u0103ri ale valorilor europene, Maia Sandu a primit premiul \u201eReinhard Mohn 2025\u201d \u0219i 100 de [\u2026]<\/div>\n","protected":false},"author":1,"featured_media":67562,"comment_status":"closed","ping_status":"closed","sticky":false,"template":"","format":"standard","meta":{"jnews-multi-image_gallery":[],"jnews_single_post":[],"jnews_primary_category":[],"jnews_social_meta":[],"jnews_override_counter":[],"footnotes":""},"categories":[30],"tags":[],"class_list":["post-67561","post","type-post","status-publish","format-standard","has-post-thumbnail","hentry","category-social_ro"],"_links":{"self":[{"href":"https:\/\/orheifm.live\/index.php\/wp-json\/wp\/v2\/posts\/67561","targetHints":{"allow":["GET"]}}],"collection":[{"href":"https:\/\/orheifm.live\/index.php\/wp-json\/wp\/v2\/posts"}],"about":[{"href":"https:\/\/orheifm.live\/index.php\/wp-json\/wp\/v2\/types\/post"}],"author":[{"embeddable":true,"href":"https:\/\/orheifm.live\/index.php\/wp-json\/wp\/v2\/users\/1"}],"replies":[{"embeddable":true,"href":"https:\/\/orheifm.live\/index.php\/wp-json\/wp\/v2\/comments?post=67561"}],"version-history":[{"count":0,"href":"https:\/\/orheifm.live\/index.php\/wp-json\/wp\/v2\/posts\/67561\/revisions"}],"wp:featuredmedia":[{"embeddable":true,"href":"https:\/\/orheifm.live\/index.php\/wp-json\/wp\/v2\/media\/67562"}],"wp:attachment":[{"href":"https:\/\/orheifm.live\/index.php\/wp-json\/wp\/v2\/media?parent=67561"}],"wp:term":[{"taxonomy":"category","embeddable":true,"href":"https:\/\/orheifm.live\/index.php\/wp-json\/wp\/v2\/categories?post=67561"},{"taxonomy":"post_tag","embeddable":true,"href":"https:\/\/orheifm.live\/index.php\/wp-json\/wp\/v2\/tags?post=67561"}],"curies":[{"name":"wp","href":"https:\/\/api.w.org\/{rel}","templated":true}]}}