{"id":67551,"date":"2025-02-20T21:07:11","date_gmt":"2025-02-20T19:07:11","guid":{"rendered":"https:\/\/orheifm.live\/index.php\/2025\/02\/20\/e-ceva-de-ascuns-canal-5-limitat-din-nou-in-posibilitatea-de-a-si-face-munca-la-evenimentul-premierului-dorin-recean-video\/"},"modified":"2025-02-20T21:07:11","modified_gmt":"2025-02-20T19:07:11","slug":"e-ceva-de-ascuns-canal-5-limitat-din-nou-in-posibilitatea-de-a-si-face-munca-la-evenimentul-premierului-dorin-recean-video","status":"publish","type":"post","link":"https:\/\/orheifm.live\/index.php\/2025\/02\/20\/e-ceva-de-ascuns-canal-5-limitat-din-nou-in-posibilitatea-de-a-si-face-munca-la-evenimentul-premierului-dorin-recean-video\/","title":{"rendered":"E ceva de ascuns? Canal 5, limitat din nou \u00een posibilitatea de a-\u0219i face munca la evenimentul premierului Dorin Recean |VIDEO"},"content":{"rendered":"<div>\n<p><strong>Demnitarii PAS, obliga\u021bi s\u0103 r\u0103spuns\u0103 \u00eentreb\u0103rile jurnali\u0219tilor, mai ales atunci c\u00e2nd acestea sunt legate de activitatea lor public\u0103 \u0219i de interesele cet\u0103\u021benilor, continu\u0103 s\u0103 fug\u0103 sau s\u0103 se ascund\u0103 de Canal 5. <\/strong><br \/>\n<iframe loading=\"lazy\" title=\"YouTube video player\" src=\"https:\/\/www.youtube.com\/embed\/4hFvyvXgW4Q?si=GDWzpkDALR7SKDyE\" width=\"560\" height=\"315\" frameborder=\"0\" allowfullscreen=\"allowfullscreen\"><\/iframe><br \/>\nAst\u0103zi, premierul Dorin Recean a efectuat o inspec\u021bie la Vulc\u0103ne\u0219ti, unde a vizitat \u0219antierul de construc\u021bie a drumului de ocolire a ora\u0219ului, sta\u021bia electric\u0103 \u0219i a discutat cu primarii din raion.<\/p>\n<p>O echip\u0103 Canal 5 a mers acolo pentru a vedea cum decurg lucr\u0103rile \u0219i pentru a discuta cu responsabilii, \u00eens\u0103 paza de la intrare ne-a interzis accesul, spun\u00e2nd c\u0103 ar fi primit un ordin s\u0103 nu ne permit\u0103 s\u0103 intr\u0103m. Iar acolo, ca de fiecare dat\u0103, era doar presa de buzunar a puterii.<\/p>\n<p>Men\u021bion\u0103m c\u0103, de la lansarea lucr\u0103rilor de construc\u021biei a liniei electrice aeriene Chi\u0219in\u0103u-Vulc\u0103ne\u0219ti au trecut deja 11 luni.<\/p>\n<p>Potrivit Mold-street, datele Ministerului Energiei arat\u0103 c\u0103 la lansarea oficial\u0103 lucr\u0103rile de construc\u021bie sunt realizate \u00een volum de doar 22%, iar progresul general al implement\u0103rii proiectului este de circa 50%. \u00cens\u0103 cu o lun\u0103 \u00een urm\u0103 Guvernul constata un progres general de implementare a lucr\u0103rilor de construc\u021bie de 49%.<\/p>\n<p>Altfel spus, \u00eentr-o lun\u0103 lucr\u0103rile au avansat doar cu un punct procentual, dar linia ar trebui s\u0103 fie gata p\u00e2n\u0103 la finele anului. Nu este prima dat\u0103 c\u00e2nd reprezentan\u021bii guvernului organizeaz\u0103 un tur demonstrativ pentru pres\u0103. \u00cen unul dintre aceste evenimente, am participat \u0219i noi. Atunci, jurnali\u0219tilor le-a fost strict interzis s\u0103 filmeze orice altceva dec\u00e2t obiectele permise \u0219i s\u0103 comunice cu angaja\u021bii.<\/p>\n<p>Acum, autorit\u0103\u021bile au decis s\u0103 interzic\u0103 complet accesul presei de opozi\u021bie, probabil pentru a preveni ca informa\u021bii suplimentare s\u0103 fie ob\u021binute sau \u00eentreb\u0103ri incomode s\u0103 fie adresate. Men\u021bion\u0103m c\u0103, de mai bine de dou\u0103 s\u0103pt\u0103m\u00e2ni, Canal 5 nu are acces la guvern, parlament \u0219i pre\u0219edin\u021bie, nici la evenimentele organizate de acestea. Contest\u0103m aceast\u0103 interdic\u021bie \u0219i vom lupta pentru dreptul nostru legal de a desf\u0103\u0219ura activitatea de jurnalism.<\/p>\n<p>\u2013 Cer scuze, dar pe unde putem trece?<\/p>\n<p>\u2013 Nu pute\u021bi trece.<\/p>\n<p>\u2013 De ce? Acolo trebuie s\u0103 fie Dorin Recean.<\/p>\n<p>\u2013 Nu pute\u021bi trece?<\/p>\n<p>\u2013 De ce?<\/p>\n<p>\u2013 Nu \u0219tiu, mi-au zis ca s\u0103 nu mai permit la nimeni s\u0103 intre.<\/p>\n<p>\u2013 Poate el nu este la curent c\u0103 trebuie s\u0103 mai vin\u0103 presa?<\/p>\n<p>\u2013 Nu \u0219tiu, mi-au zis s\u0103 nu permitem.<\/p>\n<\/div>\n","protected":false},"excerpt":{"rendered":"<div><img loading=\"lazy\" decoding=\"async\" width=\"696\" height=\"442\" src=\"https:\/\/canal5.md\/wp-content\/uploads\/2023\/12\/recean-1024x650-optimized.jpg\" class=\"attachment-large size-large wp-post-image\" alt=\"\" srcset=\"https:\/\/canal5.md\/wp-content\/uploads\/2023\/12\/recean-1024x650-optimized.jpg 1024w, https:\/\/canal5.md\/wp-content\/uploads\/2023\/12\/recean-300x191-optimized.jpg 300w, https:\/\/canal5.md\/wp-content\/uploads\/2023\/12\/recean-768x488-optimized.jpg 768w, https:\/\/canal5.md\/wp-content\/uploads\/2023\/12\/recean-696x442-optimized.jpg 696w, https:\/\/canal5.md\/wp-content\/uploads\/2023\/12\/recean-1068x678-optimized.jpg 1068w, https:\/\/canal5.md\/wp-content\/uploads\/2023\/12\/recean-optimized.jpg 1280w\">Demnitarii PAS, obliga\u021bi s\u0103 r\u0103spuns\u0103 \u00eentreb\u0103rile jurnali\u0219tilor, mai ales atunci c\u00e2nd acestea sunt legate de activitatea lor public\u0103 \u0219i de interesele cet\u0103\u021benilor, continu\u0103 s\u0103 fug\u0103 sau s\u0103 se ascund\u0103 de Canal 5. Ast\u0103zi, premierul Dorin Recean a efectuat o inspec\u021bie la Vulc\u0103ne\u0219ti, unde a vizitat \u0219antierul de construc\u021bie a drumului de ocolire a ora\u0219ului, sta\u021bia [\u2026]<\/div>\n","protected":false},"author":1,"featured_media":67552,"comment_status":"closed","ping_status":"closed","sticky":false,"template":"","format":"standard","meta":{"jnews-multi-image_gallery":[],"jnews_single_post":[],"jnews_primary_category":[],"jnews_social_meta":[],"jnews_override_counter":[],"footnotes":""},"categories":[30],"tags":[],"class_list":["post-67551","post","type-post","status-publish","format-standard","has-post-thumbnail","hentry","category-social_ro"],"_links":{"self":[{"href":"https:\/\/orheifm.live\/index.php\/wp-json\/wp\/v2\/posts\/67551","targetHints":{"allow":["GET"]}}],"collection":[{"href":"https:\/\/orheifm.live\/index.php\/wp-json\/wp\/v2\/posts"}],"about":[{"href":"https:\/\/orheifm.live\/index.php\/wp-json\/wp\/v2\/types\/post"}],"author":[{"embeddable":true,"href":"https:\/\/orheifm.live\/index.php\/wp-json\/wp\/v2\/users\/1"}],"replies":[{"embeddable":true,"href":"https:\/\/orheifm.live\/index.php\/wp-json\/wp\/v2\/comments?post=67551"}],"version-history":[{"count":0,"href":"https:\/\/orheifm.live\/index.php\/wp-json\/wp\/v2\/posts\/67551\/revisions"}],"wp:featuredmedia":[{"embeddable":true,"href":"https:\/\/orheifm.live\/index.php\/wp-json\/wp\/v2\/media\/67552"}],"wp:attachment":[{"href":"https:\/\/orheifm.live\/index.php\/wp-json\/wp\/v2\/media?parent=67551"}],"wp:term":[{"taxonomy":"category","embeddable":true,"href":"https:\/\/orheifm.live\/index.php\/wp-json\/wp\/v2\/categories?post=67551"},{"taxonomy":"post_tag","embeddable":true,"href":"https:\/\/orheifm.live\/index.php\/wp-json\/wp\/v2\/tags?post=67551"}],"curies":[{"name":"wp","href":"https:\/\/api.w.org\/{rel}","templated":true}]}}