{"id":67549,"date":"2025-02-20T21:04:00","date_gmt":"2025-02-20T19:04:00","guid":{"rendered":"https:\/\/orheifm.live\/index.php\/2025\/02\/20\/sandu-premiata-in-europa-pentru-democratie-in-timp-ce-acasa-parlamentul-ignora-opozitia-si-cererile-acesteia-video\/"},"modified":"2025-02-20T21:04:00","modified_gmt":"2025-02-20T19:04:00","slug":"sandu-premiata-in-europa-pentru-democratie-in-timp-ce-acasa-parlamentul-ignora-opozitia-si-cererile-acesteia-video","status":"publish","type":"post","link":"https:\/\/orheifm.live\/index.php\/2025\/02\/20\/sandu-premiata-in-europa-pentru-democratie-in-timp-ce-acasa-parlamentul-ignora-opozitia-si-cererile-acesteia-video\/","title":{"rendered":"Sandu premiat\u0103 \u00een Europa pentru democra\u021bie, \u00een timp ce acas\u0103 Parlamentul ignor\u0103 opozi\u021bia \u0219i cererile acesteia |VIDEO"},"content":{"rendered":"<div>\n<p><strong>Deputa\u021bii \u0219i mini\u0219trii PAS refuz\u0103 s\u0103 explice, din scaunele lor comode, de ce mii de angaja\u021bi ai C\u0103ii Ferate \u0219i p\u00e2n\u0103 acum stau f\u0103r\u0103 salarii \u0219i nu-\u0219i pot cump\u0103ra, elementar, m\u00e2ncare \u00een cas\u0103. Exponen\u021bii puterii nu consider\u0103 necesar s\u0103 mi\u0219te un deget nici pentru a l\u0103muri cet\u0103\u021benii de ce neutralitatea \u021b\u0103rii nu este recunoscut\u0103 la nivel interna\u021bional \u0219i s\u0103 le potoleasc\u0103, astfel, \u00eengrijorarea de implicare a Moldovei \u00eentr-un eventual r\u0103zboi. <\/strong><br \/>\n<iframe loading=\"lazy\" title=\"YouTube video player\" src=\"https:\/\/www.youtube.com\/embed\/8Mf6djeRvC4?si=JcIsGBIx3ftGOKnu\" width=\"560\" height=\"315\" frameborder=\"0\" allowfullscreen=\"allowfullscreen\"><\/iframe><br \/>\nPreciz\u0103rile au fost cerute de c\u0103tre deputa\u021bii grupului parlamentar \u201dVictorie\u201d, dar au fost ignora\u021bi \u0219i nu doar cu privire la aceste subiecte. Cei care ne conduc ast\u0103zi \u021bara \u0219i- au manifestat atitudinea de dispre\u021b fa\u021b\u0103 de nevoile \u0219i interesele oamenilor prin refuzul de a aborda \u0219i alte teme sensibile.<\/p>\n<p>Deputa\u021bii \u0219i mini\u0219trii PAS refuz\u0103 s\u0103 explice, din scaunele lor comode, de ce mii de angaja\u021bi ai C\u0103ii Ferate \u0219i p\u00e2n\u0103 acum stau f\u0103r\u0103 salarii \u0219i nu-\u0219i pot cump\u0103ra, elementar, m\u00e2ncare \u00een cas\u0103. Exponen\u021bii puterii nu consider\u0103 necesar s\u0103 mi\u0219te un deget nici pentru a l\u0103muri cet\u0103\u021benii de ce neutralitatea \u021b\u0103rii nu este recunoscut\u0103 la nivel interna\u021bional \u0219i s\u0103 le potoleasc\u0103, astfel, \u00eengrijorarea de implicare a Moldovei \u00eentr-un eventual r\u0103zboi.<\/p>\n<p>Preciz\u0103rile au fost cerute de c\u0103tre deputa\u021bii grupului parlamentar \u201dVictorie\u201d, dar au fost ignora\u021bi \u0219i nu doar cu privire la aceste subiecte. Cei care ne conduc ast\u0103zi \u021bara \u0219i- au manifestat atitudinea de dispre\u021b fa\u021b\u0103 de nevoile \u0219i interesele oamenilor prin refuzul de a aborda \u0219i alte teme sensibile.<\/p>\n<p>Una c\u00e2te una, ini\u021biativele deputa\u021bilor Blocului \u201dVictorie\u201d au fost respinse de majoritatea parlamentar\u0103 PAS. De exemplu, Alexandr Nesterovschi a propus s\u0103 fie invitat \u00een plenul Parlamentului pentru audierea \u0219efului Agen\u021biei Propriet\u0103\u021bii Publice, Roman Cojuhari.<\/p>\n<p>ALEXANDR NESTEROVSCHI, deputat Blocul \u201dVictorie\u201d<\/p>\n<p>\u00cen timp ce angaja\u021bii \u201eC\u0103ilor Ferate\u201d a\u0219teapt\u0103 luni de zile f\u0103r\u0103 s\u0103 \u00ee\u0219i primeasc\u0103 salariile, directorul APP, potrivit presei, \u201eprotejeaz\u0103 oameni buni\u201d \u2013 \u00eentre ghilimele \u2013 \u0219i d\u0103 dispozi\u021bii pentru ridicarea sechestrelor \u00een valoare de milioane de lei de pe datoriile statului \u0219i ale \u00eentreprinderilor de stat. S\u0103 ias\u0103 \u0219i s\u0103 ne spun\u0103 cum stau lucrurile la \u201eCalea Ferat\u0103\u201d, c\u00e2nd \u00ee\u0219i vor primi oamenii salariile \u0219i de ce se \u00eent\u00e2mpl\u0103 astfel de situa\u021bii.<\/p>\n<p>Propunerea nu a acumulat num\u0103rul suficient de voturi, pentru a fi acceptat\u0103. Iar deputatul, Vadim Fotescu a solicitat excluderea de pe ordinea de zi a unui proiect de lege, pentru a putea fi revizuit \u0219i analizat mai bine, \u00eenainte de a ajunge \u00een lectur\u0103 final\u0103. Este vorba despre proiectul privind recunoa\u0219terea utilit\u0103\u021bii publice \u0219i a interesului na\u021bional \u00een construc\u021bia noului sediu al Ambasadei SUA.<\/p>\n<p>Conform declara\u021biilor recente ale noii administra\u021bii americane, majoritatea cheltuielilor legate de construc\u021bia misiunilor diplomatice \u00een alte \u021b\u0103ri au fost suspendate, a aten\u021bionat Fotescu, astfel c\u0103, \u00eenainte de a fi votat \u00een lectur\u0103 final\u0103, ar fi oportun s\u0103 se clarifice dac\u0103 proiectul mai este sau nu relevant. Cum era de a\u0219teptat, ini\u021biativa nu a fost sus\u021binut\u0103 de cei din PAS. Fotescu a mai solicitat \u0219i audierea ministrului de Externe, Mihai Pop\u0219oi, cu privire la recenta pozi\u021bie oficial\u0103 a Ministerului asupra statutului de neutralitate al Republicii Moldova.<\/p>\n<p>VADIM FOTESCU, deputat Blocul \u201dVictorie\u201d<\/p>\n<p>\u00cen r\u0103spunsul oficial oferit CEC, Ministerul a l\u0103sat de \u00een\u021beles c\u0103 neutralitatea Republicii Moldova nu este recunoscut\u0103 la nivel interna\u021bional \u0219i c\u0103 nu avem nevoie de ea, deoarece, potrivit lor, aduce prejudicii rela\u021biilor externe. Vrem s\u0103 \u0219tim de ce Ministerul ignor\u0103 \u00een mod deliberat articolul 11 din Constitu\u021bie \u0219i la ce anume ne preg\u0103tesc. Solicit\u0103m audierea ministrului.<\/p>\n<p>Propunerea a acumulat doar 19 voturi, insuficiente pentru a fi acceptat\u0103. La r\u00e2ndul s\u0103u, deputatul Alexandr Suhodolski a cerut Parlamentului s\u0103 sus\u021bin\u0103 solicitarea de a-l invita pe ministrul Educa\u021biei, Dan Perciun pentru a explica societ\u0103\u021bii decizia de introducere a noului manual de istorie \u00een \u0219coli, cu o mul\u021bime de \u00eenc\u0103lc\u0103ri grave.<\/p>\n<p>ALEXANDR SUHODOLSKI, deputat Blocul \u201dVictorie\u201d<\/p>\n<p>Societatea, p\u0103rin\u021bii \u0219i mul\u021bi exper\u021bi sunt \u0219oca\u021bi de noile manuale de istorie pentru clasele a IX-a \u0219i a XII-a, \u00een care Antonescu este prezentat ca un erou, Holocaustul este negat, iar crimele nazismului sunt practic justificate, f\u0103r\u0103 a mai men\u021biona numeroasele falsific\u0103ri ale faptelor istorice, promovate de autori sub \u00eendrumarea Ministerului. Aceste manuale trebuie retrase de urgen\u021b\u0103 din \u0219coli.<\/p>\n<p>Ministerul este obligat s\u0103 se prezinte \u00een Parlament \u0219i s\u0103 ofere explica\u021bii despre cum a fost posibil\u0103 o asemenea ru\u0219ine \u00een \u021bara noastr\u0103.<\/p>\n<p>\u00cen replic\u0103, deputatul PAS, Virgiliu P\u00e2slariuc le-a recomandat deputa\u021bilor din opozi\u021bie s\u0103 nu politizeze subiectul, men\u021bion\u00e2nd c\u0103 Ministerul Educa\u021biei a r\u0103spuns la cererile venite din partea societ\u0103\u021bii civile pentru a fi supus mai multor expertize. \u0218i asta \u00een ciuda faptului c\u0103 comunitatea evreiasc\u0103 a efectuat deja o astfel de expertiz\u0103 cu cel mai autoritar specialist din acest domeniu din Rom\u00e2nia. Cu toate acestea, nici aceast\u0103 propunere din partea deputa\u021bilor Blocului \u201dVictorie\u201d, nu a fost sus\u021binut\u0103.<\/p>\n<p>A urmat deputatul Reghina Apostolova, care a \u00eenaintat repetat propunerea de a fi examinat proiectul privind sistemul public de pensii. Potrivit ei, este inacceptabil ca pensia minim\u0103 de p\u00e2n\u0103 \u00een 3.300 de lei s\u0103 fie primit\u0103 doar de cei cu stagiul de cotizare de 40 de ani, a\u0219a cum propune PAS. Deputata grupului parlamentar Victorie afirm\u0103 c\u0103 aceast\u0103 aloca\u021bie trebuie s\u0103 fie de cel pu\u021bin 5.000 de lei, ini\u021biativ\u0103 care, la fel, nu a fost sus\u021binut\u0103.<\/p>\n<p>O alt\u0103 solicitare a venit din partea deputatului Vasile Bolea, care a cerut audierea \u00een plenul Parlamentului a conducerii institu\u021biilor de control \u0219i supraveghere printre care SIS, Procuratura General\u0103, CNA, CEC \u0219i Ministerul de Externe, \u00een leg\u0103tur\u0103 cu anun\u021bul pre\u0219edintelui SUA, Donald Trump, privind cheltuielile nejustificate de peste 22 de milioane de dolari din banii poporului american pentru a\u0219a-numitele reforme de incluziune politic\u0103 \u00een Moldova.<\/p>\n<p>VASILE BOLEA, deputat Blocul \u201dVictorie\u201d<\/p>\n<p>Consider\u0103m c\u0103, al\u0103turi de poporul american, \u0219i cet\u0103\u021benii Republicii Moldova trebuie s\u0103 \u0219tie pentru ce \u0219i cine a fost finan\u021bat cu astfel de sume, care au fost scopurile, consecin\u021bele \u0219i dac\u0103 a fost respectat cadrul legal privind finan\u021barea extern\u0103 a activit\u0103\u021bilor politice \u00een \u021bara noastr\u0103, lucru care este interzis conform legii.<\/p>\n<p>\u00cenainte de a fi supus\u0103 votului, pre\u0219edintele Parlamentului, Igor Grosu a \u021binut cu tot dinadinsul s\u0103 mul\u021bumeasc\u0103, demonstrativ, poporului american pentru suportul oferit \u021b\u0103rii noastre de la independen\u021b\u0103 \u00eencoace. Ini\u021biativa a \u00eentrunit doar 18 voturi.<br \/>\nGrosu nu a vrut s\u0103 mul\u021bumeasc\u0103 \u00eens\u0103 noii administra\u021bii a SUA pentru eforturile de \u00eencetare a r\u0103zboiului.<\/p>\n<p>Preciz\u0103m c\u0103, PAS \u00eencalc\u0103 \u00een mod constant drepturile opozi\u021biei, resping\u00e2nd proiectele acesteia. Deputa\u021bii Blocului \u201eVictorie\u201d au acuzat guvernarea actual\u0103 de indiferen\u021b\u0103 fa\u021b\u0103 de cet\u0103\u021beni, iar Asocia\u021bia Promo-LEX a semnalat c\u0103 majoritatea parlamentar\u0103 restr\u00e2nge drepturile opozi\u021biei \u0219i \u00eencalc\u0103 regulamentul Parlamentului. Promo-LEX a subliniat c\u0103, \u00een mod normal, ar trebui s\u0103 fie organizate sesiuni dedicate proiectelor opozi\u021biei, dar acest lucru nu se \u00eent\u00e2mpl\u0103.<\/p>\n<\/div>\n","protected":false},"excerpt":{"rendered":"<div><img loading=\"lazy\" decoding=\"async\" width=\"696\" height=\"464\" src=\"https:\/\/canal5.md\/wp-content\/uploads\/2025\/01\/a3f088444d2f622ac700dee0b639eae7-sandu-data-1024x683-optimized.webp\" class=\"attachment-large size-large wp-post-image\" alt=\"\" srcset=\"https:\/\/canal5.md\/wp-content\/uploads\/2025\/01\/a3f088444d2f622ac700dee0b639eae7-sandu-data-1024x683-optimized.webp 1024w, https:\/\/canal5.md\/wp-content\/uploads\/2025\/01\/a3f088444d2f622ac700dee0b639eae7-sandu-data-300x200-optimized.webp 300w, https:\/\/canal5.md\/wp-content\/uploads\/2025\/01\/a3f088444d2f622ac700dee0b639eae7-sandu-data-768x512-optimized.webp 768w, https:\/\/canal5.md\/wp-content\/uploads\/2025\/01\/a3f088444d2f622ac700dee0b639eae7-sandu-data-696x464-optimized.webp 696w, https:\/\/canal5.md\/wp-content\/uploads\/2025\/01\/a3f088444d2f622ac700dee0b639eae7-sandu-data-1068x712-optimized.webp 1068w, https:\/\/canal5.md\/wp-content\/uploads\/2025\/01\/a3f088444d2f622ac700dee0b639eae7-sandu-data-optimized.webp 1300w\">Deputa\u021bii \u0219i mini\u0219trii PAS refuz\u0103 s\u0103 explice, din scaunele lor comode, de ce mii de angaja\u021bi ai C\u0103ii Ferate \u0219i p\u00e2n\u0103 acum stau f\u0103r\u0103 salarii \u0219i nu-\u0219i pot cump\u0103ra, elementar, m\u00e2ncare \u00een cas\u0103. Exponen\u021bii puterii nu consider\u0103 necesar s\u0103 mi\u0219te un deget nici pentru a l\u0103muri cet\u0103\u021benii de ce neutralitatea \u021b\u0103rii nu este recunoscut\u0103 la [\u2026]<\/div>\n","protected":false},"author":1,"featured_media":67550,"comment_status":"closed","ping_status":"closed","sticky":false,"template":"","format":"standard","meta":{"jnews-multi-image_gallery":[],"jnews_single_post":[],"jnews_primary_category":[],"jnews_social_meta":[],"jnews_override_counter":[],"footnotes":""},"categories":[23],"tags":[],"class_list":["post-67549","post","type-post","status-publish","format-standard","has-post-thumbnail","hentry","category-politica_ro"],"_links":{"self":[{"href":"https:\/\/orheifm.live\/index.php\/wp-json\/wp\/v2\/posts\/67549","targetHints":{"allow":["GET"]}}],"collection":[{"href":"https:\/\/orheifm.live\/index.php\/wp-json\/wp\/v2\/posts"}],"about":[{"href":"https:\/\/orheifm.live\/index.php\/wp-json\/wp\/v2\/types\/post"}],"author":[{"embeddable":true,"href":"https:\/\/orheifm.live\/index.php\/wp-json\/wp\/v2\/users\/1"}],"replies":[{"embeddable":true,"href":"https:\/\/orheifm.live\/index.php\/wp-json\/wp\/v2\/comments?post=67549"}],"version-history":[{"count":0,"href":"https:\/\/orheifm.live\/index.php\/wp-json\/wp\/v2\/posts\/67549\/revisions"}],"wp:featuredmedia":[{"embeddable":true,"href":"https:\/\/orheifm.live\/index.php\/wp-json\/wp\/v2\/media\/67550"}],"wp:attachment":[{"href":"https:\/\/orheifm.live\/index.php\/wp-json\/wp\/v2\/media?parent=67549"}],"wp:term":[{"taxonomy":"category","embeddable":true,"href":"https:\/\/orheifm.live\/index.php\/wp-json\/wp\/v2\/categories?post=67549"},{"taxonomy":"post_tag","embeddable":true,"href":"https:\/\/orheifm.live\/index.php\/wp-json\/wp\/v2\/tags?post=67549"}],"curies":[{"name":"wp","href":"https:\/\/api.w.org\/{rel}","templated":true}]}}