{"id":67547,"date":"2025-02-20T21:01:59","date_gmt":"2025-02-20T19:01:59","guid":{"rendered":"https:\/\/orheifm.live\/index.php\/2025\/02\/20\/controverse-dupa-intalnirea-premierului-dorin-recean-la-vulcanesti-drapelul-gagauziei-inlocuit-cu-cel-al-uniunii-europene-video\/"},"modified":"2025-02-20T21:01:59","modified_gmt":"2025-02-20T19:01:59","slug":"controverse-dupa-intalnirea-premierului-dorin-recean-la-vulcanesti-drapelul-gagauziei-inlocuit-cu-cel-al-uniunii-europene-video","status":"publish","type":"post","link":"https:\/\/orheifm.live\/index.php\/2025\/02\/20\/controverse-dupa-intalnirea-premierului-dorin-recean-la-vulcanesti-drapelul-gagauziei-inlocuit-cu-cel-al-uniunii-europene-video\/","title":{"rendered":"Controverse dup\u0103 \u00eent\u00e2lnirea premierului Dorin Recean la Vulc\u0103ne\u0219ti: Drapelul G\u0103g\u0103uziei \u00eenlocuit cu cel al Uniunii Europene |VIDEO"},"content":{"rendered":"<div>\n<p><strong>Cu drapelul Uniunii Europene \u0219i f\u0103r\u0103 cel al Autonomiei G\u0103g\u0103uze. A\u0219a s-a desf\u0103\u0219urat \u00eent\u00e2lnirea prim-ministrului, Dorin Recean cu primarul ora\u0219ului Vulc\u0103ne\u0219ti, Nicolae Posmac, care a\u0219a cum scrie presa local\u0103, la solicitarea protocolului premierului, a scos drapelul g\u0103g\u0103uz din sal\u0103 \u0219i l-a adus pe cel al UE.<\/strong><br \/>\n<iframe loading=\"lazy\" title=\"YouTube video player\" src=\"https:\/\/www.youtube.com\/embed\/-HOUWn0sD2g?si=SBx_nz0J21HOtEAK\" width=\"560\" height=\"315\" frameborder=\"0\" allowfullscreen=\"allowfullscreen\"><\/iframe><br \/>\nAcest lucru a st\u00e2rnit un val de critici \u00een r\u00e2ndurile oficialilor \u0219i a oamenilor de r\u00e2nd din autonomie, \u00eentruc\u00e2t gestul reprezint\u0103 o insult\u0103 \u00een adresa b\u0103\u0219tina\u0219ilor, spun ace\u0219tia, dar \u0219i \u00eenc\u0103lcarea legisla\u021biei autonomiei.<\/p>\n<p>Cu drapelul Uniunii Europene \u0219i f\u0103r\u0103 cel al Autonomiei G\u0103g\u0103uze. A\u0219a s-a desf\u0103\u0219urat \u00eent\u00e2lnirea prim-ministrului, Dorin Recean cu primarul ora\u0219ului Vulc\u0103ne\u0219ti, Nicolae Posmac, care a\u0219a cum scrie presa, la solicitarea protocolului premierului, a scos drapelul g\u0103g\u0103uz din sal\u0103 \u0219i l-a adus pe cel al UE. Acest lucru a st\u00e2rnit un val de critici \u00een r\u00e2ndurile oficialilor din autonomie, \u00eentruc\u00e2t gestul reprezint\u0103 o insult\u0103 \u00een adresa b\u0103\u0219tina\u0219ilor, spun ace\u0219tia.<\/p>\n<p>\u00cen timpul unei vizite la Vulc\u0103ne\u0219ti, prim-ministrul Dorin Recean s-a \u00eent\u00e2lnit cu mai mul\u021bi primari ai raionului cu care a avut discu\u021bii pe mai multe proiecte ce urmeaz\u0103 a fi implementate. \u00cen poza publicat\u0103 de portalul de Telegram G\u0103g\u0103uzia24 se poate observa c\u0103 \u00een sala unde a avut loc \u00eent\u00e2lnirea sunt aranjate dou\u0103 drapele \u2013 cel al Republicii Moldova \u0219i al Uniunii Europene.<\/p>\n<p>Drapelul G\u0103g\u0103uziei, lispe\u0219te. O fi o gaf\u0103, coinciden\u021b\u0103 sau o ac\u021biune organizat\u0103 inten\u021bionat?<br \/>\nConform informa\u021biilor, la cererea primarului din Vulc\u0103ne\u0219ti, care a fost solicitat de serviciul de protocol al premierului, a fost scos steagul autonomiei, iar \u00een locul acestuia a fost adus steagul Uniunii Europene, de\u0219i nu suntem \u00eenc\u0103 membri ai acestei uniuni.<\/p>\n<p>Reac\u021biile critice nu au \u00eent\u00e2rziat s\u0103 apar\u0103. Ba\u0219canul G\u0103g\u0103uziei, Evghenia Gu\u021bul, \u0219i-a exprimat, indignarea fa\u021b\u0103 de situa\u021bia legat\u0103 de drapel, \u00een timpul \u00eent\u00e2lnirii cu Recean. Pe canalul s\u0103u de Telegram, guvernatorul a scris c\u0103 autorit\u0103\u021bile de la Chi\u0219in\u0103u \u0219i colaboratorii PAS nu \u00eenceteaz\u0103 s\u0103 insulte public G\u0103g\u0103uzia.<\/p>\n<p>\u201d\u00cen minunatul nostru ora\u0219 Vulc\u0103ne\u0219ti, care a dat adev\u0103ra\u021bi patrio\u021bi ai G\u0103g\u0103uziei, \u00een timpul unei \u00eent\u00e2lniri cu oficialii de la Chi\u0219in\u0103u, drapelul autonomiei g\u0103g\u0103uze a fost \u00eendep\u0103rtat \u0219i \u00eenlocuit cu drapelul Uniunii Europene. Nu este surprinz\u0103tor c\u0103 regimul banditesc, antipopular, al Maiei Sandu \u0219i al lui Recean \u00ee\u0219i permite astfel de ac\u021biuni.<\/p>\n<p>Nu este surprinz\u0103tor c\u0103 acest regim banditesc angajeaz\u0103 infractori \u00een G\u0103g\u0103uzia pentru a-\u0219i atinge scopurile criminale. Nu sunt surprinz\u0103toare metodele pe care le folosesc: mit\u0103, \u0219antaj, amenin\u021b\u0103ri. Nu este surprinz\u0103tor nici faptul c\u0103 avem un primar socialist care serve\u0219te interesele acestor bandi\u021bi.<\/p>\n<p>Ceea ce este surprinz\u0103tor este c\u0103, \u00een acea sal\u0103, nu s-a g\u0103sit niciun b\u0103rbat care s\u0103 aib\u0103 curajul \u0219i hot\u0103r\u00e2rea de a protesta \u00eempotriva acestei insulte \u0219i a profan\u0103rii simbolurilor autonomiei \u0219i de a p\u0103r\u0103si aceast\u0103 \u201eadunare\u201d. , a declarat ba\u0219canul G\u0103g\u0103uziei.<\/p>\n<p>EVGHENIA GU\u021aUL, ba\u0219canul Autonomiei G\u0103g\u0103uze<\/p>\n<p>\u201d\u00cen minunatul nostru ora\u0219 Vulc\u0103ne\u0219ti, care a dat adev\u0103ra\u021bi patrio\u021bi ai G\u0103g\u0103uziei, \u00een timpul unei \u00eent\u00e2lniri cu oficialii de la Chi\u0219in\u0103u, drapelul autonomiei g\u0103g\u0103uze a fost \u00eendep\u0103rtat \u0219i \u00eenlocuit cu drapelul Uniunii Europene. Nu este surprinz\u0103tor c\u0103 regimul banditesc, antipopular, al Maiei Sandu \u0219i al lui Recean \u00ee\u0219i permite astfel de ac\u021biuni. Nu este surprinz\u0103tor c\u0103 acest regim banditesc angajeaz\u0103 infractori \u00een G\u0103g\u0103uzia pentru a-\u0219i atinge scopurile criminale.<\/p>\n<p>Nu sunt surprinz\u0103toare metodele pe care le folosesc: mit\u0103, \u0219antaj, amenin\u021b\u0103ri. Nu este surprinz\u0103tor nici faptul c\u0103 avem un primar socialist care serve\u0219te interesele acestor bandi\u021bi. Ceea ce este surprinz\u0103tor este c\u0103, \u00een acea sal\u0103, nu s-a g\u0103sit niciun b\u0103rbat care s\u0103 aib\u0103 curajul \u0219i hot\u0103r\u00e2rea de a protesta \u00eempotriva acestei insulte \u0219i a profan\u0103rii simbolurilor autonomiei \u0219i de a p\u0103r\u0103si aceast\u0103 \u201eadunare\u201d.<\/p>\n<p>\u201eEste o lovitur\u0103 puternic\u0103 pentru \u00eentreaga G\u0103g\u0103uzie\u201d, a\u0219a a comentat gestul de la Vulc\u0103ne\u0219ti \u0219i pre\u0219edintele Adun\u0103rii Populare a G\u0103g\u0103uziei, Dmitri Constantinov. Potrivit oficialului, situa\u021bia creat\u0103 este o grav\u0103 \u00eenc\u0103lcare a legii.<\/p>\n<p>DMITRII CONSTANTINOV, pre\u0219edintele Adun\u0103rii Populare a G\u0103g\u0103uziei<\/p>\n<p>De obicei, conform legii, acolo unde este drapelul Republicii Moldova, trebuie s\u0103 fie \u0219i drapelul G\u0103g\u0103uziei \u2013 aceasta este legea.<\/p>\n<p>Dintr-un motiv oarecare, drapelul G\u0103g\u0103uziei nu a fost acolo, nu \u0219i-a g\u0103sit locul. Dar, dac\u0103 privim lucrurile \u00een ansamblu, noi \u00eenc\u0103 nu suntem \u00een Europa, iar dac\u0103 ajungem acolo, drapelul nostru va disp\u0103rea complet? Aceasta este o lovitur\u0103 puternic\u0103 pentru \u00eentreaga G\u0103g\u0103uzie.<\/p>\n<p>Pre\u0219edintele Adun\u0103rii Populare a G\u0103g\u0103uziei \u0219i-a exprimat, de asemenea, \u00eengrijorarea fa\u021b\u0103 de ignorarea de c\u0103tre autorit\u0103\u021bile centrale a conducerii regiunii \u0219i a subliniat necesitatea de a clarifica situa\u021bia \u0219i de a afla opinia popula\u021biei cu privire la acest aspect.<br \/>\n\u0218i \u0219eful administra\u021biei raionale, Ivan Cre\u021bu, unul dintre participan\u021bii activi la formarea autonomiei g\u0103g\u0103uze, a venit cu o reac\u021bie. El a declarat c\u0103 primarul Vulc\u0103ne\u0219tiului, Nicolai Posmac, a tr\u0103dat poporul g\u0103g\u0103uz \u0219i a \u0219ters cu buretele \u00eentreaga istorie a G\u0103g\u0103uziei.<\/p>\n<p>\u201dNici nu am cuvinte. Drapelul simbolizeaz\u0103 statalitatea. Chiar \u0219i \u00een timpul r\u0103zboiului, oamenii \u00ee\u0219i ap\u0103rau drapelele, mureau pentru ele. Iar primarul nostru \u0219i-a \u0219ters picioarele de el \u0219i a tr\u0103dat \u00eentregul popor g\u0103g\u0103uz. Dac\u0103 dorea s\u0103 fie prezent \u0219i drapelul UE, trebuia doar s\u0103 adauge un catarg. Dar un asemenea gest este de neacceptat.\u201d , a declarat Cre\u021bu.<\/p>\n<p>De asemenea, fostul deputat al Adun\u0103rii Populare a G\u0103g\u0103uziei, Roman \u021aiutin, a condamnat ac\u021biunile primarului din Vulc\u0103ne\u0219ti, Nicolai Posmac, care, \u00een timpul \u00eent\u00e2lnirii cu premierul Dorin Recean \u0219i deputa\u021bii, a \u00eenlocuit drapelul G\u0103g\u0103uziei cu cel al Uniunii Europene. El a declarat c\u0103 Nicolai Posmac este un tr\u0103d\u0103tor al autonomiei, ac\u021bioneaz\u0103 \u00een interesul PAS \u0219i nu este demn s\u0103 ocupe func\u021bia de primar.<\/p>\n<p>ROMAN \u021aIUTIN, fost deputat al Autonomiei G\u0103g\u0103uze<\/p>\n<p>Acest tr\u0103d\u0103tor face tot posibilul pentru a distruge autonomia, nu are ce c\u0103uta \u00een fotoliul de primar, pentru c\u0103 reprezint\u0103 interesele st\u0103p\u00e2nilor s\u0103i de la Chi\u0219in\u0103u \u2013 partidul PAS. Ast\u0103zi, Nicolai Posmac \u0219i-a tr\u0103dat tat\u0103l, mama \u0219i to\u021bi rudele sale, care c\u00e2ndva au luptat pentru autonomie. A v\u00e2ndut \u00eentregul popor g\u0103g\u0103uz pentru ni\u0219te firimituri. Kolia, pleac\u0103! Nu ai ce c\u0103uta \u00een fotoliul de primar.<\/p>\n<p>Cei viza\u021bi nu au r\u0103spuns acuza\u021biilor. \u021ainem s\u0103 men\u021bion\u0103m c\u0103, potrivit legisla\u021biei g\u0103g\u0103uze, drapelul autonomiei trebuie s\u0103 fie arborat permanent pe cl\u0103dirile oficiale \u0219i s\u0103 fie prezent \u00een s\u0103lile de \u0219edin\u021be ale institu\u021biilor publice din regiune, \u00een unit\u0103\u021bile de \u00eenv\u0103\u021b\u0103m\u00e2nt (cu excep\u021bia gr\u0103dini\u021belor), \u00een institu\u021biile \u0219tiin\u021bifice \u0219i culturale, precum \u0219i \u00een aeroporturi \u0219i g\u0103ri.<\/p>\n<\/div>\n","protected":false},"excerpt":{"rendered":"<div><img decoding=\"async\" width=\"696\" height=\"389\" src=\"https:\/\/canal5.md\/wp-content\/uploads\/2025\/02\/dorin-flag-1024x572-optimized.jpg\" class=\"attachment-large size-large wp-post-image\" alt=\"\" loading=\"lazy\" srcset=\"https:\/\/canal5.md\/wp-content\/uploads\/2025\/02\/dorin-flag-1024x572-optimized.jpg 1024w, https:\/\/canal5.md\/wp-content\/uploads\/2025\/02\/dorin-flag-300x168-optimized.jpg 300w, https:\/\/canal5.md\/wp-content\/uploads\/2025\/02\/dorin-flag-768x429-optimized.jpg 768w, https:\/\/canal5.md\/wp-content\/uploads\/2025\/02\/dorin-flag-696x389-optimized.jpg 696w, https:\/\/canal5.md\/wp-content\/uploads\/2025\/02\/dorin-flag-1068x597-optimized.jpg 1068w, https:\/\/canal5.md\/wp-content\/uploads\/2025\/02\/dorin-flag-optimized.jpg 1280w\">Cu drapelul Uniunii Europene \u0219i f\u0103r\u0103 cel al Autonomiei G\u0103g\u0103uze. A\u0219a s-a desf\u0103\u0219urat \u00eent\u00e2lnirea prim-ministrului, Dorin Recean cu primarul ora\u0219ului Vulc\u0103ne\u0219ti, Nicolae Posmac, care a\u0219a cum scrie presa local\u0103, la solicitarea protocolului premierului, a scos drapelul g\u0103g\u0103uz din sal\u0103 \u0219i l-a adus pe cel al UE. Acest lucru a st\u00e2rnit un val de critici \u00een [\u2026]<\/div>\n","protected":false},"author":1,"featured_media":67548,"comment_status":"closed","ping_status":"closed","sticky":false,"template":"","format":"standard","meta":{"jnews-multi-image_gallery":[],"jnews_single_post":[],"jnews_primary_category":[],"jnews_social_meta":[],"jnews_override_counter":[],"footnotes":""},"categories":[23],"tags":[],"class_list":["post-67547","post","type-post","status-publish","format-standard","has-post-thumbnail","hentry","category-politica_ro"],"_links":{"self":[{"href":"https:\/\/orheifm.live\/index.php\/wp-json\/wp\/v2\/posts\/67547","targetHints":{"allow":["GET"]}}],"collection":[{"href":"https:\/\/orheifm.live\/index.php\/wp-json\/wp\/v2\/posts"}],"about":[{"href":"https:\/\/orheifm.live\/index.php\/wp-json\/wp\/v2\/types\/post"}],"author":[{"embeddable":true,"href":"https:\/\/orheifm.live\/index.php\/wp-json\/wp\/v2\/users\/1"}],"replies":[{"embeddable":true,"href":"https:\/\/orheifm.live\/index.php\/wp-json\/wp\/v2\/comments?post=67547"}],"version-history":[{"count":0,"href":"https:\/\/orheifm.live\/index.php\/wp-json\/wp\/v2\/posts\/67547\/revisions"}],"wp:featuredmedia":[{"embeddable":true,"href":"https:\/\/orheifm.live\/index.php\/wp-json\/wp\/v2\/media\/67548"}],"wp:attachment":[{"href":"https:\/\/orheifm.live\/index.php\/wp-json\/wp\/v2\/media?parent=67547"}],"wp:term":[{"taxonomy":"category","embeddable":true,"href":"https:\/\/orheifm.live\/index.php\/wp-json\/wp\/v2\/categories?post=67547"},{"taxonomy":"post_tag","embeddable":true,"href":"https:\/\/orheifm.live\/index.php\/wp-json\/wp\/v2\/tags?post=67547"}],"curies":[{"name":"wp","href":"https:\/\/api.w.org\/{rel}","templated":true}]}}