{"id":67545,"date":"2025-02-20T20:57:14","date_gmt":"2025-02-20T18:57:14","guid":{"rendered":"https:\/\/orheifm.live\/index.php\/2025\/02\/20\/reforma-sau-haos-deputatii-au-votat-comasarea-procuraturii-anticoruptie-si-pccocs-starnind-controverse-video\/"},"modified":"2025-02-20T20:57:14","modified_gmt":"2025-02-20T18:57:14","slug":"reforma-sau-haos-deputatii-au-votat-comasarea-procuraturii-anticoruptie-si-pccocs-starnind-controverse-video","status":"publish","type":"post","link":"https:\/\/orheifm.live\/index.php\/2025\/02\/20\/reforma-sau-haos-deputatii-au-votat-comasarea-procuraturii-anticoruptie-si-pccocs-starnind-controverse-video\/","title":{"rendered":"Reform\u0103 sau haos? Deputa\u021bii au votat comasarea Procuraturii Anticorup\u021bie \u0219i PCCOCS, st\u00e2rnind controverse |VIDEO"},"content":{"rendered":"<div>\n<p><strong>Deputa\u021bii au adoptat \u00een prima lectur\u0103 proiectul de fuziune a Procuraturii Anticorup\u021bie \u0219i Procuraturii pentru Combaterea Crimei Organizate \u0219i Cauze Speciale, cre\u00e2nd astfel Procuratura Anticorup\u021bie \u0219i Combaterea Crimei Organizate. <\/strong><br \/>\n<iframe loading=\"lazy\" title=\"YouTube video player\" src=\"https:\/\/www.youtube.com\/embed\/Oag2Ss4SuSo?si=JP2c0UrZKC09ijl0\" width=\"560\" height=\"315\" frameborder=\"0\" allowfullscreen=\"allowfullscreen\"><\/iframe><br \/>\nVotul a fost exprimat prin ridicarea m\u00e2inilor, din cauza problemelor tehnice la sistemul de vot al pre\u0219edintelui Parlamentului. Proiectul a fost sus\u021binut de 61 de deputa\u021bi, 21 au votat \u00eempotriv\u0103 \u0219i 2 s-au ab\u021binut. Opozi\u021bia, care a votat \u00eempotriv\u0103, a criticat sever proiectul, iar legea nu a fost sus\u021binut\u0103 nici de unii deputa\u021bi PAS.<\/p>\n<p>Deputa\u021bii au adoptat \u00een prima lectur\u0103 proiectul de fuziune a Procuraturii Anticorup\u021bie \u0219i Procuraturii pentru Combaterea Crimei Organizate \u0219i Cauze Speciale, cre\u00e2nd astfel Procuratura Anticorup\u021bie \u0219i Combaterea Crimei Organizate. Votul a fost exprimat prin ridicarea m\u00e2inilor, din cauza problemelor tehnice la sistemul de vot al pre\u0219edintelui Parlamentului.<\/p>\n<p>Proiectul a fost sus\u021binut de 61 de deputa\u021bi, 21 au votat \u00eempotriv\u0103 \u0219i 2 s-au ab\u021binut. Opozi\u021bia, care a votat \u00eempotriv\u0103, a criticat sever proiectul, iar legea nu a fost sus\u021binut\u0103 nici de unii deputa\u021bi PAS.<\/p>\n<p>Proiectul, semnat de 29 de deputa\u021bi PAS, prevede desfiin\u021barea PA \u0219i PCCOCS \u0219i crearea Procuraturii Anticorup\u021bie \u0219i Combaterea Crimei Organizate. Noua institu\u021bie va se va ocupa de combaterea corup\u021biei, criminalit\u0103\u021bii organizate, terorismului \u0219i torturii, conduc\u00e2nd urm\u0103rirea penal\u0103 \u00een aceste domenii.<\/p>\n<p>PACCO va fi condus\u0103 de un \u0219ef interimar, desemnat de procurorul general Ion Munteanu, iar Consiliul Superior al Procurorilor \u0219i procurorul general vor aproba structura intern\u0103 \u0219i vor organiza un concurs pentru selectarea procurorului-\u0219ef.<\/p>\n<p>IGOR CHIRIAC, deputat PAS<\/p>\n<p>Aceast\u0103 lege este o lege cadru care vine s\u0103 reglementeze activitatea procuraturii specializate \u00een combaterea corup\u021biei \u0219i a crimei organizate.<\/p>\n<p>Deputatul a anun\u021bat c\u0103 ofi\u021berii de investiga\u021bie \u0219i speciali\u0219tii care vor dori s\u0103 lucreze la PACCO vor fi testa\u021bi psihologic \u0219i cu detectorul de minciuni. Chiriac estimeaz\u0103 c\u0103 noua procuratur\u0103 va \u00eencepe s\u0103 func\u021bioneze \u00een termen de o lun\u0103-dou\u0103. Proiectul a fost puternic criticat de opozi\u021bie. Deputatul Vasile Bolea, din Blocul Victorie, consider\u0103 c\u0103 guvernarea actual\u0103 creeaz\u0103 un mecanism pentru a evita consecin\u021bele \u0219i pentru a \u00eempiedica finalizarea multor dosare importante.<\/p>\n<p>VASILE BOLEA, deputat Blocul \u201dVictorie\u201d<\/p>\n<p>Eu \u00een\u021beleg c\u0103 din 200 de procurori care ast\u0103zi sunt \u00een structurile PCCOCS \u0219i procuratura anticorup\u021bie o s\u0103 r\u0103m\u00e2n\u0103 doar<\/p>\n<p>Interesant, ceilal\u021bi ce dosare instrumenteaz\u0103, care nu se vor reg\u0103si \u00een sistem oare nu cumva instrumenteaz\u0103 dosarul Leova- Bumb\u0103ta sau poate instrumenteaz\u0103 dosarul de achizi\u021bie gazelor sau energie electrice, dar poate instrumenteaz\u0103 dosarul legat de procurarea p\u0103curii, dar poate instrumenteaz\u0103 dosarele privind achizi\u021biile publice la a\u0219a numitul program \u201dSatul European\u201d.<\/p>\n<p>Poate au \u00eenceput s\u0103 \u00eenstrumenteze cum au fost cheltui\u021bi banii veni\u021bi din statele unite din UE pe diferite proiecte noi ast\u0103zi vedem cine \u0219i c\u00e2t au primit din mass-media.<\/p>\n<p>Ce se va \u00eent\u00e2mpla cu aceste dosare, unde vor fi transmise? La noua procuratur\u0103? Spune\u021bi-mi, v\u0103 rog, din care cl\u0103dire o s\u0103 fie scoase \u0219i \u00een care vor ajunge. Dar poate pe drum pe Bulevardul \u0218tefan cel Mare, poate aceste dosare, cumva, se vor pierde?<\/p>\n<p>Proiectul de lege a fost criticat chiar \u0219i de deputa\u021bii PAS. \u00cenainte de vot, deputata Olesea Stamate a declarat c\u0103 nu \u00eel poate sus\u021bine din cauza riscurilor, avertiz\u00e2nd c\u0103 noua institu\u021bie ar putea r\u0103m\u00e2ne doar \u201epe h\u00e2rtie\u201d, subliniind c\u0103 sistemul ar putea fi cur\u0103\u021bat de procurorii corup\u021bi \u0219i f\u0103r\u0103 a schimba din nou legea, av\u00e2nd deja toate posibilit\u0103\u021bile pentru acest lucru, \u0219i a propus trimiterea proiectului pentru expertizare la Comisia de la Vene\u021bia.<\/p>\n<p>OLESEA STAMATE, deputat PAS<\/p>\n<p>Haide\u021bi s\u0103 vedem responsabilitate din partea celor care au mandat constitu\u021bional s\u0103 administreze acest sistem \u0219i s\u0103 asigure integritatea acestuia. De ce trebuie noi de fiecare dat\u0103 s\u0103 ne asum\u0103m prin modificarea legilor ceea ce trebuie al\u021bii s\u0103 fac\u0103 av\u00e2nd la \u00eendem\u00e2n\u0103 toate instrumentele.<\/p>\n<p>\u00centrebarea mea vis-a-vis de acest proiect de lege este: Oare noi am examinat suficient riscurile acestei comas\u0103ri? Nu risc\u0103m noi oare s\u0103 punem pe pauz\u0103 dosarele la care c\u00e2t de c\u00e2t undeva cred c\u0103 se lucreaz\u0103 acum p\u00e2n\u0103 devine o institu\u021bie func\u021bionala? Nu risc\u0103m oare s\u0103 ne trezim \u00een plin\u0103 perioad\u0103 electoral\u0103 cu o institu\u021bie creat\u0103 pe h\u00e2rtie, dar neopera\u021bionalizat\u0103 \u0219i atunci pe cine vom da vina?<\/p>\n<p>Iar deputatul PAS, Lilian Carp, a \u00eentrebat cum vor fi sco\u0219i din sistem \u201eprocurorii bandi\u021bi\u201d \u0219i ce e de f\u0103cut pentru a urgenta dosarele care sunt investigate \u0219i c\u00e2te 12 ani. De cealalt\u0103 parte, unul dintre autorii proiectului, Igor Chiriac a recunoscut c\u0103 proiectul nu este ideal.<\/p>\n<p>LILIAN CARP, deputat PAS<\/p>\n<p>Spune\u021bi-mi, pentru c\u0103 eu, ceea ce v\u0103d aici, \u00een proiect, nu v\u0103d cum unii procurori banditoobrazn\u00eee de-a ie\u0219tia deci vor fi sco\u0219i din sistem? Asta e a\u0219teptarea pe care o am eu \u0219i a\u0219teptarea pe care o are societatea, ca \u00een acest proiect de lege s\u0103 existe p\u00e2rghii ca ace\u0219ti banditoobrazn\u00eee s\u0103 nu mai fie \u00een procuratura nou creat\u0103.<\/p>\n<p>Eu am s\u0103 vin cu anumite propuneri cu siguran\u021b\u0103 pentru c\u0103 de asta va depinde votul meu \u00een lectura a doua<\/p>\n<p>IGOR CHIRIAC, deputat PAS<\/p>\n<p>Vom discuta aceste mecanisme eu nu spun c\u0103 proiectul de lege este ideal el trebuie \u00eembun\u0103t\u0103\u021bit \u0219i \u00eentre prima \u0219i a doua lectura s\u0103 descut\u0103m toate \u00eengrijor\u0103rile.<\/p>\n<p>\u00centr-un final, documentul a fost votat de 61 de deputa\u021bi PAS, prin ridicarea m\u00e2inilor din cauza problemelor tehnice. A trimite pentru consult\u0103ri la Comisia de la Vene\u021bia, a\u0219a cum a men\u021bionat deputatul PAS Gr\u0103dinaru, nu este timp. Este de \u00een\u021beles, autorit\u0103\u021bile vor s\u0103 lanseze un nou mecanism care s\u0103 le fie supus \u00eenainte de alegeri.<\/p>\n<p>Amintim c\u0103 Procuratura General\u0103 \u0219i Procuratura Anticorup\u021bie au exprimat rezerve cu privire la acest proiect. Prima institu\u021bie a subliniat riscuri pe termen scurt \u0219i lung privind, iar cea de-a doua a avertizat asupra pericolelor pentru securitatea na\u021bional\u0103. Proiectul a generat \u0219i demisia Veronic\u0103i Dragalin de la \u0219efia Procuraturii Anticorup\u021bie, care a \u00eendemnat deputa\u021bii PAS s\u0103 renun\u021be la ini\u021biativ\u0103, care, \u00een opinia ei, pune \u00een pericol securitatea statului.<\/p>\n<\/div>\n","protected":false},"excerpt":{"rendered":"<div><img loading=\"lazy\" decoding=\"async\" width=\"696\" height=\"454\" src=\"https:\/\/canal5.md\/wp-content\/uploads\/2025\/02\/i-3-2-optimized.webp\" class=\"attachment-large size-large wp-post-image\" alt=\"\" srcset=\"https:\/\/canal5.md\/wp-content\/uploads\/2025\/02\/i-3-2-optimized.webp 1000w, https:\/\/canal5.md\/wp-content\/uploads\/2025\/02\/i-3-2-300x196-optimized.webp 300w, https:\/\/canal5.md\/wp-content\/uploads\/2025\/02\/i-3-2-768x501-optimized.webp 768w, https:\/\/canal5.md\/wp-content\/uploads\/2025\/02\/i-3-2-696x454-optimized.webp 696w\">Deputa\u021bii au adoptat \u00een prima lectur\u0103 proiectul de fuziune a Procuraturii Anticorup\u021bie \u0219i Procuraturii pentru Combaterea Crimei Organizate \u0219i Cauze Speciale, cre\u00e2nd astfel Procuratura Anticorup\u021bie \u0219i Combaterea Crimei Organizate. Votul a fost exprimat prin ridicarea m\u00e2inilor, din cauza problemelor tehnice la sistemul de vot al pre\u0219edintelui Parlamentului. Proiectul a fost sus\u021binut de 61 de deputa\u021bi, [\u2026]<\/div>\n","protected":false},"author":1,"featured_media":67546,"comment_status":"closed","ping_status":"closed","sticky":false,"template":"","format":"standard","meta":{"jnews-multi-image_gallery":[],"jnews_single_post":[],"jnews_primary_category":[],"jnews_social_meta":[],"jnews_override_counter":[],"footnotes":""},"categories":[23],"tags":[],"class_list":["post-67545","post","type-post","status-publish","format-standard","has-post-thumbnail","hentry","category-politica_ro"],"_links":{"self":[{"href":"https:\/\/orheifm.live\/index.php\/wp-json\/wp\/v2\/posts\/67545","targetHints":{"allow":["GET"]}}],"collection":[{"href":"https:\/\/orheifm.live\/index.php\/wp-json\/wp\/v2\/posts"}],"about":[{"href":"https:\/\/orheifm.live\/index.php\/wp-json\/wp\/v2\/types\/post"}],"author":[{"embeddable":true,"href":"https:\/\/orheifm.live\/index.php\/wp-json\/wp\/v2\/users\/1"}],"replies":[{"embeddable":true,"href":"https:\/\/orheifm.live\/index.php\/wp-json\/wp\/v2\/comments?post=67545"}],"version-history":[{"count":0,"href":"https:\/\/orheifm.live\/index.php\/wp-json\/wp\/v2\/posts\/67545\/revisions"}],"wp:featuredmedia":[{"embeddable":true,"href":"https:\/\/orheifm.live\/index.php\/wp-json\/wp\/v2\/media\/67546"}],"wp:attachment":[{"href":"https:\/\/orheifm.live\/index.php\/wp-json\/wp\/v2\/media?parent=67545"}],"wp:term":[{"taxonomy":"category","embeddable":true,"href":"https:\/\/orheifm.live\/index.php\/wp-json\/wp\/v2\/categories?post=67545"},{"taxonomy":"post_tag","embeddable":true,"href":"https:\/\/orheifm.live\/index.php\/wp-json\/wp\/v2\/tags?post=67545"}],"curies":[{"name":"wp","href":"https:\/\/api.w.org\/{rel}","templated":true}]}}