{"id":67543,"date":"2025-02-20T18:00:42","date_gmt":"2025-02-20T16:00:42","guid":{"rendered":"https:\/\/orheifm.live\/index.php\/2025\/02\/20\/doua-persoane-si-au-pierdut-viata-in-incendii-provocate-de-neglijenta\/"},"modified":"2025-02-20T18:00:42","modified_gmt":"2025-02-20T16:00:42","slug":"doua-persoane-si-au-pierdut-viata-in-incendii-provocate-de-neglijenta","status":"publish","type":"post","link":"https:\/\/orheifm.live\/index.php\/2025\/02\/20\/doua-persoane-si-au-pierdut-viata-in-incendii-provocate-de-neglijenta\/","title":{"rendered":"Dou\u0103 persoane \u0219i-au pierdut via\u021ba \u00een incendii provocate de neglijen\u021b\u0103"},"content":{"rendered":"<div>\n<p data-start=\"77\" data-end=\"295\"><strong>Dou\u0103 incendii soldate cu pierderi de vie\u021bi omene\u0219ti au fost \u00eenregistrate pe 19 februarie \u00een Republica Moldova, fiind cauzate de utilizarea necorespunz\u0103toare a sobelor de \u00eenc\u0103lzit \u0219i de impruden\u021ba \u00een timpul fumatului.<\/strong><\/p>\n<p data-start=\"297\" data-end=\"606\">Primul caz a avut loc \u00een satul Cob\u00eelea, raionul \u0218old\u0103ne\u0219ti, unde o femeie de 82 de ani a fost g\u0103sit\u0103 f\u0103r\u0103 via\u021b\u0103 \u00een propria locuin\u021b\u0103, dup\u0103 ce incendiul izbucnit \u00een cas\u0103 i-a fost fatal. Potrivit speciali\u0219tilor, cauza probabil\u0103 a fost c\u0103derea j\u0103raticului pe podea, dup\u0103 ce u\u0219a sobei ar fi fost l\u0103sat\u0103 deschis\u0103.<\/p>\n<p data-start=\"608\" data-end=\"828\">Al doilea incendiu a fost raportat la Cahul, unde un b\u0103rbat de 75 de ani a fost g\u0103sit carbonizat pe o canapea. Investiga\u021biile preliminare arat\u0103 c\u0103 incendiul a fost provocat de fumatul neglijent \u00een interiorul locuin\u021bei.<\/p>\n<p data-start=\"830\" data-end=\"1216\" data-is-last-node=\"\">Inspectoratul General pentru Situa\u021bii de Urgen\u021b\u0103 (IGSU) atrage aten\u021bia asupra pericolelor generate de utilizarea necorespunz\u0103toare a surselor de \u00eenc\u0103lzire \u0219i de fumatul \u00een locuin\u021be, recomand\u00e2nd m\u0103suri stricte de siguran\u021b\u0103 pentru a preveni astfel de tragedii. Potrivit datelor oficiale, de la \u00eenceputul anului 2025, \u00een Republica Moldova au avut loc 318 incendii, soldate cu 29 de decese.<\/p>\n<\/div>\n","protected":false},"excerpt":{"rendered":"<div><img loading=\"lazy\" decoding=\"async\" width=\"696\" height=\"458\" src=\"https:\/\/canal5.md\/wp-content\/uploads\/2025\/02\/799107-optimized.webp\" class=\"attachment-large size-large wp-post-image\" alt=\"\" srcset=\"https:\/\/canal5.md\/wp-content\/uploads\/2025\/02\/799107-optimized.webp 760w, https:\/\/canal5.md\/wp-content\/uploads\/2025\/02\/799107-300x197-optimized.webp 300w, https:\/\/canal5.md\/wp-content\/uploads\/2025\/02\/799107-696x458-optimized.webp 696w\">Dou\u0103 incendii soldate cu pierderi de vie\u021bi omene\u0219ti au fost \u00eenregistrate pe 19 februarie \u00een Republica Moldova, fiind cauzate de utilizarea necorespunz\u0103toare a sobelor de \u00eenc\u0103lzit \u0219i de impruden\u021ba \u00een timpul fumatului. Primul caz a avut loc \u00een satul Cob\u00eelea, raionul \u0218old\u0103ne\u0219ti, unde o femeie de 82 de ani a fost g\u0103sit\u0103 f\u0103r\u0103 via\u021b\u0103 \u00een [\u2026]<\/div>\n","protected":false},"author":1,"featured_media":67544,"comment_status":"closed","ping_status":"closed","sticky":false,"template":"","format":"standard","meta":{"jnews-multi-image_gallery":[],"jnews_single_post":[],"jnews_primary_category":[],"jnews_social_meta":[],"jnews_override_counter":[],"footnotes":""},"categories":[30],"tags":[],"class_list":["post-67543","post","type-post","status-publish","format-standard","has-post-thumbnail","hentry","category-social_ro"],"_links":{"self":[{"href":"https:\/\/orheifm.live\/index.php\/wp-json\/wp\/v2\/posts\/67543","targetHints":{"allow":["GET"]}}],"collection":[{"href":"https:\/\/orheifm.live\/index.php\/wp-json\/wp\/v2\/posts"}],"about":[{"href":"https:\/\/orheifm.live\/index.php\/wp-json\/wp\/v2\/types\/post"}],"author":[{"embeddable":true,"href":"https:\/\/orheifm.live\/index.php\/wp-json\/wp\/v2\/users\/1"}],"replies":[{"embeddable":true,"href":"https:\/\/orheifm.live\/index.php\/wp-json\/wp\/v2\/comments?post=67543"}],"version-history":[{"count":0,"href":"https:\/\/orheifm.live\/index.php\/wp-json\/wp\/v2\/posts\/67543\/revisions"}],"wp:featuredmedia":[{"embeddable":true,"href":"https:\/\/orheifm.live\/index.php\/wp-json\/wp\/v2\/media\/67544"}],"wp:attachment":[{"href":"https:\/\/orheifm.live\/index.php\/wp-json\/wp\/v2\/media?parent=67543"}],"wp:term":[{"taxonomy":"category","embeddable":true,"href":"https:\/\/orheifm.live\/index.php\/wp-json\/wp\/v2\/categories?post=67543"},{"taxonomy":"post_tag","embeddable":true,"href":"https:\/\/orheifm.live\/index.php\/wp-json\/wp\/v2\/tags?post=67543"}],"curies":[{"name":"wp","href":"https:\/\/api.w.org\/{rel}","templated":true}]}}