{"id":67541,"date":"2025-02-20T17:40:21","date_gmt":"2025-02-20T15:40:21","guid":{"rendered":"https:\/\/orheifm.live\/index.php\/2025\/02\/20\/accident-grav-in-bender-o-femeie-lovita-pe-trecerea-de-pietoni-de-un-mercedes\/"},"modified":"2025-02-20T17:40:21","modified_gmt":"2025-02-20T15:40:21","slug":"accident-grav-in-bender-o-femeie-lovita-pe-trecerea-de-pietoni-de-un-mercedes","status":"publish","type":"post","link":"https:\/\/orheifm.live\/index.php\/2025\/02\/20\/accident-grav-in-bender-o-femeie-lovita-pe-trecerea-de-pietoni-de-un-mercedes\/","title":{"rendered":"Accident grav \u00een Bender: O femeie, lovit\u0103 pe trecerea de pietoni de un Mercedes"},"content":{"rendered":"<div>\n<p data-start=\"87\" data-end=\"341\"><strong>Un accident \u0219ocant s-a produs pe 19 februarie \u00een ora\u0219ul Bender, unde o femeie de 57 de ani a fost lovit\u0103 \u0219i aruncat\u0103 de pe trecerea de pietoni de un Mercedes. Victima \u00eencerca s\u0103 traverseze strada \u00een fug\u0103, la semnalul \u201everde intermitent\u201d al semaforului.<\/strong><\/p>\n<p data-start=\"343\" data-end=\"650\">Potrivit presei din regiunea transnistrean\u0103, \u0219oferul autoturismului, un t\u00e2n\u0103r de 28 de ani, nu a reu\u0219it s\u0103 fr\u00e2neze la timp, motiv\u00e2nd c\u0103 nu a observat pietonul. \u00cen urma impactului, femeia a suferit un traumatism cranian, como\u021bie cerebral\u0103, contuzie toracic\u0103 \u0219i luxa\u021bie de um\u0103r, \u00eens\u0103 a refuzat spitalizarea.<\/p>\n<p data-start=\"652\" data-end=\"737\" data-is-last-node=\"\">Autorit\u0103\u021bile continu\u0103 cercet\u0103rile pentru a stabili toate circumstan\u021bele accidentului.<\/p>\n<\/div>\n","protected":false},"excerpt":{"rendered":"<div><img loading=\"lazy\" decoding=\"async\" width=\"696\" height=\"392\" src=\"https:\/\/canal5.md\/wp-content\/uploads\/2025\/02\/9ead67e9-b95c-4492-a663-cbcad650cad1-optimized.jpg\" class=\"attachment-large size-large wp-post-image\" alt=\"\" srcset=\"https:\/\/canal5.md\/wp-content\/uploads\/2025\/02\/9ead67e9-b95c-4492-a663-cbcad650cad1-optimized.jpg 800w, https:\/\/canal5.md\/wp-content\/uploads\/2025\/02\/9ead67e9-b95c-4492-a663-cbcad650cad1-300x169-optimized.jpg 300w, https:\/\/canal5.md\/wp-content\/uploads\/2025\/02\/9ead67e9-b95c-4492-a663-cbcad650cad1-768x432-optimized.jpg 768w, https:\/\/canal5.md\/wp-content\/uploads\/2025\/02\/9ead67e9-b95c-4492-a663-cbcad650cad1-696x392-optimized.jpg 696w\">Un accident \u0219ocant s-a produs pe 19 februarie \u00een ora\u0219ul Bender, unde o femeie de 57 de ani a fost lovit\u0103 \u0219i aruncat\u0103 de pe trecerea de pietoni de un Mercedes. Victima \u00eencerca s\u0103 traverseze strada \u00een fug\u0103, la semnalul \u201everde intermitent\u201d al semaforului. Potrivit presei din regiunea transnistrean\u0103, \u0219oferul autoturismului, un t\u00e2n\u0103r de 28 [\u2026]<\/div>\n","protected":false},"author":1,"featured_media":67542,"comment_status":"closed","ping_status":"closed","sticky":false,"template":"","format":"standard","meta":{"jnews-multi-image_gallery":[],"jnews_single_post":[],"jnews_primary_category":[],"jnews_social_meta":[],"jnews_override_counter":[],"footnotes":""},"categories":[30],"tags":[],"class_list":["post-67541","post","type-post","status-publish","format-standard","has-post-thumbnail","hentry","category-social_ro"],"_links":{"self":[{"href":"https:\/\/orheifm.live\/index.php\/wp-json\/wp\/v2\/posts\/67541","targetHints":{"allow":["GET"]}}],"collection":[{"href":"https:\/\/orheifm.live\/index.php\/wp-json\/wp\/v2\/posts"}],"about":[{"href":"https:\/\/orheifm.live\/index.php\/wp-json\/wp\/v2\/types\/post"}],"author":[{"embeddable":true,"href":"https:\/\/orheifm.live\/index.php\/wp-json\/wp\/v2\/users\/1"}],"replies":[{"embeddable":true,"href":"https:\/\/orheifm.live\/index.php\/wp-json\/wp\/v2\/comments?post=67541"}],"version-history":[{"count":0,"href":"https:\/\/orheifm.live\/index.php\/wp-json\/wp\/v2\/posts\/67541\/revisions"}],"wp:featuredmedia":[{"embeddable":true,"href":"https:\/\/orheifm.live\/index.php\/wp-json\/wp\/v2\/media\/67542"}],"wp:attachment":[{"href":"https:\/\/orheifm.live\/index.php\/wp-json\/wp\/v2\/media?parent=67541"}],"wp:term":[{"taxonomy":"category","embeddable":true,"href":"https:\/\/orheifm.live\/index.php\/wp-json\/wp\/v2\/categories?post=67541"},{"taxonomy":"post_tag","embeddable":true,"href":"https:\/\/orheifm.live\/index.php\/wp-json\/wp\/v2\/tags?post=67541"}],"curies":[{"name":"wp","href":"https:\/\/api.w.org\/{rel}","templated":true}]}}