{"id":67539,"date":"2025-02-20T17:20:49","date_gmt":"2025-02-20T15:20:49","guid":{"rendered":"https:\/\/orheifm.live\/index.php\/2025\/02\/20\/mai-multi-soferi-prinsi-bauti-la-volan-inclusiv-un-conducator-de-trotineta-electrica\/"},"modified":"2025-02-20T17:20:49","modified_gmt":"2025-02-20T15:20:49","slug":"mai-multi-soferi-prinsi-bauti-la-volan-inclusiv-un-conducator-de-trotineta-electrica","status":"publish","type":"post","link":"https:\/\/orheifm.live\/index.php\/2025\/02\/20\/mai-multi-soferi-prinsi-bauti-la-volan-inclusiv-un-conducator-de-trotineta-electrica\/","title":{"rendered":"Mai mul\u021bi \u0219oferi prin\u0219i b\u0103u\u021bi la volan, inclusiv un conduc\u0103tor de trotinet\u0103 electric\u0103"},"content":{"rendered":"<div>\n<p data-start=\"93\" data-end=\"391\"><strong>Poli\u021bia a depistat mai mul\u021bi \u0219oferi care conduceau sub influen\u021ba alcoolului pe drumurile din Republica Moldova. Printre ace\u0219tia se num\u0103r\u0103 \u0219i un t\u00e2n\u0103r de 21 de ani din Bucov\u0103\u021b, raionul Str\u0103\u0219eni, care a fost oprit \u00een timp ce conducea un motocultor, av\u00e2nd o alcoolemie de 0,81 mg\/l \u00een aerul expirat.<\/strong><\/p>\n<p data-start=\"393\" data-end=\"696\">Un alt caz a fost \u00eenregistrat \u00een satul Pelivan, raionul Orhei, unde un \u0219ofer de 25 de ani a fost surprins cu o alcoolemie de 0,20 mg\/l. De asemenea, un locuitor al capitalei a fost prins circul\u00e2nd cu trotineta electric\u0103 sub influen\u021ba alcoolului, av\u00e2nd un rezultat de 0,50 mg\/l la testul de alcoolemie.<\/p>\n<p data-start=\"698\" data-end=\"985\" data-is-last-node=\"\">Tot \u00een Chi\u0219in\u0103u, un biciclist de 28 de ani a fost sanc\u021bionat dup\u0103 ce a fost g\u0103sit cu 0,37 mg\/l alcool \u00een aerul expirat. Poli\u021bia continu\u0103 verific\u0103rile \u0219i reaminte\u0219te c\u0103 \u0219ofatul sub influen\u021ba alcoolului pune \u00een pericol at\u00e2t via\u021ba conduc\u0103torilor, c\u00e2t \u0219i a celorlal\u021bi participan\u021bi la trafic.<\/p>\n<\/div>\n","protected":false},"excerpt":{"rendered":"<div><img loading=\"lazy\" decoding=\"async\" width=\"696\" height=\"458\" src=\"https:\/\/canal5.md\/wp-content\/uploads\/2025\/02\/799143-optimized.webp\" class=\"attachment-large size-large wp-post-image\" alt=\"\" srcset=\"https:\/\/canal5.md\/wp-content\/uploads\/2025\/02\/799143-optimized.webp 760w, https:\/\/canal5.md\/wp-content\/uploads\/2025\/02\/799143-300x197-optimized.webp 300w, https:\/\/canal5.md\/wp-content\/uploads\/2025\/02\/799143-696x458-optimized.webp 696w\">Poli\u021bia a depistat mai mul\u021bi \u0219oferi care conduceau sub influen\u021ba alcoolului pe drumurile din Republica Moldova. Printre ace\u0219tia se num\u0103r\u0103 \u0219i un t\u00e2n\u0103r de 21 de ani din Bucov\u0103\u021b, raionul Str\u0103\u0219eni, care a fost oprit \u00een timp ce conducea un motocultor, av\u00e2nd o alcoolemie de 0,81 mg\/l \u00een aerul expirat. Un alt caz a fost [\u2026]<\/div>\n","protected":false},"author":1,"featured_media":67540,"comment_status":"closed","ping_status":"closed","sticky":false,"template":"","format":"standard","meta":{"jnews-multi-image_gallery":[],"jnews_single_post":[],"jnews_primary_category":[],"jnews_social_meta":[],"jnews_override_counter":[],"footnotes":""},"categories":[30],"tags":[],"class_list":["post-67539","post","type-post","status-publish","format-standard","has-post-thumbnail","hentry","category-social_ro"],"_links":{"self":[{"href":"https:\/\/orheifm.live\/index.php\/wp-json\/wp\/v2\/posts\/67539","targetHints":{"allow":["GET"]}}],"collection":[{"href":"https:\/\/orheifm.live\/index.php\/wp-json\/wp\/v2\/posts"}],"about":[{"href":"https:\/\/orheifm.live\/index.php\/wp-json\/wp\/v2\/types\/post"}],"author":[{"embeddable":true,"href":"https:\/\/orheifm.live\/index.php\/wp-json\/wp\/v2\/users\/1"}],"replies":[{"embeddable":true,"href":"https:\/\/orheifm.live\/index.php\/wp-json\/wp\/v2\/comments?post=67539"}],"version-history":[{"count":0,"href":"https:\/\/orheifm.live\/index.php\/wp-json\/wp\/v2\/posts\/67539\/revisions"}],"wp:featuredmedia":[{"embeddable":true,"href":"https:\/\/orheifm.live\/index.php\/wp-json\/wp\/v2\/media\/67540"}],"wp:attachment":[{"href":"https:\/\/orheifm.live\/index.php\/wp-json\/wp\/v2\/media?parent=67539"}],"wp:term":[{"taxonomy":"category","embeddable":true,"href":"https:\/\/orheifm.live\/index.php\/wp-json\/wp\/v2\/categories?post=67539"},{"taxonomy":"post_tag","embeddable":true,"href":"https:\/\/orheifm.live\/index.php\/wp-json\/wp\/v2\/tags?post=67539"}],"curies":[{"name":"wp","href":"https:\/\/api.w.org\/{rel}","templated":true}]}}