{"id":67537,"date":"2025-02-20T16:40:38","date_gmt":"2025-02-20T14:40:38","guid":{"rendered":"https:\/\/orheifm.live\/index.php\/2025\/02\/20\/piata-centrala-va-fi-inchisa-pe-24-februarie-pentru-igienizare\/"},"modified":"2025-02-20T16:40:38","modified_gmt":"2025-02-20T14:40:38","slug":"piata-centrala-va-fi-inchisa-pe-24-februarie-pentru-igienizare","status":"publish","type":"post","link":"https:\/\/orheifm.live\/index.php\/2025\/02\/20\/piata-centrala-va-fi-inchisa-pe-24-februarie-pentru-igienizare\/","title":{"rendered":"Pia\u021ba Central\u0103 va fi \u00eenchis\u0103 pe 24 februarie pentru igienizare"},"content":{"rendered":"<div>\n<p data-start=\"70\" data-end=\"302\"><strong>Pe 24 februarie 2025, Pia\u021ba Central\u0103 va fi \u00eenchis\u0103 temporar pentru efectuarea lucr\u0103rilor de igienizare sanitar\u0103.<\/strong><\/p>\n<p data-start=\"70\" data-end=\"302\">Conform unui comunicat emis de Administra\u021bia pie\u021bei, activitatea comercial\u0103 va fi suspendat\u0103 pe durata \u00eentregii zile.<\/p>\n<p data-start=\"304\" data-end=\"531\" data-is-last-node=\"\">Comercian\u021bii sunt ruga\u021bi s\u0103 evacueze marfa din spa\u021biile de v\u00e2nzare \u0219i s\u0103 nu lase produse sau obiecte pe teritoriul pie\u021bei. Autorit\u0103\u021bile anun\u021b\u0103 c\u0103 m\u0103sura este necesar\u0103 pentru men\u021binerea condi\u021biilor optime de igien\u0103 \u0219i siguran\u021b\u0103.<\/p>\n<\/div>\n","protected":false},"excerpt":{"rendered":"<div><img loading=\"lazy\" decoding=\"async\" width=\"696\" height=\"458\" src=\"https:\/\/canal5.md\/wp-content\/uploads\/2025\/02\/799077-optimized.webp\" class=\"attachment-large size-large wp-post-image\" alt=\"\" srcset=\"https:\/\/canal5.md\/wp-content\/uploads\/2025\/02\/799077-optimized.webp 760w, https:\/\/canal5.md\/wp-content\/uploads\/2025\/02\/799077-300x197-optimized.webp 300w, https:\/\/canal5.md\/wp-content\/uploads\/2025\/02\/799077-696x458-optimized.webp 696w\">Pe 24 februarie 2025, Pia\u021ba Central\u0103 va fi \u00eenchis\u0103 temporar pentru efectuarea lucr\u0103rilor de igienizare sanitar\u0103. Conform unui comunicat emis de Administra\u021bia pie\u021bei, activitatea comercial\u0103 va fi suspendat\u0103 pe durata \u00eentregii zile. Comercian\u021bii sunt ruga\u021bi s\u0103 evacueze marfa din spa\u021biile de v\u00e2nzare \u0219i s\u0103 nu lase produse sau obiecte pe teritoriul pie\u021bei. Autorit\u0103\u021bile anun\u021b\u0103 c\u0103 [\u2026]<\/div>\n","protected":false},"author":1,"featured_media":67538,"comment_status":"closed","ping_status":"closed","sticky":false,"template":"","format":"standard","meta":{"jnews-multi-image_gallery":[],"jnews_single_post":[],"jnews_primary_category":[],"jnews_social_meta":[],"jnews_override_counter":[],"footnotes":""},"categories":[30],"tags":[],"class_list":["post-67537","post","type-post","status-publish","format-standard","has-post-thumbnail","hentry","category-social_ro"],"_links":{"self":[{"href":"https:\/\/orheifm.live\/index.php\/wp-json\/wp\/v2\/posts\/67537","targetHints":{"allow":["GET"]}}],"collection":[{"href":"https:\/\/orheifm.live\/index.php\/wp-json\/wp\/v2\/posts"}],"about":[{"href":"https:\/\/orheifm.live\/index.php\/wp-json\/wp\/v2\/types\/post"}],"author":[{"embeddable":true,"href":"https:\/\/orheifm.live\/index.php\/wp-json\/wp\/v2\/users\/1"}],"replies":[{"embeddable":true,"href":"https:\/\/orheifm.live\/index.php\/wp-json\/wp\/v2\/comments?post=67537"}],"version-history":[{"count":0,"href":"https:\/\/orheifm.live\/index.php\/wp-json\/wp\/v2\/posts\/67537\/revisions"}],"wp:featuredmedia":[{"embeddable":true,"href":"https:\/\/orheifm.live\/index.php\/wp-json\/wp\/v2\/media\/67538"}],"wp:attachment":[{"href":"https:\/\/orheifm.live\/index.php\/wp-json\/wp\/v2\/media?parent=67537"}],"wp:term":[{"taxonomy":"category","embeddable":true,"href":"https:\/\/orheifm.live\/index.php\/wp-json\/wp\/v2\/categories?post=67537"},{"taxonomy":"post_tag","embeddable":true,"href":"https:\/\/orheifm.live\/index.php\/wp-json\/wp\/v2\/tags?post=67537"}],"curies":[{"name":"wp","href":"https:\/\/api.w.org\/{rel}","templated":true}]}}