{"id":67535,"date":"2025-02-20T16:20:10","date_gmt":"2025-02-20T14:20:10","guid":{"rendered":"https:\/\/orheifm.live\/index.php\/2025\/02\/20\/vacanta-de-primavara-in-2024-2025-incepe-pe-3-martie-si-dureaza-pana-pe-9-martie\/"},"modified":"2025-02-20T16:20:10","modified_gmt":"2025-02-20T14:20:10","slug":"vacanta-de-primavara-in-2024-2025-incepe-pe-3-martie-si-dureaza-pana-pe-9-martie","status":"publish","type":"post","link":"https:\/\/orheifm.live\/index.php\/2025\/02\/20\/vacanta-de-primavara-in-2024-2025-incepe-pe-3-martie-si-dureaza-pana-pe-9-martie\/","title":{"rendered":"Vacan\u021ba de prim\u0103var\u0103 \u00een 2024\/2025 \u00eencepe pe 3 martie \u0219i dureaz\u0103 p\u00e2n\u0103 pe 9 martie"},"content":{"rendered":"<div>\n<p><strong>Potrivit structurii anului \u0219colar 2024\/2025, aprobat\u0103 de Ministerul Educa\u021biei \u0219i Cercet\u0103rii (MEC), vacan\u021ba de prim\u0103var\u0103 va \u00eencepe pe 3 martie \u0219i se va \u00eencheia pe 9 martie, inclusiv.<\/strong><\/p>\n<p>Av\u00e2nd \u00een vedere c\u0103 vacan\u021ba va fi mai lung\u0103 dec\u00e2t \u00een anii anteriori, elevii vor recupera ziua de luni, 3 martie, pe 15 martie.<\/p>\n<p>De asemenea, elevii vor beneficia \u0219i de vacan\u021ba de Pa\u0219te, care va avea loc \u00eentre 19 \u0219i 28 aprilie 2025.<\/p>\n<\/div>\n","protected":false},"excerpt":{"rendered":"<div><img loading=\"lazy\" decoding=\"async\" width=\"696\" height=\"464\" src=\"https:\/\/canal5.md\/wp-content\/uploads\/2025\/02\/a88807c96133bb89bfedb3912e7591f3-1024x683-optimized.jpg\" class=\"attachment-large size-large wp-post-image\" alt=\"\" srcset=\"https:\/\/canal5.md\/wp-content\/uploads\/2025\/02\/a88807c96133bb89bfedb3912e7591f3-1024x683-optimized.jpg 1024w, https:\/\/canal5.md\/wp-content\/uploads\/2025\/02\/a88807c96133bb89bfedb3912e7591f3-300x200-optimized.jpg 300w, https:\/\/canal5.md\/wp-content\/uploads\/2025\/02\/a88807c96133bb89bfedb3912e7591f3-768x512-optimized.jpg 768w, https:\/\/canal5.md\/wp-content\/uploads\/2025\/02\/a88807c96133bb89bfedb3912e7591f3-696x464-optimized.jpg 696w, https:\/\/canal5.md\/wp-content\/uploads\/2025\/02\/a88807c96133bb89bfedb3912e7591f3-1068x712-optimized.jpg 1068w, https:\/\/canal5.md\/wp-content\/uploads\/2025\/02\/a88807c96133bb89bfedb3912e7591f3-optimized.jpg 1200w\">Potrivit structurii anului \u0219colar 2024\/2025, aprobat\u0103 de Ministerul Educa\u021biei \u0219i Cercet\u0103rii (MEC), vacan\u021ba de prim\u0103var\u0103 va \u00eencepe pe 3 martie \u0219i se va \u00eencheia pe 9 martie, inclusiv. Av\u00e2nd \u00een vedere c\u0103 vacan\u021ba va fi mai lung\u0103 dec\u00e2t \u00een anii anteriori, elevii vor recupera ziua de luni, 3 martie, pe 15 martie. De asemenea, elevii [\u2026]<\/div>\n","protected":false},"author":1,"featured_media":67536,"comment_status":"closed","ping_status":"closed","sticky":false,"template":"","format":"standard","meta":{"jnews-multi-image_gallery":[],"jnews_single_post":[],"jnews_primary_category":[],"jnews_social_meta":[],"jnews_override_counter":[],"footnotes":""},"categories":[30],"tags":[],"class_list":["post-67535","post","type-post","status-publish","format-standard","has-post-thumbnail","hentry","category-social_ro"],"_links":{"self":[{"href":"https:\/\/orheifm.live\/index.php\/wp-json\/wp\/v2\/posts\/67535","targetHints":{"allow":["GET"]}}],"collection":[{"href":"https:\/\/orheifm.live\/index.php\/wp-json\/wp\/v2\/posts"}],"about":[{"href":"https:\/\/orheifm.live\/index.php\/wp-json\/wp\/v2\/types\/post"}],"author":[{"embeddable":true,"href":"https:\/\/orheifm.live\/index.php\/wp-json\/wp\/v2\/users\/1"}],"replies":[{"embeddable":true,"href":"https:\/\/orheifm.live\/index.php\/wp-json\/wp\/v2\/comments?post=67535"}],"version-history":[{"count":0,"href":"https:\/\/orheifm.live\/index.php\/wp-json\/wp\/v2\/posts\/67535\/revisions"}],"wp:featuredmedia":[{"embeddable":true,"href":"https:\/\/orheifm.live\/index.php\/wp-json\/wp\/v2\/media\/67536"}],"wp:attachment":[{"href":"https:\/\/orheifm.live\/index.php\/wp-json\/wp\/v2\/media?parent=67535"}],"wp:term":[{"taxonomy":"category","embeddable":true,"href":"https:\/\/orheifm.live\/index.php\/wp-json\/wp\/v2\/categories?post=67535"},{"taxonomy":"post_tag","embeddable":true,"href":"https:\/\/orheifm.live\/index.php\/wp-json\/wp\/v2\/tags?post=67535"}],"curies":[{"name":"wp","href":"https:\/\/api.w.org\/{rel}","templated":true}]}}