{"id":67533,"date":"2025-02-20T16:00:42","date_gmt":"2025-02-20T14:00:42","guid":{"rendered":"https:\/\/orheifm.live\/index.php\/2025\/02\/20\/investitii-de-23-milioane-de-euro-in-gradinite-pentru-crese-destinate-copiilor-de-pana-la-2-ani\/"},"modified":"2025-02-20T16:00:42","modified_gmt":"2025-02-20T14:00:42","slug":"investitii-de-23-milioane-de-euro-in-gradinite-pentru-crese-destinate-copiilor-de-pana-la-2-ani","status":"publish","type":"post","link":"https:\/\/orheifm.live\/index.php\/2025\/02\/20\/investitii-de-23-milioane-de-euro-in-gradinite-pentru-crese-destinate-copiilor-de-pana-la-2-ani\/","title":{"rendered":"Investi\u021bii de 2,3 milioane de euro \u00een gr\u0103dini\u021be pentru cre\u0219e destinate copiilor de p\u00e2n\u0103 la 2 ani"},"content":{"rendered":"<div>\n<p><strong>P\u0103rin\u021bii cu copii mici vor avea mai multe op\u021biuni pentru \u00eengrijirea celor mici, datorit\u0103 unui proiect care vizeaz\u0103 deschiderea unor grupe de cre\u0219\u0103 \u00een 15 gr\u0103dini\u021be, pentru copii de p\u00e2n\u0103 la 2 ani. <\/strong><\/p>\n<p>Aceste gr\u0103dini\u021be vor beneficia de investi\u021bii de 2,3 milioane de euro, care vor include lucr\u0103ri de renovare extinse, dotarea cu mobilier nou, juc\u0103rii \u0219i materiale didactice, precum \u0219i amenajarea unor terenuri de joac\u0103. Proiectul este implementat de Ministerul Educa\u021biei \u0219i Cercet\u0103rii \u0219i face parte din ini\u021biativa \u201e\u00cembun\u0103t\u0103\u021birea Calit\u0103\u021bii Educa\u021biei\u201d, realizat\u0103 \u00een parteneriat cu Oficiul Na\u021bional de Dezvoltare Regional\u0103 \u0219i Local\u0103.<\/p>\n<p>De asemenea, patru gr\u0103dini\u021be, inclusiv din S\u00eengerei, B\u0103l\u021bi \u0219i R\u00ee\u0219cani, au fost deja vizitate de un grup de ingineri \u0219i proiectan\u021bi. Acest proiect \u00ee\u0219i propune s\u0103 creasc\u0103 accesul la educa\u021bia timpurie \u0219i s\u0103 sprijine p\u0103rin\u021bii care se \u00eentorc la munc\u0103 dup\u0103 concediul de \u00eengrijire a copilului.<\/p>\n<\/div>\n","protected":false},"excerpt":{"rendered":"<div><img loading=\"lazy\" decoding=\"async\" width=\"696\" height=\"458\" src=\"https:\/\/canal5.md\/wp-content\/uploads\/2025\/02\/799011-optimized.webp\" class=\"attachment-large size-large wp-post-image\" alt=\"\" srcset=\"https:\/\/canal5.md\/wp-content\/uploads\/2025\/02\/799011-optimized.webp 760w, https:\/\/canal5.md\/wp-content\/uploads\/2025\/02\/799011-300x197-optimized.webp 300w, https:\/\/canal5.md\/wp-content\/uploads\/2025\/02\/799011-696x458-optimized.webp 696w\">P\u0103rin\u021bii cu copii mici vor avea mai multe op\u021biuni pentru \u00eengrijirea celor mici, datorit\u0103 unui proiect care vizeaz\u0103 deschiderea unor grupe de cre\u0219\u0103 \u00een 15 gr\u0103dini\u021be, pentru copii de p\u00e2n\u0103 la 2 ani. Aceste gr\u0103dini\u021be vor beneficia de investi\u021bii de 2,3 milioane de euro, care vor include lucr\u0103ri de renovare extinse, dotarea cu mobilier nou, [\u2026]<\/div>\n","protected":false},"author":1,"featured_media":67534,"comment_status":"closed","ping_status":"closed","sticky":false,"template":"","format":"standard","meta":{"jnews-multi-image_gallery":[],"jnews_single_post":[],"jnews_primary_category":[],"jnews_social_meta":[],"jnews_override_counter":[],"footnotes":""},"categories":[30],"tags":[],"class_list":["post-67533","post","type-post","status-publish","format-standard","has-post-thumbnail","hentry","category-social_ro"],"_links":{"self":[{"href":"https:\/\/orheifm.live\/index.php\/wp-json\/wp\/v2\/posts\/67533","targetHints":{"allow":["GET"]}}],"collection":[{"href":"https:\/\/orheifm.live\/index.php\/wp-json\/wp\/v2\/posts"}],"about":[{"href":"https:\/\/orheifm.live\/index.php\/wp-json\/wp\/v2\/types\/post"}],"author":[{"embeddable":true,"href":"https:\/\/orheifm.live\/index.php\/wp-json\/wp\/v2\/users\/1"}],"replies":[{"embeddable":true,"href":"https:\/\/orheifm.live\/index.php\/wp-json\/wp\/v2\/comments?post=67533"}],"version-history":[{"count":0,"href":"https:\/\/orheifm.live\/index.php\/wp-json\/wp\/v2\/posts\/67533\/revisions"}],"wp:featuredmedia":[{"embeddable":true,"href":"https:\/\/orheifm.live\/index.php\/wp-json\/wp\/v2\/media\/67534"}],"wp:attachment":[{"href":"https:\/\/orheifm.live\/index.php\/wp-json\/wp\/v2\/media?parent=67533"}],"wp:term":[{"taxonomy":"category","embeddable":true,"href":"https:\/\/orheifm.live\/index.php\/wp-json\/wp\/v2\/categories?post=67533"},{"taxonomy":"post_tag","embeddable":true,"href":"https:\/\/orheifm.live\/index.php\/wp-json\/wp\/v2\/tags?post=67533"}],"curies":[{"name":"wp","href":"https:\/\/api.w.org\/{rel}","templated":true}]}}