{"id":67531,"date":"2025-02-20T15:40:05","date_gmt":"2025-02-20T13:40:05","guid":{"rendered":"https:\/\/orheifm.live\/index.php\/2025\/02\/20\/cod-portocaliu-in-turcia-zboruri-anulate-intre-20-si-21-februarie-din-cauza-ninsorilor-puternice\/"},"modified":"2025-02-20T15:40:05","modified_gmt":"2025-02-20T13:40:05","slug":"cod-portocaliu-in-turcia-zboruri-anulate-intre-20-si-21-februarie-din-cauza-ninsorilor-puternice","status":"publish","type":"post","link":"https:\/\/orheifm.live\/index.php\/2025\/02\/20\/cod-portocaliu-in-turcia-zboruri-anulate-intre-20-si-21-februarie-din-cauza-ninsorilor-puternice\/","title":{"rendered":"Cod Portocaliu \u00een Turcia: Zboruri anulate \u00eentre 20 \u0219i 21 februarie din cauza ninsorilor puternice"},"content":{"rendered":"<div>\n<p><strong>Aten\u021bionare pentru moldovenii care inten\u021bioneaz\u0103 s\u0103 c\u0103l\u0103toreasc\u0103 \u00een Turcia: \u00eentre 20 \u0219i 21 februarie, sute de zboruri din \u0219i spre Istanbul vor fi anulate din cauza avertiz\u0103rii meteo.<\/strong><\/p>\n<p>Autorit\u0103\u021bile din Turcia au emis un Cod Portocaliu pentru ninsori puternice \u0219i furtuni de z\u0103pad\u0103. Mai multe companii aeriene au informat deja pasagerii despre anul\u0103rile de zboruri, iar c\u0103l\u0103torii sunt sf\u0103tui\u021bi s\u0103 verifice informa\u021biile actualizate la operatori, pe tabelele online sau la centrele de apeluri.<\/p>\n<p>Pentru miercuri \u0219i joi sunt prognozate lapovi\u021b\u0103, iar vineri se a\u0219teapt\u0103 ninsori abundente, cu acumul\u0103ri de p\u00e2n\u0103 la 40 de centimetri de z\u0103pad\u0103.<\/p>\n<p>\u00a0<\/p>\n<\/div>\n","protected":false},"excerpt":{"rendered":"<div><img loading=\"lazy\" decoding=\"async\" width=\"696\" height=\"458\" src=\"https:\/\/canal5.md\/wp-content\/uploads\/2025\/02\/799016-optimized.webp\" class=\"attachment-large size-large wp-post-image\" alt=\"\" srcset=\"https:\/\/canal5.md\/wp-content\/uploads\/2025\/02\/799016-optimized.webp 760w, https:\/\/canal5.md\/wp-content\/uploads\/2025\/02\/799016-300x197-optimized.webp 300w, https:\/\/canal5.md\/wp-content\/uploads\/2025\/02\/799016-696x458-optimized.webp 696w\">Aten\u021bionare pentru moldovenii care inten\u021bioneaz\u0103 s\u0103 c\u0103l\u0103toreasc\u0103 \u00een Turcia: \u00eentre 20 \u0219i 21 februarie, sute de zboruri din \u0219i spre Istanbul vor fi anulate din cauza avertiz\u0103rii meteo. Autorit\u0103\u021bile din Turcia au emis un Cod Portocaliu pentru ninsori puternice \u0219i furtuni de z\u0103pad\u0103. Mai multe companii aeriene au informat deja pasagerii despre anul\u0103rile de zboruri, [\u2026]<\/div>\n","protected":false},"author":1,"featured_media":67532,"comment_status":"closed","ping_status":"closed","sticky":false,"template":"","format":"standard","meta":{"jnews-multi-image_gallery":[],"jnews_single_post":[],"jnews_primary_category":[],"jnews_social_meta":[],"jnews_override_counter":[],"footnotes":""},"categories":[30],"tags":[],"class_list":["post-67531","post","type-post","status-publish","format-standard","has-post-thumbnail","hentry","category-social_ro"],"_links":{"self":[{"href":"https:\/\/orheifm.live\/index.php\/wp-json\/wp\/v2\/posts\/67531","targetHints":{"allow":["GET"]}}],"collection":[{"href":"https:\/\/orheifm.live\/index.php\/wp-json\/wp\/v2\/posts"}],"about":[{"href":"https:\/\/orheifm.live\/index.php\/wp-json\/wp\/v2\/types\/post"}],"author":[{"embeddable":true,"href":"https:\/\/orheifm.live\/index.php\/wp-json\/wp\/v2\/users\/1"}],"replies":[{"embeddable":true,"href":"https:\/\/orheifm.live\/index.php\/wp-json\/wp\/v2\/comments?post=67531"}],"version-history":[{"count":0,"href":"https:\/\/orheifm.live\/index.php\/wp-json\/wp\/v2\/posts\/67531\/revisions"}],"wp:featuredmedia":[{"embeddable":true,"href":"https:\/\/orheifm.live\/index.php\/wp-json\/wp\/v2\/media\/67532"}],"wp:attachment":[{"href":"https:\/\/orheifm.live\/index.php\/wp-json\/wp\/v2\/media?parent=67531"}],"wp:term":[{"taxonomy":"category","embeddable":true,"href":"https:\/\/orheifm.live\/index.php\/wp-json\/wp\/v2\/categories?post=67531"},{"taxonomy":"post_tag","embeddable":true,"href":"https:\/\/orheifm.live\/index.php\/wp-json\/wp\/v2\/tags?post=67531"}],"curies":[{"name":"wp","href":"https:\/\/api.w.org\/{rel}","templated":true}]}}