{"id":67523,"date":"2025-02-20T14:30:04","date_gmt":"2025-02-20T12:30:04","guid":{"rendered":"https:\/\/orheifm.live\/index.php\/2025\/02\/20\/marina-tauber-mae-a-renuntat-oficial-la-neutralitatea-moldovei-in-interesul-occidentului\/"},"modified":"2025-02-20T14:30:04","modified_gmt":"2025-02-20T12:30:04","slug":"marina-tauber-mae-a-renuntat-oficial-la-neutralitatea-moldovei-in-interesul-occidentului","status":"publish","type":"post","link":"https:\/\/orheifm.live\/index.php\/2025\/02\/20\/marina-tauber-mae-a-renuntat-oficial-la-neutralitatea-moldovei-in-interesul-occidentului\/","title":{"rendered":"Marina Tauber: \u201eMAE a renun\u021bat oficial la neutralitatea Moldovei \u00een interesul Occidentului\u201d"},"content":{"rendered":"<div>\n<p><strong>\u00a0Ministerul Afacerilor Externe a renun\u021bat oficial la neutralitatea Moldovei, de\u0219i aceasta este consfin\u021bit\u0103 \u00een documentul fundamental al \u021b\u0103rii ca o norm\u0103 constitu\u021bional\u0103. Despre aceasta a scris deputatul Blocului \u201dVictorie\u201d, Marina Tauber pe canalul s\u0103u de Telegram, f\u0103c\u00e2nd referire la o hot\u0103r\u00e2re a Comisiei Electorale Centrale \u00een care MAE afirm\u0103 c\u0103 neutralitatea nu este recunoscut\u0103 de institu\u021biile interna\u021bionale \u0219i c\u0103 Moldova nu a semnat Conven\u021bia de la Haga.<\/strong><br \/>\n<iframe loading=\"lazy\" title=\"YouTube video player\" src=\"https:\/\/www.youtube.com\/embed\/u8gJvWgeT1E?si=IMZaGdR0UhIC8unW\" width=\"560\" height=\"315\" frameborder=\"0\" allowfullscreen=\"allowfullscreen\"><\/iframe><br \/>\nAstfel, Tauber precizeaz\u0103 c\u0103, aceasta este \u00eenc\u0103 o confirmare a faptului c\u0103 ministerul, aflat sub control, ac\u021bioneaz\u0103 \u00een interesul Occidentului, nu \u00een interesul cet\u0103\u021benilor moldoveni.<\/p>\n<p>Afirma\u021biile MAE au fost criticate \u0219i de pre\u0219edintele Partidului \u201d\u0218ansa\u201d, Alexei Lungu.<\/p>\n<p>Ministerul Afacerilor Externe a renun\u021bat oficial la neutralitatea Moldovei, de\u0219i aceasta este consfin\u021bit\u0103 \u00een documentul fundamental al \u021b\u0103rii ca o norm\u0103 constitu\u021bional\u0103. Despre aceasta a scris deputatul Blocului \u201dVictorie\u201d, Marina Tauber pe canalul s\u0103u de Telegram, f\u0103c\u00e2nd referire la o hot\u0103r\u00e2re a Comisiei Electorale Centrale \u00een care MAE afirm\u0103 c\u0103 neutralitatea nu este recunoscut\u0103 de institu\u021biile interna\u021bionale \u0219i c\u0103 Moldova nu a semnat Conven\u021bia de la Haga.<\/p>\n<p>Astfel, Tauber precizeaz\u0103 c\u0103, aceasta este \u00eenc\u0103 o confirmare a faptului c\u0103 ministerul, aflat sub control, ac\u021bioneaz\u0103 \u00een interesul Occidentului, nu \u00een interesul cet\u0103\u021benilor moldoveni.<\/p>\n<p>Afirma\u021biile MAE au fost criticate \u0219i de pre\u0219edintele Partidului \u201d\u0218ansa\u201d, Alexei Lungu.<br \/>\nF\u0103c\u00e2nd referire la hot\u0103r\u00e2rea CEC, cu privire la cererea de \u00eenregistrare a grupului de ini\u021biativ\u0103 pentru sus\u021binerea desf\u0103\u0219ur\u0103rii referendumului republican consultativ, \u00een care Ministerul Afacerilor Externe a informat despre faptul c\u0103 Republica Moldova nu este semnatar al Conven\u021biei de la Haga privind drepturile \u0219i \u00eendatoririle puterilor \u0219i persoanelor neutre \u00een caz de r\u0103zboi terestru \u0219i al Conven\u021biei de la Haga privind drepturile \u0219i \u00eendatoririle puterilor neutre \u00een caz de r\u0103zboi maritim, deputatul Blocului \u201dVictorie\u201d,<br \/>\nMarina Tauber a scris pe canalul s\u0103u de telegram c\u0103 prin asta MAE- ul nostru a renun\u021bat oficial la neutralitatea Moldovei, de\u0219i aceasta este consfin\u021bit\u0103 \u00een documentul fundamental al \u021b\u0103rii ca o norm\u0103 constitu\u021bional\u0103.<\/p>\n<p>\u201d\u00cen motivarea sa oficial\u0103, ministerul sus\u021bine c\u0103 neutralitatea amenin\u021b\u0103 capacitatea de ap\u0103rare a \u021b\u0103rii \u0219i rela\u021biile interna\u021bionale. Citim printre r\u00e2nduri: st\u0103p\u00e2nii no\u0219tri occidentali vor fi nemul\u021bumi\u021bi dac\u0103 nu vom dori s\u0103 ne autodistrugem \u00een focul r\u0103zboiului declan\u0219at de ace\u0219tia.<\/p>\n<p>\u00cenc\u0103 o confirmare a faptului c\u0103 MAE-ul aflat sub control ac\u021bioneaz\u0103 \u00een interesul Occidentului, nu \u00een interesul cet\u0103\u021benilor moldoveni \u2013 institu\u021bia subliniaz\u0103 c\u0103 neutralitatea, de\u0219i e prev\u0103zut\u0103 \u00een Constitu\u021bie, nu este consemnat\u0103 de institu\u021biile interna\u021bionale, nu a fost semnat\u0103 la Haga.<\/p>\n<p>Este clar pentru orice om adecvat c\u0103 aceasta este o declara\u021bie na\u021bional\u0103 intern\u0103. Ce leg\u0103tur\u0103 are Haga cu aceasta? E treaba noastr\u0103. Nu Haga sau Bruxellesul trebuie s\u0103 decid\u0103, ci cet\u0103\u021benii Moldovei\u201d ,\u00a0 a scris deputatul.<\/p>\n<p>MARINA TAUBER, deputat Blocul \u201dVictorie\u201d<\/p>\n<p>\u201d\u00cen motivarea sa oficial\u0103, ministerul sus\u021bine c\u0103 neutralitatea amenin\u021b\u0103 capacitatea de ap\u0103rare a \u021b\u0103rii \u0219i rela\u021biile interna\u021bionale. Citim printre r\u00e2nduri: st\u0103p\u00e2nii no\u0219tri occidentali vor fi nemul\u021bumi\u021bi dac\u0103 nu vom dori s\u0103 ne autodistrugem \u00een focul r\u0103zboiului declan\u0219at de ace\u0219tia.<\/p>\n<p>\u00cenc\u0103 o confirmare a faptului c\u0103 MAE-ul aflat sub control ac\u021bioneaz\u0103 \u00een interesul Occidentului, nu \u00een interesul cet\u0103\u021benilor moldoveni \u2013 institu\u021bia subliniaz\u0103 c\u0103 neutralitatea, de\u0219i e prev\u0103zut\u0103 \u00een Constitu\u021bie, nu este consemnat\u0103 de institu\u021biile interna\u021bionale, nu a fost semnat\u0103 la Haga. Este clar pentru orice om adecvat c\u0103 aceasta este o declara\u021bie na\u021bional\u0103 intern\u0103. Ce leg\u0103tur\u0103 are Haga cu aceasta? E treaba noastr\u0103. Nu Haga sau Bruxellesul trebuie s\u0103 decid\u0103, ci cet\u0103\u021benii Moldovei\u201d.<\/p>\n<p>Totodat\u0103, Tauber a atras aten\u021bia asupra modului \u00een care actualul Minister al Afacerilor Externe interpreteaz\u0103 statutul de neutralitate.<\/p>\n<p>\u201d\u00cen opinia sa, recunoa\u0219terea interna\u021bional\u0103 a neutralit\u0103\u021bii contravine obliga\u021biei de a nu participa la conflicte armate.<\/p>\n<p>Formuleaz\u0103 curios \u2014 cic\u0103 acest lucru duce la ambiguitate \u00een politica extern\u0103 a statului. \u00cen plus, neutralitatea \u00een \u00een\u021belegerea MAE nu ofer\u0103 protec\u021bie absolut\u0103 \u00een cazul unui conflict militar \u0219i nu \u00eempiedic\u0103 Moldova s\u0103 participe la opera\u021biunile de men\u021binere a p\u0103cii sub egida ONU.<\/p>\n<p>Adic\u0103 ni se spune direct \u2014 noi preg\u0103tim \u021bara pentru r\u0103zboi, statutul vostru de neutralitate ne \u00eencurc\u0103, iar cu Constitu\u021bia voastr\u0103 nu putem dec\u00e2t s\u0103 ne \u0219tergem.<br \/>\nDeclar c\u0103 MAE nu este doar incompetent, ci ac\u021bioneaz\u0103 premeditat \u00een detrimentul Moldovei. Politica sa este d\u0103un\u0103toare pentru \u021bara noastr\u0103, ac\u021bioneaz\u0103 \u00een interesul unor ter\u021bi\u201d, a mai scris Marina Tauber.<\/p>\n<p>MARINA TAUBER, deputat Blocul \u201dVictorie\u201d<\/p>\n<p>\u201d\u00cen opinia sa, recunoa\u0219terea interna\u021bional\u0103 a neutralit\u0103\u021bii contravine obliga\u021biei de a nu participa la conflicte armate. Formuleaz\u0103 curios \u2013 cic\u0103 acest lucru duce la ambiguitate \u00een politica extern\u0103 a statului. \u00cen plus, neutralitatea \u00een \u00een\u021belegerea MAE nu ofer\u0103 protec\u021bie absolut\u0103 \u00een cazul unui conflict militar \u0219i nu \u00eempiedic\u0103 Moldova s\u0103 participe la opera\u021biunile de men\u021binere a p\u0103cii sub egida ONU.<\/p>\n<p>Adic\u0103 ni se spune direct \u2013 noi preg\u0103tim \u021bara pentru r\u0103zboi, statutul vostru de neutralitate ne \u00eencurc\u0103, iar cu Constitu\u021bia voastr\u0103 nu putem dec\u00e2t s\u0103 ne \u0219tergem. Declar c\u0103 MAE nu este doar incompetent, ci ac\u021bioneaz\u0103 premeditat \u00een detrimentul Moldovei. Politica sa este d\u0103un\u0103toare pentru \u021bara noastr\u0103, ac\u021bioneaz\u0103 \u00een interesul unor ter\u021bi\u201d.<\/p>\n<p>Documentul CEC, \u00een care Ministerul Afacerilor Externe a anun\u021bat despre faptul c\u0103 Moldova nu a semnat Conven\u021biei de la Haga, a fost criticat \u0219i de c\u0103tre pre\u0219edintele Partidului \u201d\u0218ansa\u201d, Alexei Lungu.<\/p>\n<p>Acesta a scris pe pagina sa de Telegram c\u0103, diploma\u021bia moldoveneasc\u0103 este un mare prieten al Occidentului \u0219i primul du\u0219man al propriului popor.\u00a0 \u201d\u0218i nu e doar o fraz\u0103 pe h\u00e2rtie, ci fundamentul securit\u0103\u021bii \u0219i independen\u021bei \u021b\u0103rii. \u00cen acest context, \u201eMinisterul Afacerilor Externe\u201d arat\u0103 mai degrab\u0103 ca un simptom al unei degrad\u0103ri politice profunde, dec\u00e2t ca un ap\u0103r\u0103tor al intereselor na\u021bionale. MAE sus\u021bine c\u0103 neutralitatea ar sl\u0103bi capacitatea de ap\u0103rare \u0219i ar \u00eempiedica diploma\u021bia.<\/p>\n<p>Tradus pe \u00een\u021belesul tuturor: tutorii din exterior nu sunt mul\u021bumi\u021bi c\u0103 Moldova refuz\u0103 s\u0103 devin\u0103 carne de tun \u00een r\u0103zboaiele altora. \u201eMinisterul afacerilor murdare\u201d afirm\u0103 c\u0103 neutralitatea nu este recunoscut\u0103 de institu\u021biile interna\u021bionale \u0219i c\u0103 Moldova nu a semnat Conven\u021bia de la Haga.<\/p>\n<p>Dar oare pentru a ne proteja suveranitatea avem nevoie de permisiunea cuiva? Acesta este dreptul poporului, nu al Bruxelles- ului sau Washingtonului. Esen\u021ba neutralit\u0103\u021bii este tocmai aceea de a ne \u021bine \u021bara departe de conflicte militare. Sau deja s-a luat o decizie \u00een spatele u\u0219ilor \u00eenchise, iar nou\u0103 doar au uitat s\u0103 ne spun\u0103\u201d, s-a \u00eentrebat Lungu.<\/p>\n<p>La fel, politicianul a mai scris c\u0103, cit\u0103m: \u201do astfel de crim\u0103 precum c\u0103lcarea \u00een picioare a Legii Supreme \u0219i tr\u0103darea de Patrie, se pedepsesc. Nu de justi\u021bia controlat\u0103 de regim, care \u00eei va m\u00e2ng\u00e2ia pe cap pe vinova\u021bi, ci de o justi\u021bie cinstit\u0103, dreapt\u0103 \u0219i incoruptibil\u0103\u201d.<\/p>\n<p>Men\u021bion\u0103m c\u0103 potrivit tuturor sondajelor de opinie, un num\u0103r cople\u0219itor de locuitori ai Moldovei sus\u021bin p\u0103strarea neutralit\u0103\u021bii, rela\u021bii prietenoase cu toate \u021b\u0103rile, inclusiv cu Rusia, \u0219i sunt categoric \u00eempotriva ader\u0103rii la NATO \u0219i \u00eenarm\u0103rii \u021b\u0103rii.<\/p>\n<p>ALEXEI LUNGU, pre\u0219edintele Partidului \u201d\u0218ansa\u201d<\/p>\n<p>\u201d\u0218i nu e doar o fraz\u0103 pe h\u00e2rtie, ci fundamentul securit\u0103\u021bii \u0219i independen\u021bei \u021b\u0103rii. \u00cen acest context, \u201eMinisterul Afacerilor Externe\u201d arat\u0103 mai degrab\u0103 ca un simptom al unei degrad\u0103ri politice profunde, dec\u00e2t ca un ap\u0103r\u0103tor al intereselor na\u021bionale. MAE sus\u021bine c\u0103 neutralitatea ar sl\u0103bi capacitatea de ap\u0103rare \u0219i ar \u00eempiedica diploma\u021bia. Tradus pe \u00een\u021belesul tuturor: tutorii din exterior nu sunt mul\u021bumi\u021bi c\u0103 Moldova refuz\u0103 s\u0103 devin\u0103 carne de tun \u00een r\u0103zboaiele altora.<\/p>\n<p>\u201eMinisterul afacerilor murdare\u201d afirm\u0103 c\u0103 neutralitatea nu este recunoscut\u0103 de institu\u021biile interna\u021bionale \u0219i c\u0103 Moldova nu a semnat Conven\u021bia de la Haga. Dar oare pentru a ne proteja suveranitatea avem nevoie de permisiunea cuiva? Acesta este dreptul poporului, nu al Bruxelles-ului sau Washingtonului.<\/p>\n<p>Esen\u021ba neutralit\u0103\u021bii este tocmai aceea de a ne \u021bine \u021bara departe de conflicte militare. Sau deja s-a luat o decizie \u00een spatele u\u0219ilor \u00eenchise, iar nou\u0103 doar au uitat s\u0103 ne spun\u0103\u201d.<\/p>\n<\/div>\n","protected":false},"excerpt":{"rendered":"<div><img decoding=\"async\" width=\"696\" height=\"464\" src=\"https:\/\/canal5.md\/wp-content\/uploads\/2024\/12\/tauber2211-optimized.jpg\" class=\"attachment-large size-large wp-post-image\" alt=\"\" loading=\"lazy\" srcset=\"https:\/\/canal5.md\/wp-content\/uploads\/2024\/12\/tauber2211-optimized.jpg 799w, https:\/\/canal5.md\/wp-content\/uploads\/2024\/12\/tauber2211-300x200-optimized.jpg 300w, https:\/\/canal5.md\/wp-content\/uploads\/2024\/12\/tauber2211-768x512-optimized.jpg 768w, https:\/\/canal5.md\/wp-content\/uploads\/2024\/12\/tauber2211-696x464-optimized.jpg 696w\">\u00a0Ministerul Afacerilor Externe a renun\u021bat oficial la neutralitatea Moldovei, de\u0219i aceasta este consfin\u021bit\u0103 \u00een documentul fundamental al \u021b\u0103rii ca o norm\u0103 constitu\u021bional\u0103. Despre aceasta a scris deputatul Blocului \u201dVictorie\u201d, Marina Tauber pe canalul s\u0103u de Telegram, f\u0103c\u00e2nd referire la o hot\u0103r\u00e2re a Comisiei Electorale Centrale \u00een care MAE afirm\u0103 c\u0103 neutralitatea nu este recunoscut\u0103 de [\u2026]<\/div>\n","protected":false},"author":1,"featured_media":67524,"comment_status":"closed","ping_status":"closed","sticky":false,"template":"","format":"standard","meta":{"jnews-multi-image_gallery":[],"jnews_single_post":[],"jnews_primary_category":[],"jnews_social_meta":[],"jnews_override_counter":[],"footnotes":""},"categories":[23],"tags":[],"class_list":["post-67523","post","type-post","status-publish","format-standard","has-post-thumbnail","hentry","category-politica_ro"],"_links":{"self":[{"href":"https:\/\/orheifm.live\/index.php\/wp-json\/wp\/v2\/posts\/67523","targetHints":{"allow":["GET"]}}],"collection":[{"href":"https:\/\/orheifm.live\/index.php\/wp-json\/wp\/v2\/posts"}],"about":[{"href":"https:\/\/orheifm.live\/index.php\/wp-json\/wp\/v2\/types\/post"}],"author":[{"embeddable":true,"href":"https:\/\/orheifm.live\/index.php\/wp-json\/wp\/v2\/users\/1"}],"replies":[{"embeddable":true,"href":"https:\/\/orheifm.live\/index.php\/wp-json\/wp\/v2\/comments?post=67523"}],"version-history":[{"count":0,"href":"https:\/\/orheifm.live\/index.php\/wp-json\/wp\/v2\/posts\/67523\/revisions"}],"wp:featuredmedia":[{"embeddable":true,"href":"https:\/\/orheifm.live\/index.php\/wp-json\/wp\/v2\/media\/67524"}],"wp:attachment":[{"href":"https:\/\/orheifm.live\/index.php\/wp-json\/wp\/v2\/media?parent=67523"}],"wp:term":[{"taxonomy":"category","embeddable":true,"href":"https:\/\/orheifm.live\/index.php\/wp-json\/wp\/v2\/categories?post=67523"},{"taxonomy":"post_tag","embeddable":true,"href":"https:\/\/orheifm.live\/index.php\/wp-json\/wp\/v2\/tags?post=67523"}],"curies":[{"name":"wp","href":"https:\/\/api.w.org\/{rel}","templated":true}]}}