{"id":67519,"date":"2025-02-20T14:00:56","date_gmt":"2025-02-20T12:00:56","guid":{"rendered":"https:\/\/orheifm.live\/index.php\/2025\/02\/20\/primele-de-asigurare-medicala-pentru-studentii-care-invata-peste-hotare-platite-din-bugetul-de-stat\/"},"modified":"2025-02-20T14:00:56","modified_gmt":"2025-02-20T12:00:56","slug":"primele-de-asigurare-medicala-pentru-studentii-care-invata-peste-hotare-platite-din-bugetul-de-stat","status":"publish","type":"post","link":"https:\/\/orheifm.live\/index.php\/2025\/02\/20\/primele-de-asigurare-medicala-pentru-studentii-care-invata-peste-hotare-platite-din-bugetul-de-stat\/","title":{"rendered":"Primele de asigurare medical\u0103 pentru studen\u021bii care \u00eenva\u021b\u0103 peste hotare, pl\u0103tite din bugetul de stat"},"content":{"rendered":"<div>\n<p><strong>Primele de asigurare obligatorie de asisten\u021b\u0103 medical\u0103 pentru elevii \u0219i studen\u021bii care \u00eenva\u021b\u0103 cu frecven\u021b\u0103 la zi \u00een afacerea sunt pl\u0103tite din bugetul de stat, cu excep\u021bia celor care trebuie s\u0103 se asigure individual conform legii. <\/strong><\/p>\n<p>Tinerii trebuie s\u0103 depun\u0103 cererea \u0219i documentele justificative (adeverin\u021ba de la facultate \u0219i alte acte care dovedesc statutul de student) la Sec\u021bia rela\u021bii cu beneficiarii a CNAM.<\/p>\n<p>Asigurarea se acord\u0103 de la \u00eenceputul anului de studii \u0219i poate fi prelungit\u0103 \u00een cazul promov\u0103rii.<\/p>\n<\/div>\n","protected":false},"excerpt":{"rendered":"<div><img loading=\"lazy\" decoding=\"async\" width=\"696\" height=\"393\" src=\"https:\/\/canal5.md\/wp-content\/uploads\/2025\/02\/d9265d97519076455e86fc0e2de64007-optimized.jpg\" class=\"attachment-large size-large wp-post-image\" alt=\"\" srcset=\"https:\/\/canal5.md\/wp-content\/uploads\/2025\/02\/d9265d97519076455e86fc0e2de64007-optimized.jpg 748w, https:\/\/canal5.md\/wp-content\/uploads\/2025\/02\/d9265d97519076455e86fc0e2de64007-300x169-optimized.jpg 300w, https:\/\/canal5.md\/wp-content\/uploads\/2025\/02\/d9265d97519076455e86fc0e2de64007-696x393-optimized.jpg 696w\">Primele de asigurare obligatorie de asisten\u021b\u0103 medical\u0103 pentru elevii \u0219i studen\u021bii care \u00eenva\u021b\u0103 cu frecven\u021b\u0103 la zi \u00een afacerea sunt pl\u0103tite din bugetul de stat, cu excep\u021bia celor care trebuie s\u0103 se asigure individual conform legii. Tinerii trebuie s\u0103 depun\u0103 cererea \u0219i documentele justificative (adeverin\u021ba de la facultate \u0219i alte acte care dovedesc statutul de [\u2026]<\/div>\n","protected":false},"author":1,"featured_media":67520,"comment_status":"closed","ping_status":"closed","sticky":false,"template":"","format":"standard","meta":{"jnews-multi-image_gallery":[],"jnews_single_post":[],"jnews_primary_category":[],"jnews_social_meta":[],"jnews_override_counter":[],"footnotes":""},"categories":[30],"tags":[],"class_list":["post-67519","post","type-post","status-publish","format-standard","has-post-thumbnail","hentry","category-social_ro"],"_links":{"self":[{"href":"https:\/\/orheifm.live\/index.php\/wp-json\/wp\/v2\/posts\/67519","targetHints":{"allow":["GET"]}}],"collection":[{"href":"https:\/\/orheifm.live\/index.php\/wp-json\/wp\/v2\/posts"}],"about":[{"href":"https:\/\/orheifm.live\/index.php\/wp-json\/wp\/v2\/types\/post"}],"author":[{"embeddable":true,"href":"https:\/\/orheifm.live\/index.php\/wp-json\/wp\/v2\/users\/1"}],"replies":[{"embeddable":true,"href":"https:\/\/orheifm.live\/index.php\/wp-json\/wp\/v2\/comments?post=67519"}],"version-history":[{"count":0,"href":"https:\/\/orheifm.live\/index.php\/wp-json\/wp\/v2\/posts\/67519\/revisions"}],"wp:featuredmedia":[{"embeddable":true,"href":"https:\/\/orheifm.live\/index.php\/wp-json\/wp\/v2\/media\/67520"}],"wp:attachment":[{"href":"https:\/\/orheifm.live\/index.php\/wp-json\/wp\/v2\/media?parent=67519"}],"wp:term":[{"taxonomy":"category","embeddable":true,"href":"https:\/\/orheifm.live\/index.php\/wp-json\/wp\/v2\/categories?post=67519"},{"taxonomy":"post_tag","embeddable":true,"href":"https:\/\/orheifm.live\/index.php\/wp-json\/wp\/v2\/tags?post=67519"}],"curies":[{"name":"wp","href":"https:\/\/api.w.org\/{rel}","templated":true}]}}